{"id":392902,"date":"2026-02-12T08:57:12","date_gmt":"2026-02-12T08:57:12","guid":{"rendered":"https:\/\/www.europesays.com\/es\/392902\/"},"modified":"2026-02-12T08:57:12","modified_gmt":"2026-02-12T08:57:12","slug":"elettra-marconi-se-puede-confiar-mas-en-la-radio-que-en-cualquier-otro-medio","status":"publish","type":"post","link":"https:\/\/www.europesays.com\/es\/392902\/","title":{"rendered":"Elettra Marconi: Se puede confiar m\u00e1s en la radio que en cualquier otro medio"},"content":{"rendered":"<p>\u00abTodo mi amor y gratitud\u00bb. Este es el abrazo de la princesa Elettra Marconi en el 95.\u00ba aniversario de Radio Vaticano, construida e inaugurada por su padre Guillermo el 12 de febrero de 1931, por invitaci\u00f3n del Papa P\u00edo XI. En la era de la inteligencia artificial, reitera: \u00abPodr\u00eda ser positivo, pero necesita control\u00bb.<\/p>\n<p>Massimiliano Menichetti<\/p>\n<p>Es un encuentro extraordinario con la princesa Elettra Marconi, no s\u00f3lo porque es en su apartamento de Via Condotti, lleno de recuerdos, desde donde su padre Guillermo, con solo pulsar un bot\u00f3n, ilumin\u00f3 la estatua del Cristo Redentor en R\u00edo de Janeiro el 12 de octubre de 1931, sino tambi\u00e9n por la fuerza y \u200b\u200bel amor de una hija que dedic\u00f3 toda su vida a difundir, con un amor sin l\u00edmites, el pensamiento de uno de los m\u00e1s grandes cient\u00edficos de todos los tiempos.\u00a0\u00a0<\/p>\n<p><b>Princesa, usted siempre ha sido una gran defensora de Radio Vaticano. \u00bfQu\u00e9 significa para usted el 95.\u00ba aniversario de la radio pontificia?<\/b><\/p>\n<p>Es una fecha muy importante, porque fue un momento muy hermoso y emotivo en la vida de mi padre. Ten\u00eda una gran fe en Dios y tambi\u00e9n una gran admiraci\u00f3n y amistad por el Santo Padre, el Papa P\u00edo XI. Siempre cont\u00f3 con el apoyo del Papa en Italia, porque, al conocerlo&#8230; El Papa tambi\u00e9n ten\u00eda ideas de investigaci\u00f3n y segu\u00eda los inventos, quer\u00eda conocer los detalles, y lo llamaba porque quer\u00eda conocer las innovaciones que hab\u00eda creado.<\/p>\n<p>    <img decoding=\"async\" src=\"data:image\/gif;base64,R0lGODlhAQABAIAAAAAAAP\/\/\/yH5BAEAAAAALAAAAAABAAEAAAIBRAA7\" data-original=\"https:\/\/www.vaticannews.va\/content\/dam\/vaticannews\/multimedia\/2026\/02\/12\/Intervista-Elettra-Marconi_2026.02.12_3.jpg\/_jcr_content\/renditions\/cq5dam.thumbnail.cropped.750.422.jpeg\" alt=\" Un momento de la entrevista con la Princesa Elettra Marconi\" title=\" Un momento de la entrevista con la Princesa Elettra Marconi\"\/><\/p>\n<p>\n    Un momento de la entrevista con la Princesa Elettra Marconi\n  <\/p>\n<p><b>Guglielmo Marconi dise\u00f1\u00f3 y construy\u00f3 la Radio Vaticano, inaugurada en 1931. \u00bfQu\u00e9 dijo de aquella experiencia?<\/b><\/p>\n<p>Todo se centr\u00f3 en la importancia de Radio Vaticano y, gracias a Dios, existe esa hermosa pel\u00edcula Luce (del Instituto Luce), que retrata a mi padre present\u00e1ndola, despu\u00e9s de haber llegado, por supuesto, a un acuerdo con el Papa para construir esta emisora, que tiene un gran impacto mundial, y poder presentar al Papa al mundo. Porque en sus hermosas palabras \u2014pueden verlas en video en la pel\u00edcula Luce\u2014, es una presentaci\u00f3n maravillosa: qu\u00e9 consciente, qu\u00e9 conmovido est\u00e1 mi padre\u2026 Y c\u00f3mo le responde el Papa: las maravillosas e inteligent\u00edsimas palabras de P\u00edo XI. Mi padre hizo un trabajo\u2026 El periodo m\u00e1s largo que permaneci\u00f3 en Roma, porque se quedaba solo unos meses. Siempre estaba viajando: iba a Londres, a Nueva York\u2026 Y fue realmente excepcional.<\/p>\n<p>Y lo recuerdo, porque despu\u00e9s, cada vez que volv\u00edamos, siempre habl\u00e1bamos de la estancia m\u00e1s larga en Roma, porque \u00e9l segu\u00eda e iba al Vaticano todos los d\u00edas, y el Papa tambi\u00e9n iba a los jardines del Vaticano todos los d\u00edas para verlo: ah\u00ed est\u00e1 la pel\u00edcula y las fotograf\u00edas maravillosas. Entonces llamaron a una avenida: \u00abVia Guglielmo Marconi\u00bb. Una fotograf\u00eda de Su Santidad, el Papa P\u00edo XI, caminando a su lado, por la \u00abVia Guglielmo Marconi\u00bb.<\/p>\n<p>    <img decoding=\"async\" src=\"data:image\/gif;base64,R0lGODlhAQABAIAAAAAAAP\/\/\/yH5BAEAAAAALAAAAAABAAEAAAIBRAA7\" data-original=\"https:\/\/www.vaticannews.va\/content\/dam\/vaticannews\/multimedia\/2026\/02\/12\/Intervista-Elettra-Marconi_2026.02.12_6.jpg\/_jcr_content\/renditions\/cq5dam.thumbnail.cropped.750.422.jpeg\" alt=\"Elettra Marconi de ni\u00f1a, en el centro, entre su padre y su madre.\" title=\"Elettra Marconi de ni\u00f1a, en el centro, entre su padre y su madre.\"\/><\/p>\n<p>\n   Elettra Marconi de ni\u00f1a, en el centro, entre su padre y su madre.\n  <\/p>\n<p><b>Princesa, usted dedic\u00f3 su vida a difundir el conocimiento sobre su padre. \u00bfQu\u00e9 signific\u00f3 eso para usted?<\/b><\/p>\n<p>Para m\u00ed era un deber, y tambi\u00e9n la mayor alegr\u00eda, quer\u00eda ir a todos los pa\u00edses a agradecerles la acogida que me hab\u00edan dado, las maravillosas palabras, la gratitud que me demostraban por el invento de mi padre.<\/p>\n<p>Y he estado, precisamente, no solo en Brasil, muchas veces \u2014\u00a1que es un pa\u00eds que adoro!\u2014, en Australia nueve veces; en Am\u00e9rica, por supuesto, muchas veces, porque cruz\u00f3 el Atl\u00e1ntico por mar, siempre por mar, 87 veces. Y luego, claro, \u00a1ahora hay aviones&#8230;! As\u00ed que China, Jap\u00f3n, la isla de Taiw\u00e1n&#8230;<\/p>\n<p><b>En resumen, una aventura dentro de la aventura \u2026<\/b><\/p>\n<p>Una aventura, y tambi\u00e9n quer\u00eda llevar a Guillermo, mi hijo, porque quer\u00eda que supiera cu\u00e1nto admiraban a mi padre, su abuelo, porque mi padre uni\u00f3 a todos los pa\u00edses del mundo con la radio.<\/p>\n<p><b>La radio celebra su 95.\u00ba aniversario el 12 de febrero, y el 13 de febrero la UNESCO ha designado el D\u00eda Mundial de la Radio, un d\u00eda dedicado a la radio en todo el mundo. Este a\u00f1o, el tema es la inteligencia artificial. El lema dice: \u00abLa inteligencia artificial es una herramienta, no una voz\u00bb. Princesa, \u00bfqu\u00e9 opinas de la inteligencia artificial hoy?<\/b><\/p>\n<p>Pienso que podr\u00eda ser positivo, pero hay que controlarlo, y utilizar bien estos medios de comunicaci\u00f3n.<\/p>\n<p><b>\u00bfQu\u00e9 mensaje le gustar\u00eda dirigir a quienes trabajan en Radio Vaticano hoy, en un tiempo de gran transformaci\u00f3n tecnol\u00f3gica?<\/b><\/p>\n<p>Les env\u00edo todo mi amor y gratitud. Y que trabajen como yo trabaj\u00e9 para recordar a mi padre y respetarlo.<\/p>\n<p><b>Princesa, \u00bfcu\u00e1l es tu deseo de cumplea\u00f1os para Radio Vaticano?<\/b><\/p>\n<p>Espero que tambi\u00e9n se muestre al p\u00fablico, que se hable de ella&#8230; S\u00ed, me gustar\u00eda poder conocerlos y cont\u00e1rselo, pero quiz\u00e1 sea esta la mejor manera: comunicarlo a trav\u00e9s de la radio.<\/p>\n<p>Ojal\u00e1 que incluso los j\u00f3venes crezcan con el ejemplo de mi padre. Porque \u00e9l sent\u00eda una gran pasi\u00f3n por las ondas el\u00e9ctricas, por todo lo que pueden hacer.<\/p>\n<p><b>\u00bfPodemos confiar en la radio?<\/b><\/p>\n<p>S\u00ed, m\u00e1s en la radio que cualquier otra cosa. Las noticias llegan de verdad&#8230; \u00a1son muy importantes!<\/p>\n<p><b>Princesa, \u00bfquiere a\u00f1adir algo m\u00e1s, alg\u00fan pensamiento personal suyo?<\/b><\/p>\n<p>Tengo una gran fe en Dios y, por supuesto, amo mucho a mi pr\u00f3jimo, y me gustar\u00eda que hubiera paz mental. \u00a1Les deseo lo mejor!<\/p>\n","protected":false},"excerpt":{"rendered":"\u00abTodo mi amor y gratitud\u00bb. Este es el abrazo de la princesa Elettra Marconi en el 95.\u00ba aniversario&hellip;\n","protected":false},"author":2,"featured_media":392903,"comment_status":"","ping_status":"","sticky":false,"template":"","format":"standard","meta":{"footnotes":""},"categories":[42],"tags":[9807,17,18,3141,13,14,11,61,62,63,64,19,20,2950,9,10,15,16,59502,12,21,22,403,65,66,67],"class_list":["post-392902","post","type-post","status-publish","format-standard","has-post-thumbnail","category-internacional","tag-aniversario","tag-breaking-news","tag-breakingnews","tag-entrevista","tag-featured-news","tag-featurednews","tag-headlines","tag-internacional","tag-international","tag-international-news","tag-internationalnews","tag-latest-news","tag-latestnews","tag-medios-de-comunicacion","tag-news","tag-noticias","tag-noticias-destacadas","tag-noticiasdestacadas","tag-radio-vaticano","tag-titulares","tag-ultimas-noticias","tag-ultimasnoticias","tag-vaticano","tag-world","tag-world-news","tag-worldnews"],"share_on_mastodon":{"url":"https:\/\/pubeurope.com\/@es\/116056833749293489","error":""},"_links":{"self":[{"href":"https:\/\/www.europesays.com\/es\/wp-json\/wp\/v2\/posts\/392902","targetHints":{"allow":["GET"]}}],"collection":[{"href":"https:\/\/www.europesays.com\/es\/wp-json\/wp\/v2\/posts"}],"about":[{"href":"https:\/\/www.europesays.com\/es\/wp-json\/wp\/v2\/types\/post"}],"author":[{"embeddable":true,"href":"https:\/\/www.europesays.com\/es\/wp-json\/wp\/v2\/users\/2"}],"replies":[{"embeddable":true,"href":"https:\/\/www.europesays.com\/es\/wp-json\/wp\/v2\/comments?post=392902"}],"version-history":[{"count":0,"href":"https:\/\/www.europesays.com\/es\/wp-json\/wp\/v2\/posts\/392902\/revisions"}],"wp:featuredmedia":[{"embeddable":true,"href":"https:\/\/www.europesays.com\/es\/wp-json\/wp\/v2\/media\/392903"}],"wp:attachment":[{"href":"https:\/\/www.europesays.com\/es\/wp-json\/wp\/v2\/media?parent=392902"}],"wp:term":[{"taxonomy":"category","embeddable":true,"href":"https:\/\/www.europesays.com\/es\/wp-json\/wp\/v2\/categories?post=392902"},{"taxonomy":"post_tag","embeddable":true,"href":"https:\/\/www.europesays.com\/es\/wp-json\/wp\/v2\/tags?post=392902"}],"curies":[{"name":"wp","href":"https:\/\/api.w.org\/{rel}","templated":true}]}}