{"id":39312,"date":"2025-08-11T01:30:10","date_gmt":"2025-08-11T01:30:10","guid":{"rendered":"https:\/\/www.europesays.com\/es\/39312\/"},"modified":"2025-08-11T01:30:10","modified_gmt":"2025-08-11T01:30:10","slug":"la-biologia-explica-por-que-envejecemos-de-golpe-a-los-44-y-a-los-60-anos-en-espana","status":"publish","type":"post","link":"https:\/\/www.europesays.com\/es\/39312\/","title":{"rendered":"la biolog\u00eda explica por qu\u00e9 envejecemos de golpe a los 44 y a los 60 a\u00f1os en Espa\u00f1a"},"content":{"rendered":"<p class=\"paragraph\" id=\"paragraph_1\">Siempre hemos cre\u00eddo que el envejecimiento es un proceso lento y progresivo, casi como si los a\u00f1os nos fueran apagando poco a poco, de forma inexorable.<\/p>\n<p class=\"paragraph\" id=\"paragraph_2\">As\u00ed lo recogen manuales y revisiones m\u00e9dicas recientes, que <a href=\"https:\/\/www.scitechnol.com\/peer-review\/biological-aging-is-the-slow-and-progressive-alterations-in-physical-function-G1ey.php?article_id=27122\" rel=\"nofollow noopener\" target=\"_blank\">siguen definiendo<\/a> el envejecimiento biol\u00f3gico, en su modo m\u00e1s simple, como \u201calteraciones lentas y progresivas de la funci\u00f3n f\u00edsica que empiezan en la madurez y concluyen con la muerte\u201d.<\/p>\n<p class=\"paragraph\" id=\"paragraph_3\">Aunque esta imagen del tiempo \u2013o la met\u00e1fora de un goteo constante de p\u00e9rdidas\u2013 sigue dominando nuestra forma de entender la vejez, estudios recientes revelan que no envejecemos en l\u00ednea recta, sino a saltos, con momentos precisos en los que, de pronto, todo cambia.<\/p>\n<p><img loading=\"lazy\" decoding=\"async\" alt=\"John Scharffenberg.\" height=\"180\" src=\"https:\/\/www.europesays.com\/es\/wp-content\/uploads\/2025\/08\/1003743774682_255901066_320x180.jpg\" width=\"320\" data-lazy-status=\"processed\" data-lazy-info=\"remove loading item 1\"\/><\/p>\n<p class=\"paragraph\" id=\"paragraph_4\">Esta hip\u00f3tesis desaf\u00eda d\u00e9cadas de modelos lineales y abre la puerta a una nueva manera de entender los cambios biol\u00f3gicos asociados al tiempo.<\/p>\n<p>Lo que revela el laboratorio<\/p>\n<p class=\"paragraph\" id=\"paragraph_5\">La nueva visi\u00f3n del envejecimiento a saltos se apoya en un <a href=\"https:\/\/www.nature.com\/articles\/s43587-024-00692-2\" rel=\"nofollow noopener\" target=\"_blank\">trabajo publicado en 2024<\/a> en la prestigiosa revista Nature Aging. Durante varios a\u00f1os, los investigadores siguieron de cerca la evoluci\u00f3n molecular de m\u00e1s de un centenar de personas adultas, analizando hasta 135 000 mol\u00e9culas distintas de cada voluntario. Se trata del mayor estudio longitudinal <a href=\"https:\/\/es.wikipedia.org\/wiki\/Multi%C3%B3mica\" rel=\"nofollow noopener\" target=\"_blank\">multi\u00f3mico<\/a> realizado hasta ahora sobre envejecimiento humano.<\/p>\n<p class=\"paragraph\" id=\"paragraph_6\">Lejos de encontrarse con un continuo suave de transformaciones, observaron un patr\u00f3n interesante: casi todos los grandes cambios bioqu\u00edmicos que acompa\u00f1an al envejecimiento se concentran en dos momentos concretos de la vida adulta, aproximadamente a los 44 y a los 60 a\u00f1os.<\/p>\n<p class=\"paragraph\" id=\"paragraph_7\">En otras palabras, nuestras mol\u00e9culas \u2013y por tanto, nuestras c\u00e9lulas y \u00f3rganos\u2013 parecen mantenerse estables hasta que, en condiciones normales, se producen transformaciones profundas y sincronizadas en muchos sistemas corporales.<\/p>\n<p class=\"paragraph\" id=\"paragraph_8\">Lo notable es que estos picos no se deben a un \u00fanico tipo de mol\u00e9cula, sino que afectan a prote\u00ednas, metabolitos, l\u00edpidos, citoquinas, factores hormonales e incluso patrones epigen\u00e9ticos, todos a la vez.<\/p>\n<p class=\"paragraph\" id=\"paragraph_9\">Esto da respaldo biol\u00f3gico a la sensaci\u00f3n tan extendida de que, en ciertos momentos, uno \u201cse hace mayor de repente\u201d y nota un baj\u00f3n f\u00edsico o mental de golpe.<\/p>\n<p>Hacerse mayor de repente<\/p>\n<p class=\"paragraph\" id=\"paragraph_10\">Esta idea no es completamente nueva. En 2019, ya <a href=\"https:\/\/www.nature.com\/articles\/s41591-019-0673-2\" rel=\"nofollow noopener\" target=\"_blank\">se hab\u00eda publicado<\/a> en Nature Medicine un extenso an\u00e1lisis de prote\u00ednas en sangre que se\u00f1alaba tres grandes \u201cpicos\u201d de envejecimiento fisiol\u00f3gico: a los 34, los 60 y los 78 a\u00f1os.<\/p>\n<p class=\"paragraph\" id=\"paragraph_11\">Sin embargo, <a href=\"https:\/\/www.nature.com\/articles\/s43587-024-00692-2\" rel=\"nofollow noopener\" target=\"_blank\">el nuevo estudio<\/a> realizado en 2024 es m\u00e1s completo al analizar otros tipos de mol\u00e9culas, adem\u00e1s de prote\u00ednas. Con ello se ha logrado precisar los dos saltos m\u00e1s intensos que ya se hab\u00edan se\u00f1alado anteriormente: uno en la mitad de la vida adulta, alrededor de los 44 a\u00f1os, y otro posterior, en torno a los 60.<\/p>\n<p class=\"paragraph\" id=\"paragraph_12\">Al analizar muchas m\u00e1s mol\u00e9culas y tipos diferentes, este trabajo se centra en los dos saltos donde los cambios son m\u00e1s globales en el organismo, aunque no descarta que pueda haber otros m\u00e1s adelante.<\/p>\n<p>\u00bfQu\u00e9 ocurre en estos saltos?<\/p>\n<p class=\"paragraph\" id=\"paragraph_13\">En el primer salto, que suele llegar antes de los cincuenta, se desencadena una cascada de cambios en el metabolismo de grasas, se alteran las v\u00edas de procesamiento del alcohol y la cafe\u00edna, y se modifican prote\u00ednas fundamentales para el coraz\u00f3n, los m\u00fasculos y la piel.<\/p>\n<p class=\"paragraph\" id=\"paragraph_14\">Cuando llega el segundo, cerca de los 60 a\u00f1os, se acelera el deterioro de funciones inmunitarias y renales, se altera el metabolismo de la glucosa y aumentan los procesos celulares vinculados al envejecimiento y al riesgo de enfermedades cr\u00f3nicas.<\/p>\n<p class=\"paragraph\" id=\"paragraph_15\">Por eso, muchas personas notan que de pronto les cuesta m\u00e1s recuperarse tras un esfuerzo, o que aumentan las \u201cpeque\u00f1as molestias\u201d de un a\u00f1o para otro.<\/p>\n<p class=\"paragraph\" id=\"paragraph_16\">Estos saltos no distinguen entre hombres y mujeres, ni dependen del contexto reproductivo, como la menopausia. Aunque se observa cierta variabilidad entre individuos en el momento y la intensidad de los cambios, los patrones generales parecen responder a mecanismos comunes de la biolog\u00eda humana.<\/p>\n<p>Las causas moleculares<\/p>\n<p class=\"paragraph\" id=\"paragraph_17\">Si bien a\u00fan no se conoce con exactitud el porqu\u00e9 de los saltos, s\u00ed se han detectado algunos de los mecanismos implicados. Una de las hip\u00f3tesis m\u00e1s estudiadas propone que, al alcanzar cierto umbral de c\u00e9lulas envejecidas, podr\u00eda desencadenarse una reacci\u00f3n en cadena que acelere el deterioro de los tejidos.<\/p>\n<p class=\"paragraph\" id=\"paragraph_18\">Adem\u00e1s, la <a href=\"https:\/\/www.genome.gov\/es\/genetics-glossary\/Epigenetica\" rel=\"nofollow noopener\" target=\"_blank\">epigen\u00e9tica<\/a> \u2013las \u201cmarcas\u201d que regulan a los genes\u2013 tambi\u00e9n sufre reconfiguraciones masivas en esos periodos, lo que provoca la activaci\u00f3n o inactivaci\u00f3n de cientos de genes de golpe.<\/p>\n<p class=\"paragraph\" id=\"paragraph_19\">Por \u00faltimo, en esos momentos cr\u00edticos se detectan alteraciones coordinadas en mol\u00e9culas clave del metabolismo energ\u00e9tico, como <a href=\"https:\/\/es.wikipedia.org\/wiki\/Nicotinamida_adenina_dinucle%C3%B3tido\" rel=\"nofollow noopener\" target=\"_blank\">NAD\u207a<\/a>, <a href=\"https:\/\/ods.od.nih.gov\/factsheets\/Carnitine-DatosEnEspanol\/\" rel=\"nofollow noopener\" target=\"_blank\">carnitinas<\/a> y \u00e1cidos grasos. Estos cambios sugieren una posible disfunci\u00f3n mitocondrial, ya que las mitocondrias son los org\u00e1nulos encargados de producir la mayor parte de la energ\u00eda celular y participan en m\u00faltiples procesos de envejecimiento.<\/p>\n<p class=\"paragraph\" id=\"paragraph_20\">Todo esto, que puede sonar abstracto o lejano, tiene implicaciones muy concretas en nuestra vida diaria.<\/p>\n<p>Implicaciones pr\u00e1cticas<\/p>\n<p class=\"paragraph\" id=\"paragraph_21\">El impacto pr\u00e1ctico es enorme. Por un lado, ofrece una explicaci\u00f3n convincente a esa sensaci\u00f3n que tantos expresamos que \u201cde repente me siento mayor\u201d.<\/p>\n<p class=\"paragraph\" id=\"paragraph_22\">Por otro, se\u00f1ala que esos momentos cr\u00edticos pueden ser ventanas de oportunidad para intervenir y prevenir. Si sabemos que nuestros sistemas biol\u00f3gicos van a someterse pronto a un gran cambio, podr\u00edamos anticiparnos cuidando m\u00e1s la salud metab\u00f3lica, cardiovascular o inmunitaria justo antes y durante esos periodos clave.<\/p>\n<p>Mirando al futuro<\/p>\n<p class=\"paragraph\" id=\"paragraph_23\">Aunque a\u00fan quedan muchas cuestiones abiertas, como si ser\u00e1 posible identificar las causas y mecanismos detallados del tercer salto alrededor de los 78 a\u00f1os que suger\u00eda el estudio de 2019, lo cierto es que el conocimiento de estos patrones nos permite mirar el envejecimiento con otros ojos.<\/p>\n<p><img decoding=\"async\" alt=\"EricTopol_2023S-embed\" height=\"180\" loading=\"lazy\" width=\"320\" data-lazy-status=\"processed\" id=\"27c70b1cd7\" src=\"https:\/\/www.elespanol.com\/ciencia\/salud\/20250811\/dieta-ejercicio-biologia-explica-envejecemos-golpe-anos-espana\/[\" https:=\"\" data-lazy-info=\"changed src\"\/><\/p>\n<p class=\"paragraph\" id=\"paragraph_24\">A medida que se ampl\u00eden los estudios longitudinales y se integren m\u00e1s capas de an\u00e1lisis molecular, podr\u00edamos incluso anticipar con precisi\u00f3n cu\u00e1ndo est\u00e1 a punto de producirse un salto biol\u00f3gico individual.<\/p>\n<p class=\"paragraph\" id=\"paragraph_25\">Con todo, ya sabemos que nuestra vida no es solo una lenta cuesta abajo, sino una serie de etapas estables, interrumpidas por momentos de cambio profundo. As\u00ed, el secreto de envejecer mejor podr\u00eda estar en prepararse para saltar cuando llegue el momento de hacerlo.<\/p>\n<p class=\"paragraph\" id=\"paragraph_26\">Y es que, como cantan Celtas Cortos, \u201ca veces llega un momento en que te haces viejo de repente\u201d.<\/p>\n<p><img loading=\"lazy\" decoding=\"async\" alt=\"The Conversation\" height=\"1\" referrerpolicy=\"no-referrer-when-downgrade\" src=\"https:\/\/www.europesays.com\/es\/wp-content\/uploads\/2025\/08\/1754875810_182_count.gif\" style=\"border: none !important; box-shadow: none !important; margin: 0 !important; max-height: 1px !important; max-width: 1px !important; min-height: 1px !important; min-width: 1px !important; opacity: 0 !important; outline: none !important; padding: 0 !important\" width=\"1\"\/><\/p>\n<p class=\"paragraph\" id=\"paragraph_27\">* Francisco Jos\u00e9 Esteban Ruiz es profesor titular de Biolog\u00eda Celular, Universidad de Ja\u00e9n.<\/p>\n<p class=\"paragraph\" id=\"paragraph_28\">* Este art\u00edculo se public\u00f3 originalmente en <a href=\"https:\/\/theconversation.com\/la-biologia-explica-por-que-nos-hacemos-mayores-de-repente-a-los-44-y-a-los-60-anos-262399\" rel=\"nofollow noopener\" target=\"_blank\">The Conversation<\/a>.<\/p>\n","protected":false},"excerpt":{"rendered":"Siempre hemos cre\u00eddo que el envejecimiento es un proceso lento y progresivo, casi como si los a\u00f1os nos&hellip;\n","protected":false},"author":2,"featured_media":39313,"comment_status":"","ping_status":"","sticky":false,"template":"","format":"standard","meta":{"footnotes":""},"categories":[92],"tags":[640,25,24,165,19199,166,23],"class_list":{"0":"post-39312","1":"post","2":"type-post","3":"status-publish","4":"format-standard","5":"has-post-thumbnail","7":"category-salud","8":"tag-biologia","9":"tag-es","10":"tag-espana","11":"tag-health","12":"tag-longevidad","13":"tag-salud","14":"tag-spain"},"share_on_mastodon":{"url":"","error":""},"_links":{"self":[{"href":"https:\/\/www.europesays.com\/es\/wp-json\/wp\/v2\/posts\/39312","targetHints":{"allow":["GET"]}}],"collection":[{"href":"https:\/\/www.europesays.com\/es\/wp-json\/wp\/v2\/posts"}],"about":[{"href":"https:\/\/www.europesays.com\/es\/wp-json\/wp\/v2\/types\/post"}],"author":[{"embeddable":true,"href":"https:\/\/www.europesays.com\/es\/wp-json\/wp\/v2\/users\/2"}],"replies":[{"embeddable":true,"href":"https:\/\/www.europesays.com\/es\/wp-json\/wp\/v2\/comments?post=39312"}],"version-history":[{"count":0,"href":"https:\/\/www.europesays.com\/es\/wp-json\/wp\/v2\/posts\/39312\/revisions"}],"wp:featuredmedia":[{"embeddable":true,"href":"https:\/\/www.europesays.com\/es\/wp-json\/wp\/v2\/media\/39313"}],"wp:attachment":[{"href":"https:\/\/www.europesays.com\/es\/wp-json\/wp\/v2\/media?parent=39312"}],"wp:term":[{"taxonomy":"category","embeddable":true,"href":"https:\/\/www.europesays.com\/es\/wp-json\/wp\/v2\/categories?post=39312"},{"taxonomy":"post_tag","embeddable":true,"href":"https:\/\/www.europesays.com\/es\/wp-json\/wp\/v2\/tags?post=39312"}],"curies":[{"name":"wp","href":"https:\/\/api.w.org\/{rel}","templated":true}]}}