{"id":393122,"date":"2026-02-12T11:37:10","date_gmt":"2026-02-12T11:37:10","guid":{"rendered":"https:\/\/www.europesays.com\/es\/393122\/"},"modified":"2026-02-12T11:37:10","modified_gmt":"2026-02-12T11:37:10","slug":"maxima-certificacion-en-el-indice-de-buen-gobierno-corporativo-de-2026","status":"publish","type":"post","link":"https:\/\/www.europesays.com\/es\/393122\/","title":{"rendered":"M\u00e1xima certificaci\u00f3n en el \u00cdndice de Buen Gobierno Corporativo de 2026"},"content":{"rendered":"<p> 12-02-2026    <\/p>\n<p>ABANCA ha obtenido la certificaci\u00f3n del \u00cdndice de Buen Gobierno Corporativo (IBGC) de AENOR con el nivel G++, la m\u00e1xima calificaci\u00f3n posible. Este logro respalda el nivel de excelencia del modelo de gobernanza de ABANCA, igualando sus est\u00e1ndares de gesti\u00f3n con las mejores pr\u00e1cticas de las principales entidades cotizadas del pa\u00eds.<\/p>\n<p>El certificado emitido por AENOR avala ante el mercado y los grupos de inter\u00e9s de ABANCA la madurez y eficacia de sus mecanismos de gobernanza y control interno. La evaluaci\u00f3n ha analizado de forma exhaustiva el grado de cumplimiento del banco en materia de buen gobierno a partir de indicadores y criterios relacionados con la composici\u00f3n y el funcionamiento del consejo de administraci\u00f3n y de sus comisiones, la junta de accionistas, los sistemas de cumplimiento normativo o la transparencia. Como resultado de estas m\u00e9tricas, ABANCA ha obtenido el nivel de certificaci\u00f3n m\u00e1s alto de la escala.<\/p>\n<p>La obtenci\u00f3n de la certificaci\u00f3n IBGC de AENOR es fruto del esfuerzo y el empe\u00f1o de ABANCA por cumplir, de forma voluntaria y proactiva, con las mejores pr\u00e1cticas internacionales en gesti\u00f3n y supervisi\u00f3n, unos est\u00e1ndares que, en gran parte, \u00fanicamente son exigibles o recomendables para las sociedades que cotizan en el mercado de valores.<\/p>\n<p>Pese a no estar obligada, la entidad publica voluntariamente en sus informes de gesti\u00f3n, como buena pr\u00e1ctica de transparencia, el grado de seguimiento de las recomendaciones del C\u00f3digo de Buen Gobierno de las Sociedades Cotizadas, verificado por un experto independiente. Desde 2020, el banco cumple -total o parcialmente- con el 100% de las recomendaciones que le son aplicables, a\u00fan no siendo una entidad cotizada.<\/p>\n","protected":false},"excerpt":{"rendered":"12-02-2026 ABANCA ha obtenido la certificaci\u00f3n del \u00cdndice de Buen Gobierno Corporativo (IBGC) de AENOR con el nivel&hellip;\n","protected":false},"author":2,"featured_media":9082,"comment_status":"","ping_status":"","sticky":false,"template":"","format":"standard","meta":{"footnotes":""},"categories":[80],"tags":[6857,5436,82,34835,46400,95,94,25,24,582,6659,3684,23],"class_list":["post-393122","post","type-post","status-publish","format-standard","has-post-thumbnail","category-economia","tag-abanca","tag-buen","tag-business","tag-calificacion","tag-corporativo","tag-economia","tag-economy","tag-es","tag-espana","tag-gobierno","tag-maxima","tag-recibe","tag-spain"],"share_on_mastodon":{"url":"https:\/\/pubeurope.com\/@es\/116057463009884273","error":""},"_links":{"self":[{"href":"https:\/\/www.europesays.com\/es\/wp-json\/wp\/v2\/posts\/393122","targetHints":{"allow":["GET"]}}],"collection":[{"href":"https:\/\/www.europesays.com\/es\/wp-json\/wp\/v2\/posts"}],"about":[{"href":"https:\/\/www.europesays.com\/es\/wp-json\/wp\/v2\/types\/post"}],"author":[{"embeddable":true,"href":"https:\/\/www.europesays.com\/es\/wp-json\/wp\/v2\/users\/2"}],"replies":[{"embeddable":true,"href":"https:\/\/www.europesays.com\/es\/wp-json\/wp\/v2\/comments?post=393122"}],"version-history":[{"count":0,"href":"https:\/\/www.europesays.com\/es\/wp-json\/wp\/v2\/posts\/393122\/revisions"}],"wp:featuredmedia":[{"embeddable":true,"href":"https:\/\/www.europesays.com\/es\/wp-json\/wp\/v2\/media\/9082"}],"wp:attachment":[{"href":"https:\/\/www.europesays.com\/es\/wp-json\/wp\/v2\/media?parent=393122"}],"wp:term":[{"taxonomy":"category","embeddable":true,"href":"https:\/\/www.europesays.com\/es\/wp-json\/wp\/v2\/categories?post=393122"},{"taxonomy":"post_tag","embeddable":true,"href":"https:\/\/www.europesays.com\/es\/wp-json\/wp\/v2\/tags?post=393122"}],"curies":[{"name":"wp","href":"https:\/\/api.w.org\/{rel}","templated":true}]}}