{"id":39326,"date":"2025-08-11T01:38:18","date_gmt":"2025-08-11T01:38:18","guid":{"rendered":"https:\/\/www.europesays.com\/es\/39326\/"},"modified":"2025-08-11T01:38:18","modified_gmt":"2025-08-11T01:38:18","slug":"repaso-a-casi-dos-siglos-de-vida-de-la-plaza-de-toros-mas-antigua-de-guadalajara-nuevaalcarria","status":"publish","type":"post","link":"https:\/\/www.europesays.com\/es\/39326\/","title":{"rendered":"Repaso a casi dos siglos de vida de la plaza de toros m\u00e1s antigua de Guadalajara | NuevaAlcarria"},"content":{"rendered":"<p>&#13;<\/p>\n<p data-end=\"578\" data-start=\"219\">En pleno coraz\u00f3n del barrio del Albaic\u00edn, junto a un antiguo pozo de nieve, se alza desde hace 170 a\u00f1os la plaza de toros de Pastrana, un espacio que ha sido mucho m\u00e1s que un simple recinto taurino para la villa. Esta plaza, considerada la m\u00e1s antigua \u201cespecializada\u201d de la provincia de Guadalajara, forma parte esencial del patrimonio y la identidad local.<\/p>\n<p><a href=\"https:\/\/ad.doubleclick.net\/ddm\/trackclk\/N5132.645338NUEVAALCARRIA.COM2\/B33926070.426609501;dc_trk_aid=619103394;dc_trk_cid=239307489;dc_lat=;dc_rdid=;tag_for_child_directed_treatment=;tfua=;gdpr=${GDPR};gdpr_consent=${GDPR_CONSENT_755};ltd=;dc_tdv=1\" rel=\"nofollow noopener\" target=\"_blank\">&#13;<br \/>\n&#13;<br \/>\n<img decoding=\"async\" src=\"https:\/\/www.europesays.com\/es\/wp-content\/uploads\/2025\/08\/1754876297_560_JCCM CONTRA AGRESIONES SEXUALES DEL 4 AL 17AGOST Y 25 AL 31 AGOST.gif\"\/>&#13;<br \/>\n<\/a>&#13;<br \/>\n&#13;<br \/>\n<img loading=\"lazy\" decoding=\"async\" src=\"https:\/\/www.europesays.com\/es\/wp-content\/uploads\/2025\/08\/B33926070.426609501;dc_trk_aid=619103394;dc_trk_cid=239307489;ord=[timestamp];dc_lat=;dc_rdid=;tag_f.gif\" attributionsrc=\"\" border=\"0\" height=\"1\" width=\"1\" alt=\"Advertisement\"\/><\/p>\n<p data-end=\"841\" data-start=\"580\">El alcalde, <strong data-end=\"608\" data-start=\"592\">Carlos Largo<\/strong>, resume\u00a0as\u00ed su valor:<\/p>\n<p data-end=\"841\" data-start=\"580\" style=\"text-align: center;\">\u201cPastrana tiene en su plaza de toros un tesoro patrimonial y cultural. Estos 170 a\u00f1os nos recuerdan que no solo hablamos de un lugar para el toreo, sino de un espacio de encuentro para generaciones enteras\u201d.<\/p>\n<p data-end=\"1136\" data-start=\"843\">Este legado hist\u00f3rico ha sido documentado de forma rigurosa por el historiador <strong data-end=\"946\" data-start=\"922\">Aurelio Garc\u00eda L\u00f3pez<\/strong> en su obra La plaza de Toros de Pastrana, un paseo por su historia, que recopila datos, an\u00e9cdotas y referencias esenciales para comprender la importancia cultural y social de este coso.<\/p>\n<p data-end=\"1515\" data-start=\"1138\">Construida entre <strong data-end=\"1170\" data-start=\"1155\">1854 y 1855<\/strong>, la plaza sustituy\u00f3 a los antiguos cosos provisionales que se levantaban en la Plaza del Mercado \u2014actual Plaza de la Hora\u2014 y que solo contaban con empalizadas de madera. La nueva construcci\u00f3n respondi\u00f3 a las exigencias de seguridad y comodidad propias de la \u00e9poca, consolid\u00e1ndose en el Amillaramiento urbano de <strong data-end=\"1490\" data-start=\"1482\">1863<\/strong> como \u201cPlaza de Toros\u201d.<\/p>\n<p data-end=\"1709\" data-start=\"1517\">A lo largo de su historia ha sufrido diversas remodelaciones, la m\u00e1s significativa en <strong data-end=\"1611\" data-start=\"1603\">1885<\/strong>, cuando tras reparar muros en peligro de derrumbe, fue reinaugurada oficialmente el 5 de junio.<\/p>\n<p data-end=\"1920\" data-start=\"1711\">Entre los episodios m\u00e1s destacados figura la actuaci\u00f3n ben\u00e9fica del torero pastranense <strong data-end=\"1825\" data-start=\"1798\">Juli\u00e1n Saiz \u201cSaleri II\u201d<\/strong> en <strong data-end=\"1837\" data-start=\"1829\">1920<\/strong>, que tore\u00f3 para ayudar a los pobres de Pastrana y de Romanones, su pueblo natal.<\/p>\n<p data-end=\"2394\" data-start=\"1922\">En tiempos recientes, el coso fue escenario de un homenaje muy sentido a <strong data-end=\"2011\" data-start=\"1995\">Iv\u00e1n Fandi\u00f1o<\/strong> en <strong data-end=\"2023\" data-start=\"2015\">2017<\/strong>, matador vinculado estrechamente a la villa y fallecido ese a\u00f1o tras una grave cornada en Francia. Antes de descubrir una placa en su memoria en el palco, la plaza guard\u00f3 un respetuoso minuto de silencio. En la inscripci\u00f3n se lee: \u201cLa villa de Pastrana en homenaje a Iv\u00e1n Fandi\u00f1o (1980-2017). Sacrificio, valor y verdad. Esta Plaza siempre mantendr\u00e1 vivo tu recuerdo\u201d.<\/p>\n<p data-end=\"2684\" data-start=\"2396\">Para el Ayuntamiento, conservar este espacio como un s\u00edmbolo vivo de Pastrana y Castilla-La Mancha es una prioridad, por lo que el aniversario forma parte de la programaci\u00f3n cultural y festiva con la intenci\u00f3n de mantener la plaza llena de vida y historia para las futuras generaciones.<\/p>\n<p>&#13;<\/p>\n","protected":false},"excerpt":{"rendered":"&#13; En pleno coraz\u00f3n del barrio del Albaic\u00edn, junto a un antiguo pozo de nieve, se alza desde&hellip;\n","protected":false},"author":2,"featured_media":39327,"comment_status":"","ping_status":"","sticky":false,"template":"","format":"standard","meta":{"footnotes":""},"categories":[277],"tags":[442,373,168,25,24,439,441,443,440,23,167,374,444],"class_list":{"0":"post-39326","1":"post","2":"type-post","3":"status-publish","4":"format-standard","5":"has-post-thumbnail","7":"category-toreo","8":"tag-actualidad-guadalajara","9":"tag-bullfighting","10":"tag-deportes","11":"tag-es","12":"tag-espana","13":"tag-guadalajara","14":"tag-informacion-guadalajara","15":"tag-noticias-guadalajara","16":"tag-nueva-alcarria","17":"tag-spain","18":"tag-sports","19":"tag-toreo","20":"tag-toros"},"share_on_mastodon":{"url":"","error":""},"_links":{"self":[{"href":"https:\/\/www.europesays.com\/es\/wp-json\/wp\/v2\/posts\/39326","targetHints":{"allow":["GET"]}}],"collection":[{"href":"https:\/\/www.europesays.com\/es\/wp-json\/wp\/v2\/posts"}],"about":[{"href":"https:\/\/www.europesays.com\/es\/wp-json\/wp\/v2\/types\/post"}],"author":[{"embeddable":true,"href":"https:\/\/www.europesays.com\/es\/wp-json\/wp\/v2\/users\/2"}],"replies":[{"embeddable":true,"href":"https:\/\/www.europesays.com\/es\/wp-json\/wp\/v2\/comments?post=39326"}],"version-history":[{"count":0,"href":"https:\/\/www.europesays.com\/es\/wp-json\/wp\/v2\/posts\/39326\/revisions"}],"wp:featuredmedia":[{"embeddable":true,"href":"https:\/\/www.europesays.com\/es\/wp-json\/wp\/v2\/media\/39327"}],"wp:attachment":[{"href":"https:\/\/www.europesays.com\/es\/wp-json\/wp\/v2\/media?parent=39326"}],"wp:term":[{"taxonomy":"category","embeddable":true,"href":"https:\/\/www.europesays.com\/es\/wp-json\/wp\/v2\/categories?post=39326"},{"taxonomy":"post_tag","embeddable":true,"href":"https:\/\/www.europesays.com\/es\/wp-json\/wp\/v2\/tags?post=39326"}],"curies":[{"name":"wp","href":"https:\/\/api.w.org\/{rel}","templated":true}]}}