{"id":393366,"date":"2026-02-12T14:42:11","date_gmt":"2026-02-12T14:42:11","guid":{"rendered":"https:\/\/www.europesays.com\/es\/393366\/"},"modified":"2026-02-12T14:42:11","modified_gmt":"2026-02-12T14:42:11","slug":"la-otan-refuerza-el-artico-con-arctic-sentry-y-mantiene-a-ucrania-como-prioridad","status":"publish","type":"post","link":"https:\/\/www.europesays.com\/es\/393366\/","title":{"rendered":"La OTAN refuerza el \u00c1rtico con Arctic Sentry y mantiene a Ucrania como prioridad"},"content":{"rendered":"<p>Los ministros de Defensa de la OTAN subrayaron que <strong>el apoyo a Ucrania sigue siendo una prioridad absoluta<\/strong>, tras semanas de debate sobre la seguridad en el \u00c1rtico que culminaron con el lanzamiento de una nueva iniciativa de la Alianza en el Alto Norte.<\/p>\n<p>          <img decoding=\"async\" class=\"c-ad__placeholder__logo\" src=\"https:\/\/static.euronews.com\/website\/images\/logos\/logo-euronews-stacked-outlined-72x72-grey-9.svg\" width=\"72\" height=\"72\" alt=\"\" loading=\"lazy\"\/><br \/>\n          PUBLICIDAD<\/p>\n<p>          <img decoding=\"async\" class=\"c-ad__placeholder__logo\" src=\"https:\/\/static.euronews.com\/website\/images\/logos\/logo-euronews-stacked-outlined-72x72-grey-9.svg\" width=\"72\" height=\"72\" alt=\"\" loading=\"lazy\"\/><br \/>\n          PUBLICIDAD<\/p>\n<p>En la reuni\u00f3n ministerial celebrada en Bruselas, los responsables de Defensa respaldaron en l\u00edneas generales <a href=\"https:\/\/es.euronews.com\/my-europe\/2026\/02\/11\/eeuu-intentara-tranquilizar-a-sus-aliados-sobre-la-retirada-de-tropas-de-la-otan\" rel=\"nofollow noopener\" target=\"_blank\"><strong>la puesta en marcha de la misi\u00f3n de vigilancia reforzada Arctic Sentry<\/strong><\/a>, anunciada el d\u00eda anterior por el secretario general, Mark Rutte, con el objetivo de reforzar la presencia aliada en la regi\u00f3n \u00e1rtica.<\/p>\n<p>La nueva iniciativa multidominio <strong>coordinar\u00e1 las actividades de los 32 aliados<\/strong> bajo una estrategia operativa com\u00fan. Incluir\u00e1 el ejercicio dan\u00e9s Arctic Endurance, dise\u00f1ado para mejorar la capacidad operativa en condiciones extremas, as\u00ed como el pr\u00f3ximo ejercicio noruego Cold Response, al que ya han comenzado a llegar tropas de distintos pa\u00edses miembros.<\/p>\n<p>El refuerzo del flanco \u00e1rtico responde, en parte, <a href=\"https:\/\/es.euronews.com\/my-europe\/2026\/02\/11\/la-otan-rechaza-que-centinela-del-artico-sea-un-mero-cambio-de-marca-para-apaciguar-a-trum\" rel=\"nofollow noopener\" target=\"_blank\"><strong>a la presi\u00f3n ejercida por el presidente estadounidense Donald Trump<\/strong><\/a>, cuyas reiteradas amenazas de forzar la anexi\u00f3n de Groenlandia, territorio aut\u00f3nomo bajo soberan\u00eda danesa y, por tanto, aliado de la OTAN, hab\u00edan generado tensiones dentro de la organizaci\u00f3n.<\/p>\n<p>No obstante, varios ministros insistieron en que el fortalecimiento del \u00c1rtico <strong>no supone desatender a Ucrania<\/strong>, que contin\u00faa siendo la principal prioridad estrat\u00e9gica. El pa\u00eds sigue enfrentando intensos bombardeos rusos contra infraestructuras civiles, que han dejado a amplias zonas sin electricidad ni calefacci\u00f3n en pleno invierno.<\/p>\n<p>Defender el flanco oriental<\/p>\n<p>Thorgerdur Katr\u00edn Gunnarsd\u00f3ttir, ministra de Defensa de Islandia, pa\u00eds sin ej\u00e9rcito pero miembro de la OTAN, advirti\u00f3 contra cualquier p\u00e9rdida de foco. \u00ab<strong>No podemos permitirnos prestar menos atenci\u00f3n al flanco oriental<\/strong>\u00ab, declar\u00f3 a su llegada a la sede de la organizaci\u00f3n, describiendo a Ucrania como un pa\u00eds que lucha \u00abpor la libertad y la soberan\u00eda de Europa\u00bb. <\/p>\n<p>Desde Reikiavik subrayan que Arctic Sentry y el respaldo a Kiev <strong>no son prioridades contrapuestas<\/strong>, sino compromisos paralelos, ya que <a href=\"https:\/\/es.euronews.com\/2026\/01\/06\/coalicion-voluntarios-se-reune-en-paris-para-debatir-garantias-seguridad-ucrania\" rel=\"nofollow noopener\" target=\"_blank\">una \u00abpaz justa y duradera\u00bb en Ucrania resulta esencial para la seguridad europea<\/a>. En la misma l\u00ednea, el ministro de Defensa de Finlandia, Antti H\u00e4kk\u00e4nen, pidi\u00f3 redoblar la presi\u00f3n econ\u00f3mica y militar sobre Rusia.<\/p>\n<p>\u00abEste es el momento crucial para intensificar el apoyo a Ucrania y demostrar al presidente ruso, Vlad\u00edmir Putin, que Occidente no retrocede\u00bb, afirm\u00f3. El titular de Defensa de Estonia, uno de los miembros m\u00e1s firmes de la Alianza frente a Mosc\u00fa, celebr\u00f3 la nueva iniciativa \u00e1rtica, aunque recalc\u00f3 que \u00ab<strong>no resta atenci\u00f3n a Ucrania ni al flanco oriental<\/strong>\u00ab. <\/p>\n<p>Hanno Pevkur coincidi\u00f3 en que la presi\u00f3n <strong>debe ejercerse en m\u00faltiples frentes<\/strong>: \u00abNo es solo en el campo de batalla donde hay que presionar a Rusia; tambi\u00e9n en la econom\u00eda y en la sociedad\u00bb. <\/p>\n<p>Nuevos paquetes de apoyo<\/p>\n<p>El ministro alem\u00e1n de Defensa, Boris Pistorius, afirm\u00f3 que aunque la OTAN <strong>debe \u00aborientar nuestros sistemas de radar en todas las direcciones\u00bb<\/strong>, ya que Rusia busca la confrontaci\u00f3n \u00aben muchas partes del mundo\u00bb, incluido el \u00c1rtico, \u00abel foco de atenci\u00f3n seguir\u00e1 estando, por supuesto, en el flanco oriental de la OTAN\u00bb.<\/p>\n<p>Pistorius calific\u00f3 de \u00ab<strong>terrorismo contra la poblaci\u00f3n civil<\/strong>\u00bb los ataques que Rusia est\u00e1 llevando a cabo en Ucrania y pidi\u00f3 un aumento urgente de la ayuda. El d\u00eda anterior, mientras asist\u00eda a una reuni\u00f3n de ministros de Defensa de la Uni\u00f3n Europea, Pistorius dijo que Berl\u00edn probablemente har\u00eda un mayor uso de la Lista de Necesidades Prioritarias de Ucrania (PURL) para financiar la defensa a\u00e9rea de Ucrania.<\/p>\n<p>En virtud de <a href=\"https:\/\/es.euronews.com\/2026\/02\/11\/alemania-intensifica-la-ayuda-a-ucrania-con-11500-millones-de-euros-eeuu-reduce-su-respald\" rel=\"nofollow noopener\" target=\"_blank\"><strong>la PURL<\/strong><\/a>, los aliados europeos compran armas de fabricaci\u00f3n estadounidense para Ucrania. Este instrumento se puso en marcha el verano pasado, despu\u00e9s de que Washington pusiera fin a todas las donaciones directas estadounidenses a Ucrania.<\/p>\n<p>Suecia tambi\u00e9n declar\u00f3 que <strong>preparar\u00e1 un tercer paquete PURL<\/strong>, cuyos detalles se desvelar\u00e1n el jueves tras una reuni\u00f3n del Grupo de Contacto de Defensa de Ucrania (UDCG). Aport\u00f3 m\u00e1s de 325 millones de d\u00f3lares (273,5 millones de euros) en sus dos primeros paquetes.<\/p>\n<p>El Reino Unido, que copreside la reuni\u00f3n del UDCG, compuesto por 50 pa\u00edses, anunci\u00f3 el jueves que <strong>aumentar\u00eda la ayuda a Ucrania en otros 500 millones de libras<\/strong> (574 millones de euros), de los cuales 150 millones de libras (172 millones de euros) se destinar\u00e1n a trav\u00e9s de la PURL a pagar interceptores de defensa a\u00e9rea estadounidenses. El dinero restante financiar\u00e1 1.000 misiles ligeros multirol de fabricaci\u00f3n brit\u00e1nica.<\/p>\n<p>Rutte, por su parte, trat\u00f3 de conciliar la creciente apertura de la Alianza con sus compromisos duraderos, argumentando que \u00ab<strong>la OTAN es tan fuerte que podemos hacer ambas cosas<\/strong>\u00ab. \u00abTenemos que asegurarnos de que defendemos cada cent\u00edmetro de nuestro territorio\u00bb, afirm\u00f3 Rutte, destacando que muchos aliados son pa\u00edses \u00e1rticos, entre ellos Estados Unidos.<\/p>\n<p>Elbridge Colby, subsecretario de Defensa estadounidense, que asiste a la reuni\u00f3n de la OTAN en Bruselas en sustituci\u00f3n del secretario de Defensa, Pete Hegseth, <strong>no mencion\u00f3 Ucrania ni el flanco oriental<\/strong> en su breve intervenci\u00f3n ante los medios de comunicaci\u00f3n.<\/p>\n","protected":false},"excerpt":{"rendered":"Los ministros de Defensa de la OTAN subrayaron que el apoyo a Ucrania sigue siendo una prioridad absoluta,&hellip;\n","protected":false},"author":2,"featured_media":393367,"comment_status":"","ping_status":"","sticky":false,"template":"","format":"standard","meta":{"footnotes":""},"categories":[42],"tags":[1618,17,18,1616,13,14,11,61,62,63,64,19,20,13066,9,10,15,16,1613,12,7081,21,22,65,66,67],"class_list":["post-393366","post","type-post","status-publish","format-standard","has-post-thumbnail","category-internacional","tag-artico","tag-breaking-news","tag-breakingnews","tag-defensa","tag-featured-news","tag-featurednews","tag-headlines","tag-internacional","tag-international","tag-international-news","tag-internationalnews","tag-latest-news","tag-latestnews","tag-mark-rutte","tag-news","tag-noticias","tag-noticias-destacadas","tag-noticiasdestacadas","tag-otan","tag-titulares","tag-ucrania","tag-ultimas-noticias","tag-ultimasnoticias","tag-world","tag-world-news","tag-worldnews"],"share_on_mastodon":{"url":"https:\/\/pubeurope.com\/@es\/116058190603995784","error":""},"_links":{"self":[{"href":"https:\/\/www.europesays.com\/es\/wp-json\/wp\/v2\/posts\/393366","targetHints":{"allow":["GET"]}}],"collection":[{"href":"https:\/\/www.europesays.com\/es\/wp-json\/wp\/v2\/posts"}],"about":[{"href":"https:\/\/www.europesays.com\/es\/wp-json\/wp\/v2\/types\/post"}],"author":[{"embeddable":true,"href":"https:\/\/www.europesays.com\/es\/wp-json\/wp\/v2\/users\/2"}],"replies":[{"embeddable":true,"href":"https:\/\/www.europesays.com\/es\/wp-json\/wp\/v2\/comments?post=393366"}],"version-history":[{"count":0,"href":"https:\/\/www.europesays.com\/es\/wp-json\/wp\/v2\/posts\/393366\/revisions"}],"wp:featuredmedia":[{"embeddable":true,"href":"https:\/\/www.europesays.com\/es\/wp-json\/wp\/v2\/media\/393367"}],"wp:attachment":[{"href":"https:\/\/www.europesays.com\/es\/wp-json\/wp\/v2\/media?parent=393366"}],"wp:term":[{"taxonomy":"category","embeddable":true,"href":"https:\/\/www.europesays.com\/es\/wp-json\/wp\/v2\/categories?post=393366"},{"taxonomy":"post_tag","embeddable":true,"href":"https:\/\/www.europesays.com\/es\/wp-json\/wp\/v2\/tags?post=393366"}],"curies":[{"name":"wp","href":"https:\/\/api.w.org\/{rel}","templated":true}]}}