{"id":39407,"date":"2025-08-11T02:43:07","date_gmt":"2025-08-11T02:43:07","guid":{"rendered":"https:\/\/www.europesays.com\/es\/39407\/"},"modified":"2025-08-11T02:43:07","modified_gmt":"2025-08-11T02:43:07","slug":"la-jornada-greta-thunberg-anuncia-nueva-travesia-naval-a-gaza","status":"publish","type":"post","link":"https:\/\/www.europesays.com\/es\/39407\/","title":{"rendered":"La Jornada &#8211; Greta Thunberg anuncia nueva traves\u00eda naval a Gaza"},"content":{"rendered":"<p class=\"nota-justify\">Madrid, Espa\u00f1a. La activista clim\u00e1tica Greta Thunberg anunci\u00f3 el domingo en su cuenta de Instagram que participar\u00e1 a finales de este mes en otra flotilla que tiene como objetivo romper el bloqueo naval de Israel sobre la franja de Gaza.<\/p>\n<p class=\"nota-justify\">\u201cEl 31 de agosto lanzaremos el mayor intento jam\u00e1s realizado para romper el asedio ilegal israel\u00ed sobre Gaza con docenas de barcos que zarpar\u00e1n desde Espa\u00f1a\u201d, escribi\u00f3 la activista, seg\u00fan report\u00f3 Israel National News.<\/p>\n<p class=\"nota-justify\">\u201cNos reuniremos con decenas m\u00e1s el 4 de septiembre, zarpando desde T\u00fanez y otros puertos. Adem\u00e1s, estamos movilizando a m\u00e1s de 44 pa\u00edses en manifestaciones y acciones simult\u00e1neas para romper la complicidad en solidaridad con el pueblo palestino. \u00a1\u00danete a esta iniciativa en este momento decisivo!\u201d \u2014a\u00f1adi\u00f3 Thunberg.<\/p>\n<p class=\"nota-justify\">Thunberg fue una de las integrantes de la\u00a0Flotilla de la Libertad\u00a0que intent\u00f3 llevar\u00a0ayuda humanitaria a Gaza\u00a0pero fue interceptada el 8 de junio por el\u00a0ej\u00e9rcito israel\u00ed. El barco Madleen en el que viajaba fue transportado al puerto de Ashdod. De los doce activistas que viajaban a bordo del Madleen, cuatro (entre ellos Thunberg) aceptaron ser deportados tras la intercepci\u00f3n del nav\u00edo por las Fuerzas de Defensa de Israel. El resto de\u00a0los activistas rechazaron firmar su deportaci\u00f3n voluntaria y fueron detenidos\u00a0y llevados ante un tribunal para que ratificaran las \u00f3rdenes de expulsi\u00f3n, ya que bajo la ley israel\u00ed, cuando una persona recibe \u00f3rdenes de deportaci\u00f3n esta es detenida durante 72 horas o m\u00e1s antes de ser expulsada del pa\u00eds. A Thunberg y los dem\u00e1s activistas expulsados se les prohibi\u00f3 la entrada a Israel durante 100 a\u00f1os.\u00a0<br \/>\u00a0<\/p>\n","protected":false},"excerpt":{"rendered":"Madrid, Espa\u00f1a. La activista clim\u00e1tica Greta Thunberg anunci\u00f3 el domingo en su cuenta de Instagram que participar\u00e1 a&hellip;\n","protected":false},"author":2,"featured_media":39408,"comment_status":"","ping_status":"","sticky":false,"template":"","format":"standard","meta":{"footnotes":""},"categories":[42],"tags":[19247,19248,19249,17,18,13,14,19251,19250,11,61,62,63,64,19,20,9,7080,10,15,16,12,21,22,65,66,67],"class_list":{"0":"post-39407","1":"post","2":"type-post","3":"status-publish","4":"format-standard","5":"has-post-thumbnail","7":"category-internacional","8":"tag-activista-thunberg","9":"tag-barco-activistas-gaza","10":"tag-bloqueo-naval-israel","11":"tag-breaking-news","12":"tag-breakingnews","13":"tag-featured-news","14":"tag-featurednews","15":"tag-flotilla-libertad","16":"tag-greta-thunberg","17":"tag-headlines","18":"tag-internacional","19":"tag-international","20":"tag-international-news","21":"tag-internationalnews","22":"tag-latest-news","23":"tag-latestnews","24":"tag-news","25":"tag-noticia","26":"tag-noticias","27":"tag-noticias-destacadas","28":"tag-noticiasdestacadas","29":"tag-titulares","30":"tag-ultimas-noticias","31":"tag-ultimasnoticias","32":"tag-world","33":"tag-world-news","34":"tag-worldnews"},"share_on_mastodon":{"url":"","error":""},"_links":{"self":[{"href":"https:\/\/www.europesays.com\/es\/wp-json\/wp\/v2\/posts\/39407","targetHints":{"allow":["GET"]}}],"collection":[{"href":"https:\/\/www.europesays.com\/es\/wp-json\/wp\/v2\/posts"}],"about":[{"href":"https:\/\/www.europesays.com\/es\/wp-json\/wp\/v2\/types\/post"}],"author":[{"embeddable":true,"href":"https:\/\/www.europesays.com\/es\/wp-json\/wp\/v2\/users\/2"}],"replies":[{"embeddable":true,"href":"https:\/\/www.europesays.com\/es\/wp-json\/wp\/v2\/comments?post=39407"}],"version-history":[{"count":0,"href":"https:\/\/www.europesays.com\/es\/wp-json\/wp\/v2\/posts\/39407\/revisions"}],"wp:featuredmedia":[{"embeddable":true,"href":"https:\/\/www.europesays.com\/es\/wp-json\/wp\/v2\/media\/39408"}],"wp:attachment":[{"href":"https:\/\/www.europesays.com\/es\/wp-json\/wp\/v2\/media?parent=39407"}],"wp:term":[{"taxonomy":"category","embeddable":true,"href":"https:\/\/www.europesays.com\/es\/wp-json\/wp\/v2\/categories?post=39407"},{"taxonomy":"post_tag","embeddable":true,"href":"https:\/\/www.europesays.com\/es\/wp-json\/wp\/v2\/tags?post=39407"}],"curies":[{"name":"wp","href":"https:\/\/api.w.org\/{rel}","templated":true}]}}