{"id":394070,"date":"2026-02-12T23:37:13","date_gmt":"2026-02-12T23:37:13","guid":{"rendered":"https:\/\/www.europesays.com\/es\/394070\/"},"modified":"2026-02-12T23:37:13","modified_gmt":"2026-02-12T23:37:13","slug":"rahm-se-despide-de-riad-con-un-brillante-subcampeonato","status":"publish","type":"post","link":"https:\/\/www.europesays.com\/es\/394070\/","title":{"rendered":"Rahm se despide de Riad con un brillante subcampeonato"},"content":{"rendered":"<p>Aunque Rahm culmina el torneo con nueve birdies sin errores, no es suficiente para alcanzar a un Smylie que debuta con nota en el circuito<img fetchpriority=\"high\" decoding=\"async\" class=\"wp-image-325063 size-full\" src=\"https:\/\/www.europesays.com\/es\/wp-content\/uploads\/2026\/02\/LIV-Golf-League-LIV-Golf-Riyadh-26-Winner-Riyadh-GC-Elvis-Smylie.jpg\" alt=\"LIV Golf League, LIV Golf Riyadh 26 Winner, Riyadh GC, Elvis Smylie, Jon Rahm,\" width=\"1500\" height=\"1000\"  \/>El australiano dej\u00f3 a Jon Rahm sin premio final en Arabia Saud\u00ed. Foto: @LIVGolfLeague<\/p>\n<p style=\"text-align: justify;\">Al igual de lo que sucedi\u00f3 durante muchos compases del curso pasado, <strong>Jon Rahm<\/strong> (63 golpes, -23) se acab\u00f3 quedando a las puertas de la <strong>victoria<\/strong>. El <strong>LIV Golf Riyadh<\/strong> de <strong>2026<\/strong>, el primer evento de la historia de la gira en disputarse a <strong>72 hoyos<\/strong>, ha acabado dando como ganador al debutante <strong>Elvis Smylie<\/strong> (64 golpes, -24), quien se ha embolsado el <strong>primer gran cheque<\/strong> del curso en la gira saud\u00ed.<\/p>\n<p style=\"text-align: justify;\">El deportista australiano complet\u00f3 una ronda en la que consigui\u00f3 <strong>ocho birdies sin errores<\/strong> para elevar su marcador hasta un <strong>-24<\/strong> que fue <strong>imposible<\/strong> de alcanzar para sus rivales. Ni siquiera para un <strong>Jon Rahm<\/strong> que lo intent\u00f3 pr\u00e1cticamente todo en la ronda final del s\u00e1bado. El <strong>Le\u00f3n de Barrika<\/strong>, que hab\u00eda conseguido ascender hasta el <strong>Top 4<\/strong> desde el inicio del campeonato, elev\u00f3 a <strong>nueve<\/strong> sus aciertos \u2013<strong>cuatro<\/strong> de ellos en las cuatro \u00faltimas banderas- para dar por cerrada su participaci\u00f3n en la <strong>LIV Golf League<\/strong> con un excelente <strong>subcampeonato<\/strong> bajo el brazo.<\/p>\n<p style=\"text-align: justify;\">Complet\u00f3 el <strong>podio<\/strong> el norteamericano <strong>Peter Uihlein<\/strong> (67 golpes, -21), quien con <strong>cinco aciertos<\/strong> <strong>sin fallos<\/strong> suma los primeros puntos del a\u00f1o para el ranking mundial. Tambi\u00e9n accedi\u00f3 a los puntos el barcelon\u00e9s <strong>David Puig<\/strong> (65 golpes, -20), que alcanz\u00f3 las <strong>dos decenas de golpes<\/strong> en negativo con la ayuda de <strong>un eagle<\/strong> y <strong>cinco birdies sin errores<\/strong> para terminar en un m\u00e1s que meritorio <strong>cuarto lugar<\/strong> de la clasificaci\u00f3n.<\/p>\n<p style=\"text-align: justify;\">Tras \u00e9l, el siguiente espa\u00f1ol en la tabla ha sido <strong>Josele Ballester<\/strong> (66 golpes, -12), que ha vuelto a entregar una gran cartulina en <strong>66 golpes<\/strong> con <strong>media docena de aciertos<\/strong> para terminar en el <strong>Top 27<\/strong>. <strong>Sergio Garc\u00eda<\/strong> (71 golpes, -11), en el <strong>Top 30<\/strong>, y <strong>Luis Masaveu<\/strong> (65 golpes, -10), en el <strong>Top 37<\/strong>, completaron la actuaci\u00f3n de la <strong>Armada<\/strong> en el primer torneo del curso.<\/p>\n<p><a style=\"color: #008000;\" href=\"https:\/\/opengolf.es\/circuitos\/siga-aqui-y-en-directo-los-marcadores-de-todos-los-circuitos-en-juego-4\/\" target=\"_blank\" rel=\"noopener nofollow\">Ver CLASIFICACI\u00d3N Final<\/a><\/p>\n<blockquote class=\"twitter-tweet\">\n<p dir=\"ltr\" lang=\"en\">What a way to make a statement \ud83d\udc4f <a href=\"https:\/\/twitter.com\/ElvisSmylie?ref_src=twsrc%5Etfw\" rel=\"nofollow noopener\" target=\"_blank\">@ElvisSmylie<\/a> <a href=\"https:\/\/twitter.com\/hashtag\/LIVGolfRiyadh?src=hash&amp;ref_src=twsrc%5Etfw\" rel=\"nofollow noopener\" target=\"_blank\">#LIVGolfRiyadh<\/a> | <a href=\"https:\/\/twitter.com\/rippergc_?ref_src=twsrc%5Etfw\" rel=\"nofollow noopener\" target=\"_blank\">@rippergc_<\/a> <a href=\"https:\/\/t.co\/a02GUwFbFa\" rel=\"nofollow\">pic.twitter.com\/a02GUwFbFa<\/a><\/p>\n<p>\u2014 LIV Golf (@livgolf_league) <a href=\"https:\/\/twitter.com\/livgolf_league\/status\/2020241741522301218?ref_src=twsrc%5Etfw\" rel=\"nofollow noopener\" target=\"_blank\">February 7, 2026<\/a><\/p>\n<\/blockquote>\n<p><script async src=\"https:\/\/platform.twitter.com\/widgets.js\" charset=\"utf-8\"><\/script><\/p>\n","protected":false},"excerpt":{"rendered":"Aunque Rahm culmina el torneo con nueve birdies sin errores, no es suficiente para alcanzar a un Smylie&hellip;\n","protected":false},"author":2,"featured_media":394071,"comment_status":"","ping_status":"","sticky":false,"template":"","format":"standard","meta":{"footnotes":""},"categories":[275],"tags":[7058,168,75678,25,24,329,390,7059,15917,17722,40572,85485,62776,2625,23,167],"class_list":["post-394070","post","type-post","status-publish","format-standard","has-post-thumbnail","category-golf","tag-david-puig","tag-deportes","tag-elvis-smylie","tag-es","tag-espana","tag-golf","tag-jon-rahm","tag-josele-ballester","tag-liv-golf-league","tag-liv-golf-riyadh","tag-luis-masaveu","tag-peter-uihlein","tag-riyadh-golf-club","tag-sergio-garcia","tag-spain","tag-sports"],"share_on_mastodon":{"url":"https:\/\/pubeurope.com\/@es\/116060294010459601","error":""},"_links":{"self":[{"href":"https:\/\/www.europesays.com\/es\/wp-json\/wp\/v2\/posts\/394070","targetHints":{"allow":["GET"]}}],"collection":[{"href":"https:\/\/www.europesays.com\/es\/wp-json\/wp\/v2\/posts"}],"about":[{"href":"https:\/\/www.europesays.com\/es\/wp-json\/wp\/v2\/types\/post"}],"author":[{"embeddable":true,"href":"https:\/\/www.europesays.com\/es\/wp-json\/wp\/v2\/users\/2"}],"replies":[{"embeddable":true,"href":"https:\/\/www.europesays.com\/es\/wp-json\/wp\/v2\/comments?post=394070"}],"version-history":[{"count":0,"href":"https:\/\/www.europesays.com\/es\/wp-json\/wp\/v2\/posts\/394070\/revisions"}],"wp:featuredmedia":[{"embeddable":true,"href":"https:\/\/www.europesays.com\/es\/wp-json\/wp\/v2\/media\/394071"}],"wp:attachment":[{"href":"https:\/\/www.europesays.com\/es\/wp-json\/wp\/v2\/media?parent=394070"}],"wp:term":[{"taxonomy":"category","embeddable":true,"href":"https:\/\/www.europesays.com\/es\/wp-json\/wp\/v2\/categories?post=394070"},{"taxonomy":"post_tag","embeddable":true,"href":"https:\/\/www.europesays.com\/es\/wp-json\/wp\/v2\/tags?post=394070"}],"curies":[{"name":"wp","href":"https:\/\/api.w.org\/{rel}","templated":true}]}}