{"id":394274,"date":"2026-02-13T02:27:19","date_gmt":"2026-02-13T02:27:19","guid":{"rendered":"https:\/\/www.europesays.com\/es\/394274\/"},"modified":"2026-02-13T02:27:19","modified_gmt":"2026-02-13T02:27:19","slug":"eiichiro-oda-autor-de-one-piece-adelanta-los-grandes-cambios-que-mostrara-la-temporada-2-de-netflix","status":"publish","type":"post","link":"https:\/\/www.europesays.com\/es\/394274\/","title":{"rendered":"Eiichir\u00f4 Oda, autor de One Piece, adelanta los grandes cambios que mostrar\u00e1 la temporada 2 de Netflix"},"content":{"rendered":"<p class=\"c-paragraph\">Ya va quedando menos para que\u00a0<a href=\"https:\/\/www.hobbyconsolas.com\/reportajes\/netflix-espana-planes-precio-compartir-cuenta-catalogo-1150345\" title=\"Netflix Espa\u00f1a: planes, precio, compartir cuenta, cat\u00e1logo y m\u00e1s\" rel=\"nofollow noopener\" target=\"_blank\">Netflix<\/a>\u00a0estrene en su cat\u00e1logo la temporada 2 de <a href=\"https:\/\/www.hobbyconsolas.com\/hobbycine\/one-piece-rumbo-grand-line-lanza-su-trailer-oficial-llega-un-nuevo-companero-los-sombrero-paja_6932355_0.html\" title=\"One Piece: Rumbo a la Grand Line lanza su tr\u00e1iler oficial: llega un nuevo compa\u00f1ero a los Sombrero de Paja\" rel=\"nofollow noopener\" target=\"_blank\">One Piece<\/a>, la <b>serie<\/b> de imagen real basada en el aclamado <b>manga<\/b> de <a href=\"https:\/\/www.hobbyconsolas.com\/listas\/mangas-vendidos-todos-tiempos-665881\" title=\"Los 10 mangas m\u00e1s vendidos de todos los tiempos\" rel=\"nofollow noopener\" target=\"_blank\">Eiichir\u00f4 Oda<\/a> cuya adaptaci\u00f3n ha sido todo un \u00e9xito en la plataforma.<\/p>\n<p class=\"c-paragraph\">Bajo el t\u00edtulo Rumbo a la Grand Line, la nueva temporada terminar\u00e1 de plasmar la trama del arco del East Blue para arrancar con la saga de Arabasta, la cual se adaptar\u00e1 a lo largo de las temporadas 2 y 3 de la serie.<\/p>\n<p class=\"c-paragraph\"><a href=\"https:\/\/www.hobbyconsolas.com\/listas\/personajes-escenas-clave-one-piece-quedaron-fuera-primera-temporada-netflix-1305088\" title=\"Personajes y escenas clave de One Piece que se quedaron fuera de la primera temporada en Netflix\" rel=\"nofollow noopener\" target=\"_blank\">Luffy<\/a>\u00a0y su banda pirata de los Sombrero de Paja se adentran en la Gran Ruta Marina, donde acechan numerosos peligros, entre ellos Baroque Works,\u00a0<b><b><b><b>una misteriosa y secreta organizaci\u00f3n de cazarrecompensas que va detr\u00e1s del hombre de goma despu\u00e9s de que el Gobierno haya puesto precio a su cabeza<\/b><\/b><\/b><\/b>\u00a0tras los eventos acontecidos en Arlong Park.<\/p>\n<p>Eiichir\u00f4 Oda promete una temporada mucho m\u00e1s grande en el live action de One Piece<\/p>\n<p class=\"c-paragraph\">Con su estreno en <b>Netflix<\/b> cada vez m\u00e1s cerca, Eiichir\u00f4 Oda, autor del <a href=\"https:\/\/www.hobbyconsolas.com\/listas\/mangas-indispensables-debes-leer-quieres-iniciarte-increible-universo-1070459\" title=\"9 mangas indispensables que debes leer si quieres iniciarte en este incre\u00edble universo\" rel=\"nofollow noopener\" target=\"_blank\">manga<\/a>, comparti\u00f3 un comunicado anticipando los grandes cambios que se vienen en la nueva temporada de la serie con respecto a lo visto anteriormente.<\/p>\n<p class=\"c-paragraph\">El mangaka ha entusiasmado a\u00fan m\u00e1s a los fans <b>adelantando una temporada mucho m\u00e1s grandes en la que habr\u00e1 nuevas amenazas, \u00abcriaturas adorables\u00bb y m\u00e1s efectos visuales que sorprender\u00e1n a los espectadores<\/b>.<\/p>\n<p class=\"c-paragraph\">\u00abJunto con el estelar equipo de producci\u00f3n que logr\u00f3 esos brillantes resultados, les traemos la segunda temporada, que se adentrar\u00e1 en Grand Line, el mar m\u00e1s formidable del mundo. En otras palabras, <b>todas las convenciones establecidas en la primera temporada se romper\u00e1n<\/b>.<\/p>\n<p class=\"c-paragraph\">Un desfile de usuarios de Frutas del Diablo, una raza de gigantes nunca antes vista, criaturas adorables, acci\u00f3n contundente y efectos visuales impresionantes: \u00a1esta temporada est\u00e1 repleta de a\u00fan m\u00e1s momentos destacados! D\u00e9jense llevar por una experiencia inmersiva \u00fanica en la acci\u00f3n real\u00bb, comparti\u00f3 Oda.<\/p>\n<p class=\"c-paragraph\"><b>La temporada 2 de One Piece se estrena en el cat\u00e1logo de Netflix el pr\u00f3ximo 10 de marzo de 2026<\/b>. \u00bfTienes ganas de continuar con las aventuras de <b>Luffy<\/b> y los Sombrero de Paja en la <a href=\"https:\/\/www.hobbyconsolas.com\/listas\/detalles-pistas-one-piece-ha-dejado-temporada-2-netflix-1308156\" title=\"Detalles y pistas que One Piece ha dejado de cara a la temporada 2 en Netflix\" rel=\"nofollow noopener\" target=\"_blank\">serie<\/a> live action?<\/p>\n","protected":false},"excerpt":{"rendered":"Ya va quedando menos para que\u00a0Netflix\u00a0estrene en su cat\u00e1logo la temporada 2 de One Piece, la serie de&hellip;\n","protected":false},"author":2,"featured_media":394275,"comment_status":"","ping_status":"","sticky":false,"template":"","format":"standard","meta":{"footnotes":""},"categories":[171],"tags":[294,1697,146,147,25,24,4417,7402,15315,23,214],"class_list":["post-394274","post","type-post","status-publish","format-standard","has-post-thumbnail","category-tv","tag-adelanta","tag-autor","tag-entertainment","tag-entretenimiento","tag-es","tag-espana","tag-los","tag-one","tag-piece","tag-spain","tag-tv"],"share_on_mastodon":{"url":"https:\/\/pubeurope.com\/@es\/116060962482477986","error":""},"_links":{"self":[{"href":"https:\/\/www.europesays.com\/es\/wp-json\/wp\/v2\/posts\/394274","targetHints":{"allow":["GET"]}}],"collection":[{"href":"https:\/\/www.europesays.com\/es\/wp-json\/wp\/v2\/posts"}],"about":[{"href":"https:\/\/www.europesays.com\/es\/wp-json\/wp\/v2\/types\/post"}],"author":[{"embeddable":true,"href":"https:\/\/www.europesays.com\/es\/wp-json\/wp\/v2\/users\/2"}],"replies":[{"embeddable":true,"href":"https:\/\/www.europesays.com\/es\/wp-json\/wp\/v2\/comments?post=394274"}],"version-history":[{"count":0,"href":"https:\/\/www.europesays.com\/es\/wp-json\/wp\/v2\/posts\/394274\/revisions"}],"wp:featuredmedia":[{"embeddable":true,"href":"https:\/\/www.europesays.com\/es\/wp-json\/wp\/v2\/media\/394275"}],"wp:attachment":[{"href":"https:\/\/www.europesays.com\/es\/wp-json\/wp\/v2\/media?parent=394274"}],"wp:term":[{"taxonomy":"category","embeddable":true,"href":"https:\/\/www.europesays.com\/es\/wp-json\/wp\/v2\/categories?post=394274"},{"taxonomy":"post_tag","embeddable":true,"href":"https:\/\/www.europesays.com\/es\/wp-json\/wp\/v2\/tags?post=394274"}],"curies":[{"name":"wp","href":"https:\/\/api.w.org\/{rel}","templated":true}]}}