{"id":394942,"date":"2026-02-13T11:03:14","date_gmt":"2026-02-13T11:03:14","guid":{"rendered":"https:\/\/www.europesays.com\/es\/394942\/"},"modified":"2026-02-13T11:03:14","modified_gmt":"2026-02-13T11:03:14","slug":"iran-detiene-a-politicos-reformistas-por-sus-criticas-a-la-represion-de-las-protestas-internacional","status":"publish","type":"post","link":"https:\/\/www.europesays.com\/es\/394942\/","title":{"rendered":"Ir\u00e1n detiene a pol\u00edticos reformistas por sus cr\u00edticas a la represi\u00f3n de las protestas | Internacional"},"content":{"rendered":"<p class=\"\">El r\u00e9gimen iran\u00ed est\u00e1 estrechando a\u00fan m\u00e1s el cerco sobre sus propios c\u00edrculos de confianza tras la detenci\u00f3n de varias figuras destacadas del reformismo, en lo que se interpreta como un intento de evitar una deriva pol\u00edtica similar a la vivida en Venezuela; es decir, que una parte del sistema pol\u00edtico termine colaborando con Estados Unidos en su intento de derrocar a la Rep\u00fablica Isl\u00e1mica. Esta semana, entre el lunes y el martes, han sido detenidos varios referentes de esta corriente pol\u00edtica, casi un mes y medio despu\u00e9s del inicio de <a href=\"https:\/\/elpais.com\/internacional\/2026-02-04\/la-brutalidad-de-la-represion-de-las-protestas-en-iran-en-cifras-de-3000-a-30000-muertos.html\" target=\"_self\" rel=\"nofollow noopener\" title=\"https:\/\/elpais.com\/internacional\/2026-02-04\/la-brutalidad-de-la-represion-de-las-protestas-en-iran-en-cifras-de-3000-a-30000-muertos.html\">protestas masivas en todo el pa\u00eds<\/a>, marcadas por la masacre de decenas de miles de manifestantes y una amplia oleada de arrestos.<\/p>\n<p class=\"\">Estas detenciones de reformistas apuntan a que la represi\u00f3n ya no se limita a la disidencia abierta o a la protesta callejera, sino que alcanza tambi\u00e9n a sectores hist\u00f3ricamente integrados en el sistema, lo que refuerza la percepci\u00f3n de <a href=\"https:\/\/elpais.com\/internacional\/2026-01-12\/la-dureza-de-la-represion-en-iran-sofoca-las-protestas-mientras-el-gobierno-dice-tener-la-situacion-controlada.html\" target=\"_self\" rel=\"nofollow noopener\" title=\"https:\/\/elpais.com\/internacional\/2026-01-12\/la-dureza-de-la-represion-en-iran-sofoca-las-protestas-mientras-el-gobierno-dice-tener-la-situacion-controlada.html\">un endurecimiento interno del r\u00e9gimen<\/a> frente a cualquier cuestionamiento pol\u00edtico. <\/p>\n<p class=\"\">El lunes, las fuerzas de seguridad arrestaron a Azar Mansour\u00ed, presidenta del Frente Reformista; a Ebrahim Asgharzadeh, jefe de su comit\u00e9 pol\u00edtico; y a Mohsen Aminzadeh, exviceministro de Asuntos Exteriores durante la presidencia de <a href=\"https:\/\/elpais.com\/internacional\/2006\/09\/01\/actualidad\/1157061607_850215.html\" target=\"_self\" rel=\"nofollow noopener\" title=\"https:\/\/elpais.com\/internacional\/2006\/09\/01\/actualidad\/1157061607_850215.html\">Mohammad Jatam\u00ed<\/a> y tambi\u00e9n miembro del Frente Reformista. De forma paralela, se difundieron informaciones sobre citaciones judiciales y registros domiciliarios a otros activistas reformistas. <\/p>\n<p class=\"\">Ese mismo d\u00eda fue detenido Ali Shakouri-Rad, pol\u00edtico reformista y ex secretario general del partido Ettehad-e Mellat. El martes, Mohammad Hossein Karroubi, hijo de Mehdi Karroubi, uno de los l\u00edderes del Movimiento Verde, fue igualmente arrestado. <\/p>\n<p class=\"\">Las detenciones se produjeron tras la difusi\u00f3n de un audio atribuido a Shakouri-Rad, en el que asegura que el estallido de las protestas habr\u00eda sido organizado por las propias fuerzas de seguridad, aunque \u201cse les fue de las manos\u201d. El pol\u00edtico hace esas declaraciones ante miembros del equipo electoral del presidente Masud Pezeshkian, al que el campo reformista apoy\u00f3 antes de su elecci\u00f3n, pero cuyos poderes reales son limitados. <\/p>\n<p class=\"\">Estas detenciones se produjeron tras la difusi\u00f3n de un audio atribuido a Shakouri-Rad en el que supuestamente asegura, ante miembros del equipo electoral del presidente,<a href=\"https:\/\/elpais.com\/internacional\/2024-07-06\/el-reformista-masud-pezeshkian-gana-las-elecciones-presidenciales-en-iran.html\" target=\"_self\" rel=\"nofollow noopener\" title=\"https:\/\/elpais.com\/internacional\/2024-07-06\/el-reformista-masud-pezeshkian-gana-las-elecciones-presidenciales-en-iran.html\"> Masud Pezeshkian, <\/a>que el estallido de las protestas hab\u00eda sido organizado por las propias fuerzas de seguridad y que \u201cse les fue de las manos\u201d. Pezeshkian es considerado un moderado dentro del r\u00e9gimen, pero sus atribuciones son limitadas: en \u00faltima instancia, son el l\u00edder supremo, Al\u00ed Jamene\u00ed, y el aparato de seguridad quienes realmente controlan el poder.<\/p>\n<p class=\"\">En la grabaci\u00f3n afirma: \u201cReza Pahlav\u00ed [el hijo del derrocado shah] apareci\u00f3 de repente y lanz\u00f3 un llamamiento. No creo que nadie \u2014ni el propio Reza Pahlav\u00ed, ni los reformistas, ni los conservadores, ni los aparatos de seguridad\u2014 imaginara que tanta gente responder\u00eda a su convocatoria\u00bb. <\/p>\n<p class=\"\">Shakouri-Rad fue m\u00e1s all\u00e1 y apunt\u00f3 directamente a los organismos de seguridad de la Rep\u00fablica Isl\u00e1mica: \u201cUno de los m\u00e9todos para reprimir los disturbios es fabricar muertos entre las propias filas. Esa producci\u00f3n de v\u00edctimas es su proyecto para justificar la represi\u00f3n. Tiene que morir un miembro de la <a href=\"https:\/\/elpais.com\/internacional\/2022-11-09\/el-ejercito-de-los-oprimidos-que-aplasta-las-protestas-en-iran.html\" target=\"_self\" rel=\"nofollow noopener\" title=\"https:\/\/elpais.com\/internacional\/2022-11-09\/el-ejercito-de-los-oprimidos-que-aplasta-las-protestas-en-iran.html\">milicia Basij<\/a>, un agente de la polic\u00eda, incendiarse una mezquita o quemarse un Cor\u00e1n para poder aplastar las protestas. Por eso no creo en absoluto que el Mossad u otros enemigos externos hayan hecho estas cosas\u201c. <\/p>\n<p class=\"\">Sin embargo, la afirmaci\u00f3n que parece haber provocado mayor indignaci\u00f3n en la c\u00fapula del poder es otra en la que sostiene que la elecci\u00f3n de Pezeshkian fue un plan del propio <a href=\"https:\/\/elpais.com\/internacional\/2026-01-17\/el-lider-supremo-de-iran-ali-jamenei-reconoce-miles-de-muertes-en-las-protestas-y-culpa-a-trump-de-instigarlas.html\" target=\"_self\" rel=\"nofollow noopener\" title=\"https:\/\/elpais.com\/internacional\/2026-01-17\/el-lider-supremo-de-iran-ali-jamenei-reconoce-miles-de-muertes-en-las-protestas-y-culpa-a-trump-de-instigarlas.html\">ayatol\u00e1 Al\u00ed Jamene\u00ed<\/a> y sugiere que \u201cJamene\u00ed deber\u00eda delegar sus poderes en Pezeshkian para resolver los problemas actuales del pa\u00eds\u201d. <\/p>\n<p><img decoding=\"auto\" class=\"_re lazyload a_m-h\" height=\"276\"  width=\"414\"  src=\"https:\/\/www.europesays.com\/es\/wp-content\/uploads\/2026\/02\/F62DJ3M2ZRN4PBXURYJHBOYZME.jpg\" loading=\"lazy\"\/>El presidente iran\u00ed, Masoud Pezeshkian, durante la celebraci\u00f3n del 47\u00ba aniversario de la Revoluci\u00f3n Isl\u00e1mica en Teher\u00e1n, el mi\u00e9rcoles.Iran&#8217;s Presidential website\/WANA (via REUTERS)<\/p>\n<p class=\"\">Aunque Mohammad Jatam\u00ed y otros dirigentes reformistas han calificado las protestas como una conspiraci\u00f3n extranjera, y los comunicados de esa corriente pol\u00edtica han evitado se\u00f1alar a los responsables de las muertes de ciudadanos, el jefe del Poder Judicial, Gholamhossein Mohseni Eje\u00ed, los atac\u00f3 duramente: \u201cQuienes en su d\u00eda acompa\u00f1aron a la revoluci\u00f3n y hoy emiten comunicados son personas miserables y desgraciadas\u2026 Nuestro camino es el del L\u00edder Supremo; si nos separamos de \u00e9l, nos convertimos en traidores\u201c. La Fiscal\u00eda de Teher\u00e1n ha presentado cargos contra los detenidos por \u201corganizar actividades estructuradas para alterar la situaci\u00f3n pol\u00edtica y social del pa\u00eds\u201d. <\/p>\n<p class=\"\">Esta ola de arrestos ha ido acompa\u00f1ada de un silencio elocuente de amplios sectores de la opini\u00f3n p\u00fablica iran\u00ed, reflejo de una profunda desesperanza respecto a la sinceridad y eficacia del reformismo. En las elecciones presidenciales de 2024, que llevaron a Pezeshkian al poder, los reformistas lo respaldaron de forma mayoritaria y defendieron sus supuestos programas de \u201capertura\u201d. En ese contexto, Asgharzadeh hab\u00eda afirmado: \u201cSi se dispara una sola bala m\u00e1s contra el ojo de un joven iran\u00ed, Pezeshkian dimitir\u00e1\u201d. No solo no ha dimitido, sino que, como presidente del Consejo Supremo de Seguridad Nacional, ha formado parte del aparato represivo y calificado <a href=\"https:\/\/elpais.com\/internacional\/2026-01-17\/cronologia-visual-de-las-protestas-en-iran-como-empezaron-y-que-sabemos-pese-al-bloqueo.html\" target=\"_self\" rel=\"nofollow noopener\" title=\"https:\/\/elpais.com\/internacional\/2026-01-17\/cronologia-visual-de-las-protestas-en-iran-como-empezaron-y-que-sabemos-pese-al-bloqueo.html\">las protestas<\/a> de \u201cconspiraci\u00f3n de Estados Unidos e Israel\u201d. <\/p>\n<p>Declive<\/p>\n<p class=\"\">El reformismo atraviesa una fase de declive debido lo que muchos iran\u00edes consideran c\u00e1lculos oportunistas y desconexi\u00f3n con la voluntad popular. El propio sistema intenta ahora expulsarlo de la escena pol\u00edtica acus\u00e1ndolo de \u201csedici\u00f3n\u201d o \u201cgolpe de Estado\u201d, mientras preserva un n\u00facleo reducido de leales que han mostrado estar subordinados al liderazgo supremo. <\/p>\n<p class=\"\">Con la marginaci\u00f3n de los reformistas, se considera que la etapa cl\u00e1sica de la Rep\u00fablica Isl\u00e1mica ha llegado a su fin y que comienza una fase de \u201cgobierno isl\u00e1mico-securitario\u201d. Bajo la doble <a href=\"https:\/\/elpais.com\/internacional\/2026-02-01\/trump-aumenta-la-presion-contra-iran-mientras-sopesa-una-accion-militar.html\" target=\"_self\" rel=\"nofollow noopener\" title=\"https:\/\/elpais.com\/internacional\/2026-02-01\/trump-aumenta-la-presion-contra-iran-mientras-sopesa-una-accion-militar.html\">presi\u00f3n de la amenaza de guerra<\/a> y de levantamientos internos, el r\u00e9gimen ha eliminado sus tradicionales v\u00e1lvulas de escape y teme que Estados Unidos, <a href=\"https:\/\/elpais.com\/internacional\/2026-01-03\/reconstruccion-del-ataque-asi-fue-la-mision-de-estados-unidos-en-venezuela-para-capturar-a-nicolas-maduro.html\" target=\"_self\" rel=\"nofollow noopener\" title=\"https:\/\/elpais.com\/internacional\/2026-01-03\/reconstruccion-del-ataque-asi-fue-la-mision-de-estados-unidos-en-venezuela-para-capturar-a-nicolas-maduro.html\">como ocurri\u00f3 en Venezuela<\/a>, pueda recurrir en el futuro a reformistas familiarizados con la estructura administrativa del pa\u00eds. <\/p>\n<p class=\"\">Hasta ahora, los reformistas hab\u00edan promovido la participaci\u00f3n electoral y defendido la preservaci\u00f3n del sistema en momentos cr\u00edticos. Hoy, debido a su potencial capacidad de interlocuci\u00f3n con Occidente, se han convertido a ojos de los sectores m\u00e1s radicales cercanos a Jamene\u00ed en actores problem\u00e1ticos que deben ser controlados. En este contexto, son relevantes las declaraciones de <a href=\"https:\/\/elpais.com\/internacional\/2026-01-28\/marco-rubio-nuestra-relacion-con-el-gobierno-de-rodriguez-es-productiva-y-respetuosa.html\" target=\"_self\" rel=\"nofollow noopener\" title=\"https:\/\/elpais.com\/internacional\/2026-01-28\/marco-rubio-nuestra-relacion-con-el-gobierno-de-rodriguez-es-productiva-y-respetuosa.html\">Marco Rubio, secretario de Estado de Estados Unidos<\/a>, quien en enero afirm\u00f3 ante el Senado: \u201cNadie sabe qu\u00e9 ocurrir\u00e1 si el l\u00edder de la Rep\u00fablica Isl\u00e1mica y todo el r\u00e9gimen caen, salvo la esperanza de que quiz\u00e1 dentro de esta misma estructura exista la posibilidad de alg\u00fan tipo de transici\u00f3n\u201d. <\/p>\n<p class=\"\">En la misma l\u00ednea se sit\u00faan las recientes declaraciones de Taghi Rahmani, esposo de Narges Mohammadi \u2014Premio Nobel de la Paz de 2023\u2014, quien ha defendido que Mohammad Javad Zarif y el expresidente Hassan Rohan\u00ed lideren un per\u00edodo de transici\u00f3n. Ambas posiciones apuestan por una transici\u00f3n controlada desde el interior del sistema, una premisa que choca con las aspiraciones de amplios sectores de la sociedad iran\u00ed, que defienden la tesis de la irreformabilidad de la Rep\u00fablica Isl\u00e1mica. <\/p>\n<p class=\"\">Las detenciones se producen cuando el reformismo ha perdido gran parte de su base social. Tras los levantamientos de los \u00faltimos a\u00f1os, especialmente despu\u00e9s de la <a href=\"https:\/\/elpais.com\/opinion\/2026-01-13\/mujer-vida-y-libertad-el-grito-de-las-mujeres-en-iran.html\" target=\"_self\" rel=\"nofollow noopener\" title=\"https:\/\/elpais.com\/opinion\/2026-01-13\/mujer-vida-y-libertad-el-grito-de-las-mujeres-en-iran.html\">muerte de Mahsa Amini y el movimiento Mujer, Vida, Libertad<\/a>, amplios sectores de la poblaci\u00f3n se han distanciado de esta corriente, convencidos de que los reformistas los traicionaron. Hoy ocupan el espacio opositor m\u00e1s cercano al r\u00e9gimen, lo que explica la profunda desconfianza que generan entre los iran\u00edes que aspiran a un cambio de sistema pol\u00edtico.<\/p>\n<p class=\"\">En estas circunstancias, diversos analistas advierten de que ni siquiera un acuerdo con Estados Unidos sobre el programa nuclear y los misiles bal\u00edsticos bastar\u00eda para devolver estabilidad al sistema. La Rep\u00fablica Isl\u00e1mica, atrapada entre protestas persistentes y la purga de fuerzas antes leales, ha dado muestras de haberse enrocado hasta perder casi por completo su capacidad de respuesta tanto a las demandas internas como a la necesidad de desescalar su confrontaci\u00f3n exterior.<\/p>\n","protected":false},"excerpt":{"rendered":"El r\u00e9gimen iran\u00ed est\u00e1 estrechando a\u00fan m\u00e1s el cerco sobre sus propios c\u00edrculos de confianza tras la detenci\u00f3n&hellip;\n","protected":false},"author":2,"featured_media":394943,"comment_status":"","ping_status":"","sticky":false,"template":"","format":"standard","meta":{"footnotes":""},"categories":[42],"tags":[60067,17,18,4372,15705,13,14,582,11,61,62,63,64,3137,19,20,17050,49283,9,10,15,16,77307,12,21,22,65,66,67],"class_list":["post-394942","post","type-post","status-publish","format-standard","has-post-thumbnail","category-internacional","tag-ali-jamenei","tag-breaking-news","tag-breakingnews","tag-crisis-politicas","tag-detenciones","tag-featured-news","tag-featurednews","tag-gobierno","tag-headlines","tag-internacional","tag-international","tag-international-news","tag-internationalnews","tag-iran","tag-latest-news","tag-latestnews","tag-masud-pezeshkian","tag-muertos-guerra","tag-news","tag-noticias","tag-noticias-destacadas","tag-noticiasdestacadas","tag-protestas-iran","tag-titulares","tag-ultimas-noticias","tag-ultimasnoticias","tag-world","tag-world-news","tag-worldnews"],"share_on_mastodon":{"url":"","error":"Validation failed: Text character limit of 500 exceeded"},"_links":{"self":[{"href":"https:\/\/www.europesays.com\/es\/wp-json\/wp\/v2\/posts\/394942","targetHints":{"allow":["GET"]}}],"collection":[{"href":"https:\/\/www.europesays.com\/es\/wp-json\/wp\/v2\/posts"}],"about":[{"href":"https:\/\/www.europesays.com\/es\/wp-json\/wp\/v2\/types\/post"}],"author":[{"embeddable":true,"href":"https:\/\/www.europesays.com\/es\/wp-json\/wp\/v2\/users\/2"}],"replies":[{"embeddable":true,"href":"https:\/\/www.europesays.com\/es\/wp-json\/wp\/v2\/comments?post=394942"}],"version-history":[{"count":0,"href":"https:\/\/www.europesays.com\/es\/wp-json\/wp\/v2\/posts\/394942\/revisions"}],"wp:featuredmedia":[{"embeddable":true,"href":"https:\/\/www.europesays.com\/es\/wp-json\/wp\/v2\/media\/394943"}],"wp:attachment":[{"href":"https:\/\/www.europesays.com\/es\/wp-json\/wp\/v2\/media?parent=394942"}],"wp:term":[{"taxonomy":"category","embeddable":true,"href":"https:\/\/www.europesays.com\/es\/wp-json\/wp\/v2\/categories?post=394942"},{"taxonomy":"post_tag","embeddable":true,"href":"https:\/\/www.europesays.com\/es\/wp-json\/wp\/v2\/tags?post=394942"}],"curies":[{"name":"wp","href":"https:\/\/api.w.org\/{rel}","templated":true}]}}