{"id":39514,"date":"2025-08-11T04:00:11","date_gmt":"2025-08-11T04:00:11","guid":{"rendered":"https:\/\/www.europesays.com\/es\/39514\/"},"modified":"2025-08-11T04:00:11","modified_gmt":"2025-08-11T04:00:11","slug":"burgos-propicia-que-del-toro-siga-ganando-galones-en-uae-joanseguidor-com","status":"publish","type":"post","link":"https:\/\/www.europesays.com\/es\/39514\/","title":{"rendered":"Burgos propicia que Del Toro siga ganando galones en UAE &#8211; joanseguidor.com"},"content":{"rendered":"<ol>\n<li><a href=\"https:\/\/news.google.com\/rss\/articles\/CBMiekFVX3lxTFA1eDgxVjc2bTM5Sk45dlZNWm1zOFVVcnNFWHJ5QnhxUzM3aE5oUm1xS21QeFNSMU85WC1SY0hKcW9rYThQMTgwTFdmNmg2VEFIMFlJN3pzV3dXekZFZVcxckhlU2hZNUhaQWo0NldtWXVmX0pzdGNpWkZn?oc=5\" target=\"_blank\" rel=\"nofollow noopener\">Burgos propicia que Del Toro siga ganando galones en UAE<\/a>&nbsp;&nbsp;joanseguidor.com<\/li>\n<li><a href=\"https:\/\/news.google.com\/rss\/articles\/CBMiqgFBVV95cUxNNkNnSFFzTl8wRHRGNW52b1NnTVF0aUw2NC1lRXZSMUJnTnFKcXlJalpyeGVKZmxSN3JhaS1OOC1lLTRCbGpFY1JycTdIS29reGJxODNQUktiM1hURlhPY3JkZHVNQ2hmNE1RU19JSzFVT1B1RVFyZkpDREFrY0hyY0oyU3kwMUVHb01TV185QlJzMEdRTUtNQWJHLThwaGN4TXVXNGE5S2MtZw?oc=5\" target=\"_blank\" rel=\"nofollow noopener\">Gan\u00f3 el que se levant\u00f3 m\u00e1s r\u00e1pido<\/a>&nbsp;&nbsp;El Diario Vasco<\/li>\n<li><a href=\"https:\/\/news.google.com\/rss\/articles\/CBMiswFBVV95cUxQZGZYVHBYN2RaUlh0NGp2bjVUN05ZaVBYb09aM3B2eTIzVzJjMkkxUU1EcW85LUR6ay1SSEFtdDRLMjJxWWJPeWZ0cUtJQVVKZVl6YXZQZmJpTVA5X2lKRURDVFBjQ0ltMTRKOWtiQ0hrbzBCVVZSYUZOcXRjQnVQTkJ1TDNHRDRnM0FtOXdQN0RCVHhRQVYtNjA2RGRjR0Uybm9yeXFaRW9ZeVJlaG5wdzJaMNIBxwFBVV95cUxOaXhOMDRNY19QMGJ3Q2taRDJkZUtwTWZnNVVSamJjdGpqM1gxTlJMQjlCVzAtdGEyOFBNTUN3NlRMbWxESGdTYS1JSTU5bHJacWxPNzRVQjVZSzBmTG9PMklwUkx2RHJHQkYwUlZveVBIR3RtaGZZSDl4N0R3MHN3bmhfalg5RTBmU1Z6VzExc2I3NG1menJUSkNOZzExSTRiT3RwYmdzVkE4NWhoLW92VnI1OU83YTlxV1NodlRiUzl0a0Izc0RF?oc=5\" target=\"_blank\" rel=\"nofollow noopener\">Del Toro se proclama ganador de la Vuelta a Burgos<\/a>&nbsp;&nbsp;Cadena SER<\/li>\n<li><a href=\"https:\/\/news.google.com\/rss\/articles\/CBMizwFBVV95cUxNNVdRQTdMVURsSzJFVjZXMHh5TldQWTBtU1J5cDM1bDBkVzhXOEdXazB4WmVvazN4UEFaMGRGTGktT2FqU21Dam9HdjhBblpxMm1zdVJhRFNNRXNiUFlpV0RCVGtMTlZYNnZLNG9zcXpyYzRHQ0tuX2F6dzB2Y0RkV0NHSGJXaWVJWkdDdmg5eEFvWlZ1Qkh5UGdqbnB4YWVNTk1udzdJbGttNXpFaTl2bjFIYXdadjB3LUtPSWd1TGZOMjVuc1lyZXBneDh6ajDSAeMBQVVfeXFMUFZCUFFEaUc5UFd4YjFzZjRsdHdQMldHV3ozQzZKd0RuaFB0d0t1TmFLalBNMi1wbldfOWVnUjNkUDB5VWNOZXJEcnZpemVtSU5ybnZDMUc1Y0JvaVVOSEE5cWwyT0Q0UmJLZnlkSEtvNHpQdVg1RXJLd0Q2Q081Y21wckpHUWYtRlV3SEdEUE9rWEFHYVRJSVU1a3FNeDg3ajZGaGhLX2lVVHR4X0tWb3hOWHZNOUxnZEt1UnZjOElYdjYxREp0U2tUVlo1Q3U2cy1Qb1MzaVNjWXpvTDZIWVpfM0E?oc=5\" target=\"_blank\" rel=\"nofollow noopener\">Resumen y resultado de la Vuelta a Burgos 2025: Quintana del Pidio &#8211; Lagunas de Neila<\/a>&nbsp;&nbsp;Diario AS<\/li>\n<li><a href=\"https:\/\/news.google.com\/rss\/articles\/CBMivwFBVV95cUxPN1ctRmpoTkdsbnRPcXNkdDZFSlFmTnBuNkUxb0xWeE9WUVpWdlJfaDN0cjJuVFR6TG5QSldwQWZxR3VHWkhRdE5ZWTJ5VXdQeTBvOHN4T0VvZTNtVm5FQ2p6X0Y2VmNicHRLQnBrY2JTNE9EcHA2MXpNZjR1N3BpdXQ3VEU0SXVqMkZOM0FYdnVMRHRDanNHWnk5WXhab1ZjUkZiYVpGdTA5NTgyREk1SFhtS1dGNmNrbGc5M3V2Y9IBvwFBVV95cUxONFJteTZ5ZGduZTVfWWwzTko4NllCRXRBbWtGN3B5eWpTZEJFS1NDd3ZPUkhqM2VZYlBBZWtiN3pCQTk5TmlpcnhGZkNBQkFxMWdzQ0Q4WEZLYVBWSThscDVLa1FtV3dNcUk1OVpUSTVhdThNMVJ6MVRNbzlFbUdyM3JSNkVITlMzNzcyREhZXzZyT2VhTWtjREZEcUhCOFc4LXgwV1J0RTNaWldwLU56WFRyVERfQXFwVUFUb0MxYw?oc=5\" target=\"_blank\" rel=\"nofollow noopener\">Isaac del Toro se adjudica la Vuelta a Burgos en las Lagunas de Neila<\/a>&nbsp;&nbsp;EITB<\/li>\n<\/ol>\n","protected":false},"excerpt":{"rendered":"Burgos propicia que Del Toro siga ganando galones en UAE&nbsp;&nbsp;joanseguidor.com Gan\u00f3 el que se levant\u00f3 m\u00e1s r\u00e1pido&nbsp;&nbsp;El Diario&hellip;\n","protected":false},"author":2,"featured_media":39515,"comment_status":"","ping_status":"","sticky":false,"template":"","format":"standard","meta":{"footnotes":""},"categories":[273],"tags":[313,312,168,25,24,2548,11730,23,167],"class_list":{"0":"post-39514","1":"post","2":"type-post","3":"status-publish","4":"format-standard","5":"has-post-thumbnail","7":"category-ciclismo","8":"tag-ciclismo","9":"tag-cycling","10":"tag-deportes","11":"tag-es","12":"tag-espana","13":"tag-featured","14":"tag-isaac-del-toro","15":"tag-spain","16":"tag-sports"},"share_on_mastodon":{"url":"","error":""},"_links":{"self":[{"href":"https:\/\/www.europesays.com\/es\/wp-json\/wp\/v2\/posts\/39514","targetHints":{"allow":["GET"]}}],"collection":[{"href":"https:\/\/www.europesays.com\/es\/wp-json\/wp\/v2\/posts"}],"about":[{"href":"https:\/\/www.europesays.com\/es\/wp-json\/wp\/v2\/types\/post"}],"author":[{"embeddable":true,"href":"https:\/\/www.europesays.com\/es\/wp-json\/wp\/v2\/users\/2"}],"replies":[{"embeddable":true,"href":"https:\/\/www.europesays.com\/es\/wp-json\/wp\/v2\/comments?post=39514"}],"version-history":[{"count":0,"href":"https:\/\/www.europesays.com\/es\/wp-json\/wp\/v2\/posts\/39514\/revisions"}],"wp:featuredmedia":[{"embeddable":true,"href":"https:\/\/www.europesays.com\/es\/wp-json\/wp\/v2\/media\/39515"}],"wp:attachment":[{"href":"https:\/\/www.europesays.com\/es\/wp-json\/wp\/v2\/media?parent=39514"}],"wp:term":[{"taxonomy":"category","embeddable":true,"href":"https:\/\/www.europesays.com\/es\/wp-json\/wp\/v2\/categories?post=39514"},{"taxonomy":"post_tag","embeddable":true,"href":"https:\/\/www.europesays.com\/es\/wp-json\/wp\/v2\/tags?post=39514"}],"curies":[{"name":"wp","href":"https:\/\/api.w.org\/{rel}","templated":true}]}}