{"id":39518,"date":"2025-08-11T04:02:09","date_gmt":"2025-08-11T04:02:09","guid":{"rendered":"https:\/\/www.europesays.com\/es\/39518\/"},"modified":"2025-08-11T04:02:09","modified_gmt":"2025-08-11T04:02:09","slug":"el-crack-azulgrana-mas-perjudicado","status":"publish","type":"post","link":"https:\/\/www.europesays.com\/es\/39518\/","title":{"rendered":"el crack azulgrana m\u00e1s perjudicado"},"content":{"rendered":"<p>                <a href=\"https:\/\/cronicaglobal.elespanol.com\/culemania\/secciones\/\" class=\"kicker--section\" rel=\"nofollow noopener\" target=\"_blank\">Secciones<\/a><\/p>\n<p>\n    El jugador azulgrana no est\u00e1 encontr\u00e1ndose a s\u00ed mismo durante los primeros compases de la pretemporada y el t\u00e9cnico espa\u00f1ol lo alinea fuera de su posici\u00f3n\n<\/p>\n<p>    Noticias relacionadas<\/p>\n<p class=\"paragraph\" id=\"paragraph_1\">La selecci\u00f3n espa\u00f1ola de baloncesto se est\u00e1 preparando para encarar un nuevo Eurobasket este verano. Los de <a href=\"https:\/\/cronicaglobal.elespanol.com\/culemania\/real-madrid\/20250808\/fichaje-real-madrid-intimidar-barca-basket-nba\/1003742680490_0.html?utm_cmp_rs=linksinline\" target=\"_blank\" rel=\"nofollow noopener\">Sergio Scariolo<\/a> han empezado <strong>una ruta por Europa que los enfrentar\u00e1 contra varios combinados<\/strong> nacionales antes de disputar el torneo continental entre el 27 de agosto y el 14 de septiembre. Ante la situaci\u00f3n, el reci\u00e9n nombrado t\u00e9cnico del <a href=\"https:\/\/cronicaglobal.elespanol.com\/culemania\/real-madrid\/20250807\/real-madrid-torpedea-seleccion-scariolo-no-casualidad\/1003742680035_0.html?utm_cmp_rs=linksinline\" target=\"_blank\" rel=\"nofollow noopener\">Real Madrid de basket<\/a> est\u00e1 contando activamente con la participaci\u00f3n de <strong>tres jugadores del <a href=\"https:\/\/cronicaglobal.elespanol.com\/culemania\/secciones\/20250809\/sorprendente-declaracion-barca-basket-tension-silenciada-enelvestuario\/1003742680548_0.html?utm_cmp_rs=linksinline\" target=\"_blank\" rel=\"nofollow noopener\">Bar\u00e7a de basket<\/a><\/strong>. Uno de ellos no est\u00e1 jugando bien y<strong> est\u00e1 siendo alineado fuera de su posici\u00f3n<\/strong>.<\/p>\n<p>Una selecci\u00f3n te\u00f1ida de azulgrana<\/p>\n<p class=\"paragraph\" id=\"paragraph_2\">Los tres azulgranas que forman parte de la expedici\u00f3n de la selecci\u00f3n espa\u00f1ola de baloncesto son <strong>Dar\u00edo Brizuela, Willy Hernang\u00f3mez y Joel Parra<\/strong>. Los dos primeros est\u00e1n demostrando su veteran\u00eda y temple en el combinado nacional, siendo piezas clave para Scariolo. Sin embargo, <a href=\"https:\/\/cronicaglobal.elespanol.com\/culemania\/secciones\/20250610\/fichajes-secundarios-navarro-estructura-barca-propuesta-renovacion\/1003742664687_0.html?utm_cmp_rs=linksinline\" target=\"_blank\" rel=\"nofollow noopener\">Parra<\/a><strong>\u00a0no est\u00e1 gozando del mejor inicio de campa\u00f1a de su carrera<\/strong>.<\/p>\n<p><img decoding=\"async\" alt=\"Willy Hern\u00e1ngomez, en un partido del Eurobasket de 2022\" data-imgm=\"true\" height=\"180\" loading=\"lazy\"  src=\"https:\/\/www.europesays.com\/es\/wp-content\/uploads\/2025\/08\/777682263_8171087_1024x576.jpg\"  width=\"320\"\/><\/p>\n<p>                                                            Willy Hern\u00e1ngomez, en un partido del Eurobasket de 2022<\/p>\n<p>                    REDES<\/p>\n<p><img decoding=\"async\" alt=\"Dar\u00edo Brizuela se reivindica en el Bar\u00e7a de basket-M\u00f3naco de Euroliga\" data-imgm=\"true\" height=\"180\" loading=\"lazy\"  src=\"https:\/\/www.europesays.com\/es\/wp-content\/uploads\/2025\/08\/1003742654385_14981052_1024x576.jpg\"  width=\"320\"\/><\/p>\n<p>                                                            Dar\u00edo Brizuela se reivindica en el Bar\u00e7a de basket-M\u00f3naco de Euroliga<\/p>\n<p>                    EFE<\/p>\n<p>Fuera de posici\u00f3n<\/p>\n<p class=\"paragraph\" id=\"paragraph_3\">El interior barcelon\u00e9s fue uno de los jugadores <strong>m\u00e1s revalorizados de la plantilla de Joan Pe\u00f1arroya<\/strong> la temporada pasada. Perdi\u00f3 cerca de <strong>15 kilos<\/strong> y se asent\u00f3 en la posici\u00f3n de &#8216;3&#8217; del equipo cul\u00e9. Ahora, tras la marcha de <strong>Jabari Parker y Metu,<\/strong> su futuro en <a href=\"https:\/\/cronicaglobal.elespanol.com\/culemania\/secciones\/20250809\/ultima-venta-barca-belletti-jugador-pasado-espanyol\/1003742680567_0.html?utm_cmp_rs=linksinline\" target=\"_blank\" rel=\"nofollow noopener\">Can Bar\u00e7a<\/a> parece moverse &#8211;otra vez&#8211; al <strong>&#8216;4&#8217;<\/strong>. Dicha transformaci\u00f3n requiere una adaptaci\u00f3n de la que no est\u00e1 gozando en la selecci\u00f3n espa\u00f1ola. Scariolo lo pone de &#8216;3&#8217;, ya que el ala-p\u00edvot est\u00e1 ocupado por <strong>Santi Aldama<\/strong>.<\/p>\n<p><img decoding=\"async\" alt=\"El tiro libre de Joel Parra en el partido contra el BAXI Manresa\" data-imgm=\"true\" height=\"180\" loading=\"lazy\"  src=\"https:\/\/www.europesays.com\/es\/wp-content\/uploads\/2025\/08\/921667947_14068755_1024x576.jpg\"  width=\"320\"\/><\/p>\n<p>                                                            El tiro libre de Joel Parra en el partido contra el BAXI Manresa<\/p>\n<p>                    FCB<\/p>\n<p>Poco acierto<\/p>\n<p class=\"paragraph\" id=\"paragraph_4\">De esta manera, Parra <strong>debe jugar fuera de la posici\u00f3n<\/strong> que ocupar\u00e1 el pr\u00f3ximo curso. Sea por &#8216;A&#8217; o por &#8216;B&#8217;, el interior de la Ciudad Condal <strong>no est\u00e1 empezando demasiado bien su preparaci\u00f3n<\/strong>. En los dos encuentros disputados de pretemporada con Espa\u00f1a, Joel promedia <strong>2 puntos y 3,5 rebotes<\/strong> en <strong>uno de 10 de tiros de campo acertados<\/strong>.<\/p>\n<p><img decoding=\"async\" alt=\"Joel Parra lanza un tiro en suspensi\u00f3n en el derbi catal\u00e1n contra el Lleida\" data-imgm=\"true\" height=\"180\" loading=\"lazy\"  src=\"https:\/\/www.europesays.com\/es\/wp-content\/uploads\/2025\/08\/891420918_13545850_1024x576.jpg\"  width=\"320\"\/><\/p>\n<p>                                                            Joel Parra lanza un tiro en suspensi\u00f3n en el derbi catal\u00e1n contra el Lleida<\/p>\n<p>                    FCB<\/p>\n<p class=\"paragraph\" id=\"paragraph_5\">Dicho desacierto no se debe a la poca confianza de <a href=\"https:\/\/cronicaglobal.elespanol.com\/culemania\/real-madrid\/20250808\/fichaje-real-madrid-intimidar-barca-basket-nba\/1003742680490_0.html?utm_cmp_rs=linksinline\" target=\"_blank\" rel=\"nofollow noopener\">Scariolo<\/a>. De hecho, en ambos partidos &#8211;contra Portugal y Rep\u00fablica Checa&#8211; <strong>Parra ha sido titular<\/strong>. Asimismo, sus estad\u00edsticas globales no son nefastas y solo ata\u00f1en a dos partidos. <strong>Veremos c\u00f3mo evoluciona la situaci\u00f3n<\/strong>.<\/p>\n","protected":false},"excerpt":{"rendered":"Secciones El jugador azulgrana no est\u00e1 encontr\u00e1ndose a s\u00ed mismo durante los primeros compases de la pretemporada y&hellip;\n","protected":false},"author":2,"featured_media":39519,"comment_status":"","ping_status":"","sticky":false,"template":"","format":"standard","meta":{"footnotes":""},"categories":[269],"tags":[299,2296,298,168,25,24,4469,4470,23,167],"class_list":{"0":"post-39518","1":"post","2":"type-post","3":"status-publish","4":"format-standard","5":"has-post-thumbnail","7":"category-baloncesto","8":"tag-baloncesto","9":"tag-barca","10":"tag-basketball","11":"tag-deportes","12":"tag-es","13":"tag-espana","14":"tag-fcb-basket","15":"tag-secciones","16":"tag-spain","17":"tag-sports"},"share_on_mastodon":{"url":"","error":""},"_links":{"self":[{"href":"https:\/\/www.europesays.com\/es\/wp-json\/wp\/v2\/posts\/39518","targetHints":{"allow":["GET"]}}],"collection":[{"href":"https:\/\/www.europesays.com\/es\/wp-json\/wp\/v2\/posts"}],"about":[{"href":"https:\/\/www.europesays.com\/es\/wp-json\/wp\/v2\/types\/post"}],"author":[{"embeddable":true,"href":"https:\/\/www.europesays.com\/es\/wp-json\/wp\/v2\/users\/2"}],"replies":[{"embeddable":true,"href":"https:\/\/www.europesays.com\/es\/wp-json\/wp\/v2\/comments?post=39518"}],"version-history":[{"count":0,"href":"https:\/\/www.europesays.com\/es\/wp-json\/wp\/v2\/posts\/39518\/revisions"}],"wp:featuredmedia":[{"embeddable":true,"href":"https:\/\/www.europesays.com\/es\/wp-json\/wp\/v2\/media\/39519"}],"wp:attachment":[{"href":"https:\/\/www.europesays.com\/es\/wp-json\/wp\/v2\/media?parent=39518"}],"wp:term":[{"taxonomy":"category","embeddable":true,"href":"https:\/\/www.europesays.com\/es\/wp-json\/wp\/v2\/categories?post=39518"},{"taxonomy":"post_tag","embeddable":true,"href":"https:\/\/www.europesays.com\/es\/wp-json\/wp\/v2\/tags?post=39518"}],"curies":[{"name":"wp","href":"https:\/\/api.w.org\/{rel}","templated":true}]}}