{"id":39520,"date":"2025-08-11T04:03:09","date_gmt":"2025-08-11T04:03:09","guid":{"rendered":"https:\/\/www.europesays.com\/es\/39520\/"},"modified":"2025-08-11T04:03:09","modified_gmt":"2025-08-11T04:03:09","slug":"la-venta-de-perraud-una-operacion-redonda","status":"publish","type":"post","link":"https:\/\/www.europesays.com\/es\/39520\/","title":{"rendered":"La venta de Perraud, una operaci\u00f3n redonda"},"content":{"rendered":"<p class=\"parrafo\">El Betis est\u00e1 inmerso en acelerar una operaci\u00f3n salida que comenz\u00f3 muy fuerte en el principio del mercado y luego se fue frenando hasta llegar el mes de agosto. Ahora, con casi todos los fichajes realizados, a expensas del pivote y Antony y la posibilidad de un delantero, <strong>el conjunto verdiblanco est\u00e1 centr\u00e1ndose en dar salida a los descartes que todav\u00eda contin\u00faan en el club<\/strong>. <\/p>\n<p class=\"parrafo\">El primero en esta lista ha sido Gonzalo Petit, que se ha marchado cedido al Mirand\u00e9s tras fichar este mismo verano por el equipo heliopolitano como una apuesta de futuro. El segundo ha sido <strong>Romain Perraud, que ha abandonado el conjunto de las trece barras para regresar a Francia de la mano del Lille<\/strong>. Los siguientes deben ser Borja Iglesias al Celta y Nobel Mendy, que tendr\u00e1 que decidir entre Rangers y Rayo Vallecano.<\/p>\n<p><a class=\"elementos-rel-t2\" href=\"https:\/\/www.estadiodeportivo.com\/futbol\/betis\/respuesta-ricardo-rodriguez-los-cantos-sirena-del-mercado-20250809-507254.html\" title=\"La respuesta de Ricardo Rodr\u00edguez a los cantos de sirena del mercado\" rel=\"nofollow noopener\" target=\"_blank\">La respuesta de Ricardo Rodr\u00edguez a los cantos de sirena del mercado<img decoding=\"async\" src=\"https:\/\/www.europesays.com\/es\/wp-content\/uploads\/2025\/08\/a3c89db4-a143-4a03-996d-1ca2a8cef5a5_320x180.jpeg\" alt=\"La respuesta de Ricardo Rodr\u00edguez a los cantos de sirena del mercado\"\/><\/a><a class=\"elementos-rel-t2\" href=\"https:\/\/www.estadiodeportivo.com\/futbol\/betis\/oficial-tambien-perraud-las-cifras-operacion-las-ofertas-que-desecho-20250808-507211.html\" title=\"Oficial tambi\u00e9n lo de Perraud: las cifras de la operaci\u00f3n y las ofertas que desech\u00f3\" rel=\"nofollow noopener\" target=\"_blank\">Oficial tambi\u00e9n lo de Perraud: las cifras de la operaci\u00f3n y las ofertas que desech\u00f3<img decoding=\"async\" src=\"https:\/\/www.europesays.com\/es\/wp-content\/uploads\/2025\/08\/5cece690-7289-4af6-8487-6bb5a75204e4_320x180.png\" alt=\"Oficial tambi\u00e9n lo de Perraud: las cifras de la operaci\u00f3n y las ofertas que desech\u00f3\"\/><\/a><a class=\"elementos-rel-t2\" href=\"https:\/\/www.estadiodeportivo.com\/futbol\/betis\/perraud-despide-esta-locura-llama-betis-fue-solo-ano-pero-20250809-507225.html\" title=\"Perraud se despide: &quot;Esta locura llamada Betis, fue solo un a\u00f1o pero...&quot;\" rel=\"nofollow noopener\" target=\"_blank\">Perraud se despide: \u00abEsta locura llamada Betis, fue solo un a\u00f1o pero&#8230;\u00bb<img decoding=\"async\" src=\"https:\/\/www.europesays.com\/es\/wp-content\/uploads\/2025\/08\/13460c98-a8a6-489d-a0f2-dc29752184fc_320x180.jpeg\" alt=\"Perraud se despide: &quot;Esta locura llamada Betis, fue solo un a\u00f1o pero...&quot;\"\/><\/a><\/p>\n<p class=\"parrafo\">Centr\u00e1ndonos en el caso de Perraud, el lateral ha durado un a\u00f1o en el Betis. Su fichaje la temporada pasada como apuesta de la direcci\u00f3n deportiva para renovar el lateral izquierdo no ha terminado de asentarse en el Benito Villamar\u00edn. <strong>A pesar de jugar 41 partidos entre todas las competiciones, el rendimiento del franc\u00e9s no ha sido el esperado por la entidad heliopolitana<\/strong> y, un a\u00f1o despu\u00e9s de su llegada, se le ha buscado una salida aprovechando el mercado que todav\u00eda tiene en Francia.<\/p>\n<p class=\"parrafo\"><strong>Betis y Lille han acordado un traspaso con el pago de un fijo de tres millones de euros y unas variables de 500.000<\/strong> para que el conjunto verdiblanco pueda recuperar su inversi\u00f3n de hace apenas un a\u00f1o y, a corto plazo, consiga inscribir a los fichajes que a\u00fan no son de la partida y a los que firmaron nuevos contratos o activaron cl\u00e1usulas distintas, como el caso de Ricardo Rodr\u00edguez, para la primera jornada de LaLiga ante el Elche. <\/p>\n<p><img decoding=\"async\" src=\"https:\/\/www.europesays.com\/es\/wp-content\/uploads\/2025\/08\/0b25cde1-bc21-4224-86bc-da629ddaaa14_770x216.jpeg\" loading=\"lazy\"\/><\/p>\n<p class=\"parrafo\">Con esa operaci\u00f3n, en Estadio Deportivo hemos querido plantear a la afici\u00f3n b\u00e9tica si le parece una buena venta para el club, tanto a nivel econ\u00f3mico como a nivel de calidad en la plantilla. Dentro de la igualdad que ha dejado la encuesta Helvetia, la opci\u00f3n del &#8216;s\u00ed&#8217; ha salido ganadora. <strong>El 52,70% de los votantes creen que es una gran venta por parte del club<\/strong>, seguramente condicionado por la recuperaci\u00f3n de la inversi\u00f3n realizada un a\u00f1o antes a pesar de ser un descarte. <strong>El 47,30% restante de los votos creen que la operaci\u00f3n no es buena para los intereses b\u00e9ticos.<\/strong><\/p>\n","protected":false},"excerpt":{"rendered":"El Betis est\u00e1 inmerso en acelerar una operaci\u00f3n salida que comenz\u00f3 muy fuerte en el principio del mercado&hellip;\n","protected":false},"author":2,"featured_media":39521,"comment_status":"","ping_status":"","sticky":false,"template":"","format":"standard","meta":{"footnotes":""},"categories":[268],"tags":[168,25,24,284,285,280,282,288,286,281,23,167],"class_list":{"0":"post-39520","1":"post","2":"type-post","3":"status-publish","4":"format-standard","5":"has-post-thumbnail","7":"category-futbol","8":"tag-deportes","9":"tag-es","10":"tag-espana","11":"tag-estadio-deportivo","12":"tag-fichajes","13":"tag-football","14":"tag-futbol","15":"tag-laliga","16":"tag-real-betis-balompie","17":"tag-soccer","18":"tag-spain","19":"tag-sports"},"share_on_mastodon":{"url":"","error":""},"_links":{"self":[{"href":"https:\/\/www.europesays.com\/es\/wp-json\/wp\/v2\/posts\/39520","targetHints":{"allow":["GET"]}}],"collection":[{"href":"https:\/\/www.europesays.com\/es\/wp-json\/wp\/v2\/posts"}],"about":[{"href":"https:\/\/www.europesays.com\/es\/wp-json\/wp\/v2\/types\/post"}],"author":[{"embeddable":true,"href":"https:\/\/www.europesays.com\/es\/wp-json\/wp\/v2\/users\/2"}],"replies":[{"embeddable":true,"href":"https:\/\/www.europesays.com\/es\/wp-json\/wp\/v2\/comments?post=39520"}],"version-history":[{"count":0,"href":"https:\/\/www.europesays.com\/es\/wp-json\/wp\/v2\/posts\/39520\/revisions"}],"wp:featuredmedia":[{"embeddable":true,"href":"https:\/\/www.europesays.com\/es\/wp-json\/wp\/v2\/media\/39521"}],"wp:attachment":[{"href":"https:\/\/www.europesays.com\/es\/wp-json\/wp\/v2\/media?parent=39520"}],"wp:term":[{"taxonomy":"category","embeddable":true,"href":"https:\/\/www.europesays.com\/es\/wp-json\/wp\/v2\/categories?post=39520"},{"taxonomy":"post_tag","embeddable":true,"href":"https:\/\/www.europesays.com\/es\/wp-json\/wp\/v2\/tags?post=39520"}],"curies":[{"name":"wp","href":"https:\/\/api.w.org\/{rel}","templated":true}]}}