{"id":39540,"date":"2025-08-11T04:15:10","date_gmt":"2025-08-11T04:15:10","guid":{"rendered":"https:\/\/www.europesays.com\/es\/39540\/"},"modified":"2025-08-11T04:15:10","modified_gmt":"2025-08-11T04:15:10","slug":"europa-presiona-por-incluir-a-ucrania-en-la-cumbre-entre-eeuu-y-rusia","status":"publish","type":"post","link":"https:\/\/www.europesays.com\/es\/39540\/","title":{"rendered":"Europa presiona por incluir a Ucrania en la cumbre entre EEUU y Rusia"},"content":{"rendered":"<p>    <img src=\"https:\/\/www.europesays.com\/es\/wp-content\/uploads\/2025\/08\/1754885710_110_696n8cx-item01-ipad-89807649.jpg\" width=\"1024\" height=\"546\" alt=\"\" loading=\"eager\" decoding=\"sync\" fetchpriority=\"high\"\/><\/p>\n<p>            afp_tickers        <\/p>\n<p>        Este contenido fue publicado en    <\/p>\n<p>        11 agosto 2025 &#8211; 01:47\n<\/p>\n<p>L\u00edderes europeos presionaron el domingo por la inclusi\u00f3n de Kiev en las conversaciones entre Washington y Mosc\u00fa de esta semana, en las cuales el presidente ucraniano Volodimir Zelenski podr\u00e1 participar, seg\u00fan un diplom\u00e1tico estadounidense.<\/p>\n<p>Los presidentes de Rusia y Estados Unidos se reunir\u00e1n el 15 de agosto en Alaska como parte de los esfuerzos de Trump para intentar encontrar una salida al conflicto que empez\u00f3 en febrero de 2022 con la invasi\u00f3n rusa a Ucrania.<\/p>\n<p>Pero gobernantes de la Uni\u00f3n Europea han insistido en que cualquier acuerdo para poner fin a la guerra de tres a\u00f1os deb\u00eda contar con la presencia de Ucrania.<\/p>\n<p>Ministros de Relaciones Exteriores de la UE discutir\u00e1n la cumbre el lunes en una videoconferencia, junto a su par ucraniano.<\/p>\n<p>El embajador estadounidense ante la OTAN, Matthew Whitaker, afirm\u00f3 el domingo que el presidente ucraniano Zelenski s\u00ed podr\u00e1 participar en la cumbre de Alaska.<\/p>\n<p>\u00abSi, yo ciertamente creo que es posible\u00bb, dijo Whitaker a CNN sobre la participaci\u00f3n de Zelenski. \u00abNo puede haber un acuerdo en el que cada una de las partes involucradas no est\u00e9 de acuerdo\u00bb.<\/p>\n<p>La exclusi\u00f3n de Ucrania de la cumbre gener\u00f3 consternaci\u00f3n de un posible acuerdo que exija a Kiev ceder territorio a Rusia, algo que la UE rechaza.<\/p>\n<p>Al anunciar la cumbre, Trump dijo que \u00abhabr\u00e1 alg\u00fan intercambio de territorios para el beneficio de ambos\u00bb, refiri\u00e9ndose a Ucrania y Rusia, sin dar m\u00e1s detalles.<\/p>\n<p>\u00abNo pueden tomarse decisiones en nuestra contra, no pueden tomarse decisiones sin Ucrania. Ser\u00eda una decisi\u00f3n contra la paz. No conseguir\u00e1n nada\u00bb, advirti\u00f3 Zelenski en redes sociales. \u00abLos ucranianos no entregar\u00e1n su tierra al ocupante\u00bb.<\/p>\n<p>El domingo, los principales l\u00edderes europeos firmaron una declaraci\u00f3n afirmando que \u00absolo un enfoque que combina diplomacia activa, apoyo a Ucrania y presi\u00f3n sobre la Federaci\u00f3n Rusa\u00bb podr\u00e1 poner fin a la guerra.<\/p>\n<p>\u00abAplaudimos el trabajo del presidente Trump por detener la masacre en Ucrania\u00bb y \u00abestamos listos para apoyar ese trabajo en el plano diplom\u00e1tico, adem\u00e1s de mantener nuestro sustancial apoyo militar y financiero a Ucrania\u00bb as\u00ed como \u00abmanteniendo e imponiendo medidas restrictivas contra la Federaci\u00f3n Rusa\u00bb, indicaron los l\u00edderes europeos.<\/p>\n<p>Entre los firmantes de la declaraci\u00f3n figuran el franc\u00e9s Emmanuel Macron, la italiana Giorgia Meloni, el alem\u00e1n Fiedrich Merz, el polaco Donald Tusk y el brit\u00e1nico Keir Starmer, adem\u00e1s de la presidenta de la Comisi\u00f3n Europea, Ursula von der Leyen.<\/p>\n<p>\u00abCualquier acuerdo entre Estados Unidos y Rusia debe incluir a Ucrania y a la UE, pues se trata de la seguridad de Ucrania y de toda Europa\u00bb, dijo en un comunicado el domingo, recordando que \u00abel derecho internacional es claro: todos los territorios ocupados temporalmente pertenecen a Ucrania\u00bb.<\/p>\n<p>Las tres rondas de negociaciones entre Rusia y Ucrania celebradas este a\u00f1o no dieron frutos, y sigue sin estar claro si una cumbre contribuir\u00e1 a acercar la paz.<\/p>\n<p>\u2013 Cumbre en Alaska \u2013<\/p>\n<p>La invasi\u00f3n rusa de Ucrania de febrero de 2022, ha dejado decenas de miles de muertos, millones de desplazados y grandes destrozos.<\/p>\n<p>Putin se ha resistido a los m\u00faltiples llamamientos de Estados Unidos, Europa y Ucrania para que se declare un alto el fuego.\u00a0<\/p>\n<p>La cumbre en Alaska, un territorio que Rusia vendi\u00f3 a Estados Unidos en 1867, ser\u00eda la primera entre los presidentes en ejercicio de Estados Unidos y Rusia desde que Joe Biden se reuni\u00f3 con Putin en Ginebra en junio de 2021.<\/p>\n<p>Trump y Putin se reunieron por \u00faltima vez en 2019 en una cumbre del G20 en Jap\u00f3n durante el primer mandato del estadounidense, aunque han hablado por tel\u00e9fono en varias ocasiones desde enero.<\/p>\n<p>Despu\u00e9s de m\u00e1s de tres a\u00f1os de combates, las posiciones ucranianas y rusas siguen siendo irreconciliables.<\/p>\n<p>Para poner fin al conflicto, Mosc\u00fa exige que Ucrania ceda cuatro regiones parcialmente ocupadas (Donetsk, Lugansk, Zaporiyia y Jers\u00f3n), adem\u00e1s de Crimea, anexionada en 2014, y que renuncie a los suministros de armas occidentales y a cualquier adhesi\u00f3n a la OTAN.<\/p>\n<p>Estas exigencias son inaceptables para Ucrania, que exige la retirada de las tropas rusas de su territorio y garant\u00edas de seguridad occidentales. Esto incluir\u00eda m\u00e1s suministros de armas y el despliegue de un contingente europeo, a lo que Rusia se opone.<\/p>\n<p>bur-sw\/mas\/pc\/mb\/mas\/cjc<\/p>\n","protected":false},"excerpt":{"rendered":"afp_tickers Este contenido fue publicado en 11 agosto 2025 &#8211; 01:47 L\u00edderes europeos presionaron el domingo por la&hellip;\n","protected":false},"author":2,"featured_media":39541,"comment_status":"","ping_status":"","sticky":false,"template":"","format":"standard","meta":{"footnotes":""},"categories":[42],"tags":[635,17,18,636,13,14,11,61,62,63,64,19,20,9,10,15,16,90,12,21,22,65,66,67],"class_list":{"0":"post-39540","1":"post","2":"type-post","3":"status-publish","4":"format-standard","5":"has-post-thumbnail","7":"category-internacional","8":"tag-armed-conflict","9":"tag-breaking-news","10":"tag-breakingnews","11":"tag-conflict","12":"tag-featured-news","13":"tag-featurednews","14":"tag-headlines","15":"tag-internacional","16":"tag-international","17":"tag-international-news","18":"tag-internationalnews","19":"tag-latest-news","20":"tag-latestnews","21":"tag-news","22":"tag-noticias","23":"tag-noticias-destacadas","24":"tag-noticiasdestacadas","25":"tag-ticker","26":"tag-titulares","27":"tag-ultimas-noticias","28":"tag-ultimasnoticias","29":"tag-world","30":"tag-world-news","31":"tag-worldnews"},"share_on_mastodon":{"url":"","error":""},"_links":{"self":[{"href":"https:\/\/www.europesays.com\/es\/wp-json\/wp\/v2\/posts\/39540","targetHints":{"allow":["GET"]}}],"collection":[{"href":"https:\/\/www.europesays.com\/es\/wp-json\/wp\/v2\/posts"}],"about":[{"href":"https:\/\/www.europesays.com\/es\/wp-json\/wp\/v2\/types\/post"}],"author":[{"embeddable":true,"href":"https:\/\/www.europesays.com\/es\/wp-json\/wp\/v2\/users\/2"}],"replies":[{"embeddable":true,"href":"https:\/\/www.europesays.com\/es\/wp-json\/wp\/v2\/comments?post=39540"}],"version-history":[{"count":0,"href":"https:\/\/www.europesays.com\/es\/wp-json\/wp\/v2\/posts\/39540\/revisions"}],"wp:featuredmedia":[{"embeddable":true,"href":"https:\/\/www.europesays.com\/es\/wp-json\/wp\/v2\/media\/39541"}],"wp:attachment":[{"href":"https:\/\/www.europesays.com\/es\/wp-json\/wp\/v2\/media?parent=39540"}],"wp:term":[{"taxonomy":"category","embeddable":true,"href":"https:\/\/www.europesays.com\/es\/wp-json\/wp\/v2\/categories?post=39540"},{"taxonomy":"post_tag","embeddable":true,"href":"https:\/\/www.europesays.com\/es\/wp-json\/wp\/v2\/tags?post=39540"}],"curies":[{"name":"wp","href":"https:\/\/api.w.org\/{rel}","templated":true}]}}