{"id":39542,"date":"2025-08-11T04:16:10","date_gmt":"2025-08-11T04:16:10","guid":{"rendered":"https:\/\/www.europesays.com\/es\/39542\/"},"modified":"2025-08-11T04:16:10","modified_gmt":"2025-08-11T04:16:10","slug":"otros-ayuntamientos-dan-por-hecho-que-tendran-que-debatir-la-polemica-mocion-aprobada-en-jumilla","status":"publish","type":"post","link":"https:\/\/www.europesays.com\/es\/39542\/","title":{"rendered":"Otros ayuntamientos dan por hecho que tendr\u00e1n que debatir la pol\u00e9mica moci\u00f3n aprobada en Jumilla"},"content":{"rendered":"<p><img fetchpriority=\"high\" class=\"v-a-img\" src=\"https:\/\/www.europesays.com\/es\/wp-content\/uploads\/2025\/08\/1499583652-R8v3lpt0ubPeJcv5lvqpchJ-1200x840@La Verdad.JPG\" loading=\"eager\" decoding=\"async\" alt=\"Pleno municipal celebrado en el Ayuntamiento de Jumilla el pasado viernes 8 de agosto.\"  width=\"1200\" height=\"840\"\/><\/p>\n<p>Pleno municipal celebrado en el Ayuntamiento de Jumilla el pasado viernes 8 de agosto.          Andr\u00e9s Molina \/ AGM        <\/p>\n<p>El texto, dentro de la ofensiva emprendida por Vox en junio en todo el pa\u00eds, ya fue rechazado en Murcia, Mazarr\u00f3n y Torre Pacheco. Entre los alcaldes del PP en la Regi\u00f3n, algunos admiten de puertas para adentro que se ha creado un problema innecesario<\/p>\n<p><a class=\"v-mdl-ath__fig-a\" href=\"https:\/\/www.laverdad.es\/autor\/lazaro-gimenez-6972.html\" title=\"L\u00e1zaro Gim\u00e9nez\" rel=\"nofollow noopener\" target=\"_blank\"><br \/>\n<img decoding=\"async\" class=\"v-mdl-ath__img\" src=\"https:\/\/www.europesays.com\/es\/wp-content\/uploads\/2025\/08\/autor-6972-foto-2.png\" alt=\"L\u00e1zaro Gim\u00e9nez\"\/><br \/>\n<\/a><\/p>\n<p class=\"v-mdl-ath__p v-mdl-ath__p--6\">\nDomingo, 10 de agosto 2025, 20:39<\/p>\n<p class=\"v-p\">Tras una semana de alto voltaje pol\u00edtico, el PP conf\u00eda en que <a href=\"https:\/\/www.laverdad.es\/murcia\/jumilla\/pueblo-queria-polemica-20250810222535-nt.html\" target=\"_self\" data-voc-vtm-id=\"in-text-traffic\" title=\"la pol\u00e9mica en torno al acuerdo alcanzado en el pleno del Ayuntamiento de Jumilla\" data-mrf-link=\"www.laverdad.es\" rel=\"nofollow noopener\">la pol\u00e9mica en torno al acuerdo alcanzado en el pleno del Ayuntamiento de Jumilla<\/a> se vaya diluyendo a lo largo de los pr\u00f3ximos d\u00edas. Sin embargo, entre los alcaldes populares que gobiernan en buena parte de la Regi\u00f3n hay algunos que admiten, de puertas para adentro, que se les ha creado un problema innecesario. Consideran que \u00ablas cosas se pod\u00edan haber resuelto de otra manera\u00bb y hay cierta \u00abpreocupaci\u00f3n\u00bb por el uso que ahora vaya a hacer Vox cuando decida llevar la misma moci\u00f3n a debate en otros Plenos municipales y c\u00f3mo puede afectar a la convivencia en sus localidades.<\/p>\n<p class=\"v-p\">La iniciativa parte de la <a href=\"https:\/\/www.laverdad.es\/murcia\/vox-propuso-junio-ofensiva-ritos-islamicos-nivel-20250809235517-nt.html\" target=\"_self\" data-voc-vtm-id=\"in-text-traffic\" title=\"ofensiva emprendida en todo el territorio nacional por Vox en junio\" data-mrf-link=\"www.laverdad.es\" rel=\"nofollow noopener\">ofensiva emprendida en todo el territorio nacional por Vox en junio<\/a>, cuando la registr\u00f3 en el Congreso (donde fue rechazada), en los parlamentos auton\u00f3micos y en ayuntamientos de todo el pa\u00eds. Con el mismo contenido, la moci\u00f3n de la que parte<a href=\"https:\/\/www.laverdad.es\/murcia\/jumilla\/pp-mantiene-veto-jumilla-pesar-acusaciones-racismo-20250808231441-nt.html\" target=\"_self\" data-voc-vtm-id=\"in-text-traffic\" title=\" este \u00faltimo episodio convertido en tormenta pol\u00edtica y social\" data-mrf-link=\"www.laverdad.es\" rel=\"nofollow noopener\"> este \u00faltimo episodio convertido en tormenta pol\u00edtica y social<\/a>, ya fue frenada por el PP en el Ayuntamiento de Murcia (la consideraron \u00abun poco m\u00e1s sectaria de la cuenta\u00bb). Tampoco prosper\u00f3 en Torre Pacheco ni en Mazarr\u00f3n, donde los populares se abstuvieron. A la espera de que, a la vuelta del verano, otros consistorios tambi\u00e9n puedan tramitarla, los regidores del PP intentan no hablar de &#8216;efecto contagio&#8217;. <\/p>\n<p class=\"v-p\">Este mismo domingo, <a href=\"https:\/\/www.laverdad.es\/murcia\/cartagena\/noelia-arroyo-preparando-apertura-progresiva-anfiteatro-romano-20250810073025-nt.html\" target=\"_self\" data-voc-vtm-id=\"in-text-traffic\" title=\"en entrevista con LA VERDAD, la alcaldesa de Cartagena, Noelia Arroyo\" data-mrf-link=\"www.laverdad.es\" rel=\"nofollow noopener\">en entrevista con LA VERDAD, la alcaldesa de Cartagena, Noelia Arroyo<\/a>, que gobierna en coalici\u00f3n con Vox, optaba por encontrar lo que une a ambas formaciones en su postura sobre el millar de inmigrantes acogidos por el Gobierno el Hospital Naval: \u00abEstamos trabajando juntos incluso en esta materia\u00bb.<\/p>\n<p class=\"v-p\">En Lorca y Molina de Segura, donde el PP tambi\u00e9n tiene a Vox como socio de gobierno, sus respectivos alcaldes admiten que hasta ahora siempre han colaborado con la comunidad musulmana para poner a su disposici\u00f3n instalaciones o espacios municipales para sus rezos. <\/p>\n<p class=\"v-p\">\u00abNunca hemos tenido ning\u00fan problema, ni con este Gobierno municipal, ni con otros de distinto signo\u00bb, seg\u00fan el lorquino Fulgencio Gil. Este consistorio ha cedido espacios como el aparcamiento de Ifelor o del estadio de f\u00fatbol &#8216;Art\u00e9s Carrasco&#8217;. En Molina, Jos\u00e9 \u00c1ngel Alfonso explica que se les ha cedido el recinto para eventos REMO. \u00abNo ha habido ning\u00fan inconveniente ni Vox ha planteado nada as\u00ed\u00bb, subraya tambi\u00e9n este alcalde. En su caso, ya tuvo que atravesar <a href=\"https:\/\/www.laverdad.es\/murcia\/molina\/polemica-tik-tok-teniente-alcalde-molina-aparecen-20250204113720-nt.html\" target=\"_self\" data-voc-vtm-id=\"in-text-traffic\" title=\"otra pol\u00e9mica debido a los mensajes se\u00f1alando a la poblaci\u00f3n musulmana\" data-mrf-link=\"www.laverdad.es\" rel=\"nofollow noopener\">otra pol\u00e9mica debido a los mensajes se\u00f1alando a la poblaci\u00f3n musulmana<\/a> compartidos en sus redes sociales por Antonio Mart\u00ednez, su teniente de alcalde y concejal de Seguridad Ciudadana, de Vox.<\/p>\n<p class=\"v-p\">Mientras este domingo Santiago Abascal <a href=\"https:\/\/www.laverdad.es\/nacional\/abascal-ataca-conferencia-episcopal-tras-criticas-veto-20250810171812-ntrc.html\" target=\"_self\" data-voc-vtm-id=\"in-text-traffic\" title=\"cargaba contra la Conferencia Episcopal por sus cr\u00edticas\" data-mrf-link=\"www.laverdad.es\" rel=\"nofollow noopener\">cargaba contra la Conferencia Episcopal por sus cr\u00edticas<\/a>, tambi\u00e9n este fin de semana, la portavoz nacional del PSOE, Montse M\u00ednguez, advirti\u00f3 que en su partido van a luchar \u00abcon todas las herramientas democr\u00e1ticas\u00bb para acabar \u00abcon esta confrontaci\u00f3n y con este discurso de odio al que nos est\u00e1 llevando ese t\u00e1ndem del PP y Vox\u00bb. Para M\u00ednguez, Jumilla \u00abno es un caso aislado\u00bb y record\u00f3 los altercados en Torre Pacheco, donde critic\u00f3 la postura \u00abmuy tibia\u00bb del PP para condenar a los responsables.<\/p>\n<p>Comenta<\/p>\n<p>Reporta un error<\/p>\n","protected":false},"excerpt":{"rendered":"Pleno municipal celebrado en el Ayuntamiento de Jumilla el pasado viernes 8 de agosto. Andr\u00e9s Molina \/ AGM&hellip;\n","protected":false},"author":2,"featured_media":39543,"comment_status":"","ping_status":"","sticky":false,"template":"","format":"standard","meta":{"footnotes":""},"categories":[8],"tags":[19298,16672,17,18,7441,3636,25,24,13,14,11,15657,19,20,1351,9,10,15,16,1526,23,12,21,22],"class_list":{"0":"post-39542","1":"post","2":"type-post","3":"status-publish","4":"format-standard","5":"has-post-thumbnail","7":"category-espana","8":"tag-aprobada","9":"tag-ayuntamientos","10":"tag-breaking-news","11":"tag-breakingnews","12":"tag-dan","13":"tag-debatir","14":"tag-es","15":"tag-espana","16":"tag-featured-news","17":"tag-featurednews","18":"tag-headlines","19":"tag-jumilla","20":"tag-latest-news","21":"tag-latestnews","22":"tag-mocion","23":"tag-news","24":"tag-noticias","25":"tag-noticias-destacadas","26":"tag-noticiasdestacadas","27":"tag-polemica","28":"tag-spain","29":"tag-titulares","30":"tag-ultimas-noticias","31":"tag-ultimasnoticias"},"share_on_mastodon":{"url":"","error":""},"_links":{"self":[{"href":"https:\/\/www.europesays.com\/es\/wp-json\/wp\/v2\/posts\/39542","targetHints":{"allow":["GET"]}}],"collection":[{"href":"https:\/\/www.europesays.com\/es\/wp-json\/wp\/v2\/posts"}],"about":[{"href":"https:\/\/www.europesays.com\/es\/wp-json\/wp\/v2\/types\/post"}],"author":[{"embeddable":true,"href":"https:\/\/www.europesays.com\/es\/wp-json\/wp\/v2\/users\/2"}],"replies":[{"embeddable":true,"href":"https:\/\/www.europesays.com\/es\/wp-json\/wp\/v2\/comments?post=39542"}],"version-history":[{"count":0,"href":"https:\/\/www.europesays.com\/es\/wp-json\/wp\/v2\/posts\/39542\/revisions"}],"wp:featuredmedia":[{"embeddable":true,"href":"https:\/\/www.europesays.com\/es\/wp-json\/wp\/v2\/media\/39543"}],"wp:attachment":[{"href":"https:\/\/www.europesays.com\/es\/wp-json\/wp\/v2\/media?parent=39542"}],"wp:term":[{"taxonomy":"category","embeddable":true,"href":"https:\/\/www.europesays.com\/es\/wp-json\/wp\/v2\/categories?post=39542"},{"taxonomy":"post_tag","embeddable":true,"href":"https:\/\/www.europesays.com\/es\/wp-json\/wp\/v2\/tags?post=39542"}],"curies":[{"name":"wp","href":"https:\/\/api.w.org\/{rel}","templated":true}]}}