{"id":39548,"date":"2025-08-11T04:19:13","date_gmt":"2025-08-11T04:19:13","guid":{"rendered":"https:\/\/www.europesays.com\/es\/39548\/"},"modified":"2025-08-11T04:19:13","modified_gmt":"2025-08-11T04:19:13","slug":"pedro-andres-corta-la-primera-oreja-de-la-feria-taurina-de-blanca","status":"publish","type":"post","link":"https:\/\/www.europesays.com\/es\/39548\/","title":{"rendered":"Pedro Andr\u00e9s corta la primera oreja de la Feria Taurina de Blanca"},"content":{"rendered":"<p class=\"ft-text\">Primera novillada de la <strong>Feria Taurina de Blanca.<\/strong> Rozando el lleno en los tendidos de la port\u00e1til. Un encierro de <strong>El A\u00f1ad\u00edo <\/strong>de sensacional trap\u00edo y juego, as\u00ed como complicado, que se estrell\u00f3 con la biso\u00f1ez de los toricantos acartelados. Quienes inauguraron el piso plaza fueron las<strong> reinas de las fiestas y su corte <\/strong>a los sones del pasodoble <strong>Operador<\/strong>.<\/p>\n<p class=\"ft-text\">La salida del primero provoc\u00f3 el clamor de los tendidos, un novillo con hechuras de toro. <strong>Curro M\u00e1rquez <\/strong>se vio desbordado en el capote por las embestidas de su rival. En banderillas, el novillo sigui\u00f3 mandando en el ruedo y en la muleta el de <strong>Fuengirola <\/strong>estuvo muy desconfiado y sin llegar a dominar la suerte ante las acometidas del <strong>Santa Coloma<\/strong>, fiel a su raza y muy complicado. Suerte que M\u00e1rquez atin\u00f3 a hundir la espada. Silencio.<\/p>\n<p><img decoding=\"async\" src=\"https:\/\/www.europesays.com\/es\/wp-content\/uploads\/2025\/08\/2ad37339-58d2-4a05-be23-4d08d91aac4e_alta-libre-aspect-ratio_default_0.jpg\" width=\"1200\" height=\"934\" alt=\"Pedro Andr\u00e9s, en el toreo en redondo. | ENRIQUE SOLER\" class=\"ft-helper-img-rd\" loading=\"lazy\" hasdataaida=\"true\"\/><\/p>\n<p class=\"ft-helper-fontColor-quaternary ft-helper-fontSize-body-S ft-helper-spacer-t-xxs\">Pedro Andr\u00e9s, en el toreo en redondo. | ENRIQUE SOLER <\/p>\n<p class=\"ft-text\">Su segundo embest\u00eda a tarascadas y M\u00e1rquez se emple\u00f3 un poco m\u00e1s, aunque la codicia del novillo le obligaba a lancear dando un paso atr\u00e1s. De nuevo, \u2018cante grande\u2019 en varas y banderillas, pero cante del malo. Pocas opciones ofreci\u00f3 el novillo en la muleta al malague\u00f1o, refugi\u00e1ndose en un toreo de porf\u00eda y teniendo que estar huidizo a lo largo de la suerte. <strong>Cerrando de media estocada. <\/strong>Silencio.<\/p>\n<p class=\"ft-text\">El primero de Pedro Andr\u00e9s tambi\u00e9n tuvo romana, un novillo con hechuras y astifino, que tuvo a su merced al navarro, hasta que, tirando de oficio, lo pudo meter en la canasta, cuando pis\u00f3 el centro de anillo. <strong>En banderillas hubo s\u00f3lo emoci\u00f3n, cero brillo. <\/strong>En la suerte de muleta, el joven navarro se vio impotente ante un novillo que nunca descolg\u00f3 y que ten\u00eda media embestida y solo pudo dejar una enrevesada faena que el \u00fanico m\u00e9rito que tuvo fue ponerse delante y aguantar. Err\u00f3 al no doblarse desde el principio con el novillo, que hubiera tenido mejor comportamiento. Muy desconfiado con la espada, a la hora de concluir la faena dej\u00f3 media estocada que fue suficiente. Aviso y t\u00edmidas palmas.<\/p>\n<p class=\"ft-text\">In\u00e9dito Pedro Andr\u00e9s con el capote en el cuarto, otro novillo con cuajo de toro. Nuevo festival en varas y con los palos. <strong>Brind\u00f3 a la pe\u00f1a Manolete<\/strong>. El novillo fue el que m\u00e1s se dej\u00f3 con la franela y el navarro pis\u00f3 con m\u00e1s confianza los terrenos donde se torean a los toros. Y no es que fuera una faena de altura, pero s\u00ed que estuvo m\u00e1s entonado y torero, bajando las manos en los derechazos. Se entreg\u00f3 en el segundo intento, dejando estocada trasera y ladeada, oreja tras aviso y descabello. Su rival, aplaudido en el arrastre.<\/p>\n<p><img decoding=\"async\" src=\"https:\/\/www.europesays.com\/es\/wp-content\/uploads\/2025\/08\/a77a3732-fba6-4263-ad51-ab26b07275c5_alta-libre-aspect-ratio_default_0.jpg\" width=\"1200\" height=\"651\" alt=\"Curro M\u00e1rquez, en el toreo al natural. | ENRIQUE SOLER\" class=\"ft-helper-img-rd\" loading=\"lazy\" hasdataaida=\"true\"\/><\/p>\n<p class=\"ft-helper-fontColor-quaternary ft-helper-fontSize-body-S ft-helper-spacer-t-xxs\">Curro M\u00e1rquez, en el toreo al natural. | ENRIQUE SOLER <\/p>\n<p class=\"ft-text\">Para cerrar el festejo, con el apoyo del<strong> Gobierno de la Regi\u00f3n de Murcia<\/strong>, salt\u00f3 a la arena un eral de Alvalle para una clase pr\u00e1ctica del espigado calasparre\u00f1o <strong>Jes\u00fas Montiel,<\/strong> quien brind\u00f3 al gran aficionado Lolo Mar\u00edn, del Club El Quite de <a class=\"ft-link ft-link--decoration\" href=\"https:\/\/www.laopiniondemurcia.es\/municipios\/calasparra\/\" rel=\"nofollow noopener\" target=\"_blank\">Calasparra<\/a>. Muy suelto y vistoso, tanto con el capote como en la muleta, en una gran faena que comenz\u00f3 con excelentes ayudados, siendo muy aplaudido. Concluy\u00f3 con estocada trasera, que fue efectiva, recogiendo dos orejas y rabo, adem\u00e1s de la vuelta al ruedo para el eral.<\/p>\n<p class=\"ft-text\">La siguiente cita ser\u00e1 el mi\u00e9rcoles 13 de agosto. Ser\u00e1 el turno de los novilleros David L\u00f3pez y Joselito de C\u00f3rdoba, adem\u00e1s de la participaci\u00f3n del alumno de la <strong>Escuela Taurina David Pardo.<\/strong> Ser\u00e1 un encierro de Aguadulce y Herederos de D. Jos\u00e9 Mar\u00eda Aristrain de la Cruz.<\/p>\n","protected":false},"excerpt":{"rendered":"Primera novillada de la Feria Taurina de Blanca. Rozando el lleno en los tendidos de la port\u00e1til. Un&hellip;\n","protected":false},"author":2,"featured_media":39549,"comment_status":"","ping_status":"","sticky":false,"template":"","format":"standard","meta":{"footnotes":""},"categories":[277],"tags":[2987,373,4708,168,25,24,19299,4801,1822,1078,23,167,374,913],"class_list":{"0":"post-39548","1":"post","2":"type-post","3":"status-publish","4":"format-standard","5":"has-post-thumbnail","7":"category-toreo","8":"tag-andres","9":"tag-bullfighting","10":"tag-corta","11":"tag-deportes","12":"tag-es","13":"tag-espana","14":"tag-feria-taurina-de-blanca","15":"tag-oreja","16":"tag-pedro","17":"tag-primera","18":"tag-spain","19":"tag-sports","20":"tag-toreo","21":"tag-toro"},"share_on_mastodon":{"url":"","error":""},"_links":{"self":[{"href":"https:\/\/www.europesays.com\/es\/wp-json\/wp\/v2\/posts\/39548","targetHints":{"allow":["GET"]}}],"collection":[{"href":"https:\/\/www.europesays.com\/es\/wp-json\/wp\/v2\/posts"}],"about":[{"href":"https:\/\/www.europesays.com\/es\/wp-json\/wp\/v2\/types\/post"}],"author":[{"embeddable":true,"href":"https:\/\/www.europesays.com\/es\/wp-json\/wp\/v2\/users\/2"}],"replies":[{"embeddable":true,"href":"https:\/\/www.europesays.com\/es\/wp-json\/wp\/v2\/comments?post=39548"}],"version-history":[{"count":0,"href":"https:\/\/www.europesays.com\/es\/wp-json\/wp\/v2\/posts\/39548\/revisions"}],"wp:featuredmedia":[{"embeddable":true,"href":"https:\/\/www.europesays.com\/es\/wp-json\/wp\/v2\/media\/39549"}],"wp:attachment":[{"href":"https:\/\/www.europesays.com\/es\/wp-json\/wp\/v2\/media?parent=39548"}],"wp:term":[{"taxonomy":"category","embeddable":true,"href":"https:\/\/www.europesays.com\/es\/wp-json\/wp\/v2\/categories?post=39548"},{"taxonomy":"post_tag","embeddable":true,"href":"https:\/\/www.europesays.com\/es\/wp-json\/wp\/v2\/tags?post=39548"}],"curies":[{"name":"wp","href":"https:\/\/api.w.org\/{rel}","templated":true}]}}