{"id":395569,"date":"2026-02-13T19:23:10","date_gmt":"2026-02-13T19:23:10","guid":{"rendered":"https:\/\/www.europesays.com\/es\/395569\/"},"modified":"2026-02-13T19:23:10","modified_gmt":"2026-02-13T19:23:10","slug":"la-banda-epica-encabeza-el-cartel-del-sabado-del-z-live-en-zamora","status":"publish","type":"post","link":"https:\/\/www.europesays.com\/es\/395569\/","title":{"rendered":"La banda Epica encabeza el cartel del s\u00e1bado del Z! Live en Zamora"},"content":{"rendered":"<p class=\"ft-text\">El<a class=\"ft-link ft-link--decoration\" href=\"https:\/\/www.laopiniondezamora.es\/tags\/z-live-rock-fest\/\" rel=\"nofollow noopener\" target=\"_blank\"><strong> Z! Live Rock Fest<\/strong><\/a><strong> 2026<\/strong> suma un nuevo nombre internacional de primer nivel a su cartel, <strong>Epica.<\/strong><\/p>\n<p class=\"ft-text\"><strong> La banda neerlandesa <\/strong>ser\u00e1 el cabeza de cartel de la jornada del s\u00e1bado<strong> 13 de junio.<\/strong><\/p>\n<p class=\"ft-text\">Con m\u00e1s de dos d\u00e9cadas de trayectoria, la banda liderada por Simone Simons es<strong> una de las referencias mundiales del metal sinf\u00f3nico<\/strong>. Su presencia en Zamora \u00absupone un nuevo salto cualitativo para un evento que, edici\u00f3n tras edici\u00f3n, ha situado a la provincia en el mapa internacional de la m\u00fasica en directo\u00bb subrayan desde la organizaci\u00f3n.<\/p>\n<p class=\"ft-text\">La jornada del s\u00e1bado contar\u00e1 adem\u00e1s con nombres como <strong>Soziedad Alkoholika<\/strong> y <strong>Tesseract<\/strong>, dentro de un cartel que reunir\u00e1 durante tres d\u00edas a algunas de las bandas m\u00e1s destacadas del panorama europeo y estatal.<\/p>\n<p>Grupos<\/p>\n<p class=\"ft-text\">La confirmaci\u00f3n de Epica se suma a una edici\u00f3n que ya cuenta con <strong>Opeth, Emperor y Bury Tomorrow<\/strong> en la jornada del jueves, y con <strong>Saxon y H.E.A.T.<\/strong> el viernes, reforzando una programaci\u00f3n que vuelve a atraer p\u00fablico de toda Espa\u00f1a y del extranjero.<\/p>\n<p class=\"ft-text\">El Z! Live \u00abes un evento cultural y tur\u00edstico que genera impacto econ\u00f3mico y proyecta la imagen de Zamora m\u00e1s all\u00e1 de nuestras fronteras. Con un formato limitado a 10.000 asistentes y sin solapamientos entre conciertos, el festival ha construido una identidad propia basada en la calidad, la cercan\u00eda y la experiencia cuidada\u00bb subrayan.<\/p>\n<p>60% aforo vendido<\/p>\n<p class=\"ft-text\">\u00abCon <strong>el 60% del aforo ya vendido<\/strong> y asistentes confirmados de m\u00faltiples comunidades aut\u00f3nomas y pa\u00edses europeos, el Z! Live Rock Fest 2026 volver\u00e1 a llenar Zamora de actividad durante casi una semana, reforzando su papel como motor cultural y econ\u00f3mico del territorio\u00bb remarcan desde la organizaci\u00f3n.<\/p>\n<p class=\"ft-text\">El respaldo del <strong>Ayuntamiento de Zamora<\/strong> y la <strong>Diputaci\u00f3n Provincial de Zamora<\/strong> contin\u00faa siendo fundamental para el crecimiento del evento, que se ha consolidado como una de las citas musicales m\u00e1s relevantes de Castilla y Le\u00f3n y como un ejemplo de colaboraci\u00f3n institucional y apuesta por la cultura.<\/p>\n","protected":false},"excerpt":{"rendered":"El Z! Live Rock Fest 2026 suma un nuevo nombre internacional de primer nivel a su cartel, Epica.&hellip;\n","protected":false},"author":2,"featured_media":395570,"comment_status":"","ping_status":"","sticky":false,"template":"","format":"standard","meta":{"footnotes":""},"categories":[170],"tags":[3677,4398,3567,146,147,4096,25,24,184,185,3397,23,42228,2946],"class_list":["post-395569","post","type-post","status-publish","format-standard","has-post-thumbnail","category-musica","tag-banda","tag-cartel","tag-encabeza","tag-entertainment","tag-entretenimiento","tag-epica","tag-es","tag-espana","tag-music","tag-musica","tag-sabado","tag-spain","tag-z-live-rock-fest","tag-zamora"],"share_on_mastodon":{"url":"https:\/\/pubeurope.com\/@es\/116064957662049840","error":""},"_links":{"self":[{"href":"https:\/\/www.europesays.com\/es\/wp-json\/wp\/v2\/posts\/395569","targetHints":{"allow":["GET"]}}],"collection":[{"href":"https:\/\/www.europesays.com\/es\/wp-json\/wp\/v2\/posts"}],"about":[{"href":"https:\/\/www.europesays.com\/es\/wp-json\/wp\/v2\/types\/post"}],"author":[{"embeddable":true,"href":"https:\/\/www.europesays.com\/es\/wp-json\/wp\/v2\/users\/2"}],"replies":[{"embeddable":true,"href":"https:\/\/www.europesays.com\/es\/wp-json\/wp\/v2\/comments?post=395569"}],"version-history":[{"count":0,"href":"https:\/\/www.europesays.com\/es\/wp-json\/wp\/v2\/posts\/395569\/revisions"}],"wp:featuredmedia":[{"embeddable":true,"href":"https:\/\/www.europesays.com\/es\/wp-json\/wp\/v2\/media\/395570"}],"wp:attachment":[{"href":"https:\/\/www.europesays.com\/es\/wp-json\/wp\/v2\/media?parent=395569"}],"wp:term":[{"taxonomy":"category","embeddable":true,"href":"https:\/\/www.europesays.com\/es\/wp-json\/wp\/v2\/categories?post=395569"},{"taxonomy":"post_tag","embeddable":true,"href":"https:\/\/www.europesays.com\/es\/wp-json\/wp\/v2\/tags?post=395569"}],"curies":[{"name":"wp","href":"https:\/\/api.w.org\/{rel}","templated":true}]}}