{"id":395592,"date":"2026-02-13T19:40:09","date_gmt":"2026-02-13T19:40:09","guid":{"rendered":"https:\/\/www.europesays.com\/es\/395592\/"},"modified":"2026-02-13T19:40:09","modified_gmt":"2026-02-13T19:40:09","slug":"suspension-de-partidos-del-14-de-febrero-de-2026-noticias","status":"publish","type":"post","link":"https:\/\/www.europesays.com\/es\/395592\/","title":{"rendered":"Suspensi\u00f3n de partidos del 14 de febrero de 2026 &#8211; NOTICIAS"},"content":{"rendered":"<p style=\"text-align: justify;\">Con motivo de la alerta meteorol\u00f3gica naranja por vientos en el territorio regional, desde la Federaci\u00f3n de Baloncesto de la Regi\u00f3n de Murcia <strong>se procede a suspender TODOS LOS ENCUENTROS programados para el s\u00e1bado 14 de febrero de 2026<\/strong> desde categor\u00eda BENJAM\u00cdN hasta SENIOR. Adem\u00e1s, <strong>tambi\u00e9n se modifica la concentraci\u00f3n de las Pre-Selecciones Auton\u00f3micas Minibasket<\/strong> de la forma que estaba para este fin de semana en San Javier y <strong>arrancar\u00e1 el domingo a las 9:00 horas<\/strong>.<\/p>\n<p style=\"text-align: justify;\">La seguridad y precauci\u00f3n en los desplazamientos es el motivo principal por el cual se ha tomado esta decisi\u00f3n, para minimizar riesgos para jugadores\/as, entrenadores\/as, \u00e1rbitros\/as y dem\u00e1s miembros de clubes y familias de nuestro baloncesto.<\/p>\n<p style=\"text-align: justify;\"> En el apartado \u00abDocumentos\u00bb se puede descargar la relaci\u00f3n de partidos suspendidos \/ aplazados.<\/p>\n<p style=\"text-align: justify;\">Agradecemos la comprensi\u00f3n.<\/p>\n","protected":false},"excerpt":{"rendered":"Con motivo de la alerta meteorol\u00f3gica naranja por vientos en el territorio regional, desde la Federaci\u00f3n de Baloncesto&hellip;\n","protected":false},"author":2,"featured_media":395593,"comment_status":"","ping_status":"","sticky":false,"template":"","format":"standard","meta":{"footnotes":""},"categories":[269],"tags":[10606,3076,299,298,3008,19912,168,25,24,11540,2500,1783,1478,10,6758,6192,23,167,7680],"class_list":["post-395592","post","type-post","status-publish","format-standard","has-post-thumbnail","category-baloncesto","tag-10606","tag-3076","tag-baloncesto","tag-basketball","tag-de","tag-del","tag-deportes","tag-es","tag-espana","tag-febrero","tag-federacion","tag-la","tag-murcia","tag-noticias","tag-partidos","tag-region","tag-spain","tag-sports","tag-suspension"],"share_on_mastodon":{"url":"https:\/\/pubeurope.com\/@es\/116065024452825955","error":""},"_links":{"self":[{"href":"https:\/\/www.europesays.com\/es\/wp-json\/wp\/v2\/posts\/395592","targetHints":{"allow":["GET"]}}],"collection":[{"href":"https:\/\/www.europesays.com\/es\/wp-json\/wp\/v2\/posts"}],"about":[{"href":"https:\/\/www.europesays.com\/es\/wp-json\/wp\/v2\/types\/post"}],"author":[{"embeddable":true,"href":"https:\/\/www.europesays.com\/es\/wp-json\/wp\/v2\/users\/2"}],"replies":[{"embeddable":true,"href":"https:\/\/www.europesays.com\/es\/wp-json\/wp\/v2\/comments?post=395592"}],"version-history":[{"count":0,"href":"https:\/\/www.europesays.com\/es\/wp-json\/wp\/v2\/posts\/395592\/revisions"}],"wp:featuredmedia":[{"embeddable":true,"href":"https:\/\/www.europesays.com\/es\/wp-json\/wp\/v2\/media\/395593"}],"wp:attachment":[{"href":"https:\/\/www.europesays.com\/es\/wp-json\/wp\/v2\/media?parent=395592"}],"wp:term":[{"taxonomy":"category","embeddable":true,"href":"https:\/\/www.europesays.com\/es\/wp-json\/wp\/v2\/categories?post=395592"},{"taxonomy":"post_tag","embeddable":true,"href":"https:\/\/www.europesays.com\/es\/wp-json\/wp\/v2\/tags?post=395592"}],"curies":[{"name":"wp","href":"https:\/\/api.w.org\/{rel}","templated":true}]}}