{"id":395596,"date":"2026-02-13T19:42:11","date_gmt":"2026-02-13T19:42:11","guid":{"rendered":"https:\/\/www.europesays.com\/es\/395596\/"},"modified":"2026-02-13T19:42:11","modified_gmt":"2026-02-13T19:42:11","slug":"nuria-roca-condena-el-humillante-ataque-de-rosa-belmonte-a-sarah-santaolalla-y-justifica-la-reaccion-de-juan-del-val","status":"publish","type":"post","link":"https:\/\/www.europesays.com\/es\/395596\/","title":{"rendered":"Nuria Roca condena el \u00abhumillante\u00bb ataque de Rosa Belmonte a Sarah Santaolalla y justifica la reacci\u00f3n de Juan del Val"},"content":{"rendered":"<p class=\"article-text\">\n        <strong>Nuria Roca<\/strong> califica de <strong>\u201caberraci\u00f3n\u201d y \u201chumillaci\u00f3n\u201d <\/strong>el comentario que <strong>Rosa Belmonte<\/strong> hizo sobre <strong>Sarah Santaolalla<\/strong> el pasado martes en <strong>El Hormiguero<\/strong> de Antena 3. Aunque no la mencion\u00f3 por su nombre en ese preciso instante, Belmonte dijo que la conocida tertuliana de RTVE y Mediaset es <a href=\"https:\/\/www.eldiario.es\/vertele\/noticias\/ataque-machista-rosa-belmonte-sarah-santaolalla-hormiguero-mitad-tonta-mitad-tetas_1_12980807.html\" target=\"_blank\" data-mrf-recirculation=\"links-noticia\" class=\"link\" rel=\"nofollow noopener\">\u201cmitad tonta\u201d y \u201cmitad tetas\u201d<\/a>.\n    <\/p>\n<p>    <a href=\"https:\/\/www.eldiario.es\/vertele\/noticias\/luna-ki-rompe-silencio-marcha-benidorm-fest-2026-final-bomba-caido_1_12987512.html\" data-mrf-recirculation=\"saber-mas\" data-dl-event=\"saber-mas\" rel=\"nofollow noopener\" target=\"_blank\"><\/p>\n<p class=\"know-more__title\">Luna Ki rompe su silencio tras su marcha del Benidorm Fest 2026: \u00abAl final la bomba me ha ca\u00eddo a m\u00ed\u00bb<\/p>\n<p>            <img decoding=\"async\" class=\"lazy\" loading=\"lazy\" data-src=\"https:\/\/static.eldiario.es\/clip\/248a2b3a-fc48-4c97-aeed-2b65e12c7b52_16-9-aspect-ratio_default_0.jpg\" src=\"data:image\/svg+xml,%3Csvg xmlns=\" http:=\"\" viewbox=\"0 0 880 495\" alt=\"Luna Ki rompe su silencio tras su marcha del Benidorm Fest 2026: &quot;Al final la bomba me ha ca\u00eddo a m\u00ed&quot;\"\/><\/p>\n<p>                        <\/a><\/p>\n<p class=\"article-text\">\n        Roca, que tambi\u00e9n suele participar en la mesa de actualidad de El Hormiguero, considera que este ataque machista, por el que \u201chay que pedir perd\u00f3n\u201d, est\u00e1 \u201cabsolutamente fuera de lugar\u201d y hace que \u201cretrocedamos en todo lo que hemos avanzado\u201d, especialmente en el contexto pol\u00edtico actual.\n    <\/p>\n<p class=\"article-text\">\n        La presentadora de Atresmedia ha grabado un v\u00eddeo en el que, adem\u00e1s de criticar el \u201cdesafortunado\u201d comentario de Rosa Belmonte, que est\u00e1 cargado de \u201codio\u201d, defiende la manera en la que reaccion\u00f3 su marido, <strong>Juan del Val<\/strong>, cuando escuch\u00f3 en directo la pol\u00e9mica declaraci\u00f3n.\n    <\/p>\n<p class=\"article-text\">\n        Nadie en El Hormiguero conden\u00f3 lo que hab\u00eda dicho Belmonte, y el escritor, que estaba junto a ella, simplemente esboz\u00f3 una sonrisa que tard\u00f3 poco en diluirse. \u201cJuan no sonr\u00ede de manera c\u00f3mplice, lo hace de manera inc\u00f3moda porque en ese momento, en directo, era muy consciente de lo que estaba sucediendo\u201d.\n    <\/p>\n<p>            <img decoding=\"async\" class=\"lazy\" loading=\"lazy\" data-src=\"https:\/\/static.eldiario.es\/clip\/c1b6424d-e3fd-4e43-98bb-ae91c9a4a8d2_16-9-discover-aspect-ratio_default_0.jpg\" src=\"data:image\/svg+xml,%3Csvg xmlns=\" http:=\"\" viewbox=\"0 0 1200 675\" alt=\"Sarah Santaolalla \/ Rosa Belmonte\"\/><\/p>\n<p class=\"article-text\">\n        Seg\u00fan la valenciana, Juan del Val se mantuvo en un segundo plano <strong>para \u201cno dejar en mal lugar a Rosa\u201d y para evitar que se creara \u201cun cisma en la tertulia\u201d<\/strong>. Hay quien interpreta que el colaborador tuvo una actitud \u201cc\u00f3mplice\u201d con su compa\u00f1era y, por lo tanto, \u201ctodos los que le tienen tant\u00edsimas ganas\u201d han aprovechado esta ocasi\u00f3n para tacharlo de \u201cmachista\u201d.\n    <\/p>\n<p class=\"article-text\">\n        \u201cMe parece tan injusto y tan terrible que, por supuesto, me tengo que pronunciar antes de que nadie me pregunte. Me parece tan terrible todo el odio que llevan algunas personas dentro, entre ellas Rosa Belmonte con ese comentario hacia Sarah Santaolalla, que deber\u00edamos hacer todos una reflexi\u00f3n sobre lo que est\u00e1 pasando\u201d, lamenta Nuria Roca en este extenso v\u00eddeo que ha publicado en las redes sociales.\n    <\/p>\n<p class=\"article-text\">\n        \u201cEl que es v\u00edctima de un acoso es v\u00edctima independientemente de lo que piense. Juan lo ha sido muchas veces y ah\u00ed es donde creo que pecamos y somos tremendamente hip\u00f3critas porque solo vemos la violencia cuando nos toca en nuestro lado\u201d, a\u00f1ade la presentadora, que niega con rotundidad que su marido, con el que ha compartido los \u00faltimos 28 a\u00f1os de su vida, sea una persona machista.\n    <\/p>\n<p class=\"article-text\">\n        <strong>\u201cJam\u00e1s he visto una actitud machista por su parte\u201d<\/strong>, subraya Roca, tras lo cual pide al p\u00fablico que le muestre cualquier documento que pruebe lo contrario. \u201cNo he visto ni una sola frase salida de la boca de Juan que sea machista. Todo lo contrario, \u00e9l ha hecho que yo sea mucho m\u00e1s feminista de lo que ya era\u201d, concluye.\n    <\/p>\n<p>    <a href=\"https:\/\/www.eldiario.es\/vertele\/noticias\/rosa-belmonte-ataque-machista-sarah-santaolalla-hormiguero-si-aspavientos-no-disculpo_1_12987932.html\" data-mrf-recirculation=\"saber-mas-abajo\" data-dl-event=\"saber-mas-abajo\" rel=\"nofollow noopener\" target=\"_blank\"><\/p>\n<p class=\"know-more__title\">Rosa Belmonte hace de menos su ataque machista a Sarah Santaolalla en &#8216;El Hormiguero&#8217;: \u201cSi es para hacer aspavientos no me disculpo\u201d\n<\/p>\n<p>            <img decoding=\"async\" class=\"lazy\" loading=\"lazy\" data-src=\"https:\/\/static.eldiario.es\/clip\/58ada942-d797-4738-91f8-c6f031649d23_16-9-aspect-ratio_default_0.jpg\" src=\"data:image\/svg+xml,%3Csvg xmlns=\" http:=\"\" viewbox=\"0 0 880 495\" alt=\"Rosa Belmonte hace de menos su ataque machista a Sarah Santaolalla en 'El Hormiguero': &quot;Si es para hacer aspavientos no me disculpo&quot;\"\/><\/p>\n<p>                        <\/a><\/p>\n<blockquote class=\"instagram-media\" data-instgrm-version=\"14\" data-instgrm-permalink=\"https:\/\/www.instagram.com\/reel\/DUqsjugjGSU\/\" data-instgrm-captioned=\"\"\/>\n<p class=\"article-text\">\n        Tanto Rosa Belmonte como El Hormiguero se han disculpado por el pol\u00e9mico ataque, pero lo han hecho sin dirigirse a la propia aludida. De hecho, la colaboradora <a href=\"https:\/\/www.eldiario.es\/vertele\/noticias\/rosa-belmonte-ataque-machista-sarah-santaolalla-hormiguero-si-aspavientos-no-disculpo_1_12987932.html\" target=\"_blank\" data-mrf-recirculation=\"links-noticia\" class=\"link\" rel=\"nofollow noopener\">le ha restado importancia<\/a>: \u201cNo me creo de verdad que alguien se pueda sentir ofendido por eso\u201d.\n    <\/p>\n<p>                                        <script async src=\"\/\/www.instagram.com\/embed.js\"><\/script><\/p>\n","protected":false},"excerpt":{"rendered":"Nuria Roca califica de \u201caberraci\u00f3n\u201d y \u201chumillaci\u00f3n\u201d el comentario que Rosa Belmonte hizo sobre Sarah Santaolalla el pasado&hellip;\n","protected":false},"author":2,"featured_media":395597,"comment_status":"","ping_status":"","sticky":false,"template":"","format":"standard","meta":{"footnotes":""},"categories":[174],"tags":[1422,3650,255,793,146,147,25,24,256,83616,409,3192,8015,9173,1048,2465,9260,9259,23,32693],"class_list":["post-395596","post","type-post","status-publish","format-standard","has-post-thumbnail","category-famosos","tag-ataque","tag-belmonte","tag-celebrities","tag-condena","tag-entertainment","tag-entretenimiento","tag-es","tag-espana","tag-famosos","tag-humillante","tag-juan","tag-justifica","tag-nuria","tag-reaccion","tag-roca","tag-rosa","tag-santaolalla","tag-sarah","tag-spain","tag-val"],"share_on_mastodon":{"url":"https:\/\/pubeurope.com\/@es\/116065032171399693","error":""},"_links":{"self":[{"href":"https:\/\/www.europesays.com\/es\/wp-json\/wp\/v2\/posts\/395596","targetHints":{"allow":["GET"]}}],"collection":[{"href":"https:\/\/www.europesays.com\/es\/wp-json\/wp\/v2\/posts"}],"about":[{"href":"https:\/\/www.europesays.com\/es\/wp-json\/wp\/v2\/types\/post"}],"author":[{"embeddable":true,"href":"https:\/\/www.europesays.com\/es\/wp-json\/wp\/v2\/users\/2"}],"replies":[{"embeddable":true,"href":"https:\/\/www.europesays.com\/es\/wp-json\/wp\/v2\/comments?post=395596"}],"version-history":[{"count":0,"href":"https:\/\/www.europesays.com\/es\/wp-json\/wp\/v2\/posts\/395596\/revisions"}],"wp:featuredmedia":[{"embeddable":true,"href":"https:\/\/www.europesays.com\/es\/wp-json\/wp\/v2\/media\/395597"}],"wp:attachment":[{"href":"https:\/\/www.europesays.com\/es\/wp-json\/wp\/v2\/media?parent=395596"}],"wp:term":[{"taxonomy":"category","embeddable":true,"href":"https:\/\/www.europesays.com\/es\/wp-json\/wp\/v2\/categories?post=395596"},{"taxonomy":"post_tag","embeddable":true,"href":"https:\/\/www.europesays.com\/es\/wp-json\/wp\/v2\/tags?post=395596"}],"curies":[{"name":"wp","href":"https:\/\/api.w.org\/{rel}","templated":true}]}}