{"id":39568,"date":"2025-08-11T04:33:15","date_gmt":"2025-08-11T04:33:15","guid":{"rendered":"https:\/\/www.europesays.com\/es\/39568\/"},"modified":"2025-08-11T04:33:15","modified_gmt":"2025-08-11T04:33:15","slug":"es-el-momento-de-mirar-hacia-adelante","status":"publish","type":"post","link":"https:\/\/www.europesays.com\/es\/39568\/","title":{"rendered":"Es el momento de mirar hacia adelante"},"content":{"rendered":"<p class=\"mb-4 text-lg md:leading-8 break-words\">Sant Joan Desp\u00ed (Barcelona), 10 ago (EFE).- El meta alem\u00e1n Marc Andr\u00e9 ter Stegen, primer capit\u00e1n del Barcelona, asegur\u00f3 durante la presentaci\u00f3n del equipo en el previo del trofeo Joan Gamper, este domingo, que es \u00abel momento de mirar hacia adelante\u00bb, una vez solucionado el conflicto existente con el club.<\/p>\n<p class=\"mb-4 text-lg md:leading-8 break-words\">\u00abCreo que ha sido importante solucionar el tema con el club y ahora es momento para mirar hacia delante\u00bb, afirm\u00f3 Ter Stegen, que recibi\u00f3 m\u00e1s aplausos que pitos cuando fue presentado como uno de los cuatro capitanes del equipo al saltar al c\u00e9sped del estadio Johan Cruyff.<\/p>\n<p class=\"mb-4 text-lg md:leading-8 break-words\">Ter Stegen habl\u00f3 de la ilusi\u00f3n del barcelonismo por volver al Spotify Camp Nou y dio la bienvenida a los tres fichajes: el meta Joan Garc\u00eda y los delanteros Marcus Rashford y Roony Bardghji.<\/p>\n<p><img alt=\"\" loading=\"lazy\" width=\"960\" height=\"640\" decoding=\"async\" data-nimg=\"1\" class=\"rounded-lg\" style=\"color:transparent\" src=\"https:\/\/www.europesays.com\/es\/wp-content\/uploads\/2025\/08\/0a8a71bdb95f95d2d08567ce98cee645.jpeg\"\/><\/p>\n<p class=\"mb-4 text-lg md:leading-8 break-words\">\u00abQueremos dar la bienvenida a las nuevas caras y obviamente dar mi apoyo en todas las situaciones con las que nos podemos encontrar. Creo que vamos a ser mejores, vamos a ser m\u00e1s fuertes y estoy seguro de que encajan muy bien en este vestuario\u00bb, coment\u00f3 el capit\u00e1n azulgrana.<\/p>\n<p class=\"mb-4 text-lg md:leading-8 break-words\">Tambi\u00e9n agradeci\u00f3 al equipo t\u00e9cnico, encabezado por el t\u00e9cnico alem\u00e1n Hansi Flick, por \u00abel gran trabajo\u00bb realizado. \u00abEl a\u00f1o pasado he disfrutado much\u00edsimo como aficionado, donde he estado muchas veces desafortunadamente. Nos ha devuelto un f\u00fatbol de \u00e9xito y hemos disfrutado much\u00edsimo\u00bb, coment\u00f3.<\/p>\n<p class=\"mb-4 text-lg md:leading-8 break-words\">Antes se hab\u00eda dirigido a los 6.000 espectadores que se dieron cita en el estadio Johan Cruyff, Flick, quien en espa\u00f1ol agradeci\u00f3 el apoyo de los aficionados durante el curso pasado.<\/p>\n<p class=\"mb-4 text-lg md:leading-8 break-words\">\u00abVivimos momentos muy bonitos juntos, fue un a\u00f1o especial y queremos seguir con esta bonita historia. En la nueva temporada trabajaremos duro y sin excusas. Queremos ganar muchos partidos y muchos t\u00edtulos\u00bb, dijo. EFE<\/p>\n<p class=\"mb-4 text-lg md:leading-8 break-words\">(c) Agencia EFE<\/p>\n","protected":false},"excerpt":{"rendered":"Sant Joan Desp\u00ed (Barcelona), 10 ago (EFE).- El meta alem\u00e1n Marc Andr\u00e9 ter Stegen, primer capit\u00e1n del Barcelona,&hellip;\n","protected":false},"author":2,"featured_media":39569,"comment_status":"","ping_status":"","sticky":false,"template":"","format":"standard","meta":{"footnotes":""},"categories":[93],"tags":[210,168,995,19310,25,24,13342,19311,7920,3254,19309,23,167],"class_list":{"0":"post-39568","1":"post","2":"type-post","3":"status-publish","4":"format-standard","5":"has-post-thumbnail","7":"category-deportes","8":"tag-barcelona","9":"tag-deportes","10":"tag-efe","11":"tag-el-capitan","12":"tag-es","13":"tag-espana","14":"tag-hansi-flick","15":"tag-joan-gamper","16":"tag-marc-andre-ter-stegen","17":"tag-marcus-rashford","18":"tag-sant-joan-despi","19":"tag-spain","20":"tag-sports"},"share_on_mastodon":{"url":"","error":""},"_links":{"self":[{"href":"https:\/\/www.europesays.com\/es\/wp-json\/wp\/v2\/posts\/39568","targetHints":{"allow":["GET"]}}],"collection":[{"href":"https:\/\/www.europesays.com\/es\/wp-json\/wp\/v2\/posts"}],"about":[{"href":"https:\/\/www.europesays.com\/es\/wp-json\/wp\/v2\/types\/post"}],"author":[{"embeddable":true,"href":"https:\/\/www.europesays.com\/es\/wp-json\/wp\/v2\/users\/2"}],"replies":[{"embeddable":true,"href":"https:\/\/www.europesays.com\/es\/wp-json\/wp\/v2\/comments?post=39568"}],"version-history":[{"count":0,"href":"https:\/\/www.europesays.com\/es\/wp-json\/wp\/v2\/posts\/39568\/revisions"}],"wp:featuredmedia":[{"embeddable":true,"href":"https:\/\/www.europesays.com\/es\/wp-json\/wp\/v2\/media\/39569"}],"wp:attachment":[{"href":"https:\/\/www.europesays.com\/es\/wp-json\/wp\/v2\/media?parent=39568"}],"wp:term":[{"taxonomy":"category","embeddable":true,"href":"https:\/\/www.europesays.com\/es\/wp-json\/wp\/v2\/categories?post=39568"},{"taxonomy":"post_tag","embeddable":true,"href":"https:\/\/www.europesays.com\/es\/wp-json\/wp\/v2\/tags?post=39568"}],"curies":[{"name":"wp","href":"https:\/\/api.w.org\/{rel}","templated":true}]}}