{"id":39580,"date":"2025-08-11T04:40:08","date_gmt":"2025-08-11T04:40:08","guid":{"rendered":"https:\/\/www.europesays.com\/es\/39580\/"},"modified":"2025-08-11T04:40:08","modified_gmt":"2025-08-11T04:40:08","slug":"situacion-critica-en-castilla-y-leon-con-ocho-incendios-y-centenares-de-desalojados-mientras-galicia-sufre-su-peor-fuego-del-ano","status":"publish","type":"post","link":"https:\/\/www.europesays.com\/es\/39580\/","title":{"rendered":"Situaci\u00f3n cr\u00edtica en Castilla y Le\u00f3n, con ocho incendios y centenares de desalojados, mientras Galicia sufre su peor fuego del a\u00f1o"},"content":{"rendered":"<p class=\"c-paragraph\">Castilla y Le\u00f3n ha vivido un fin de semana negro de <a href=\"https:\/\/www.20minutos.es\/tags\/temas\/incendios-forestales.html\" title=\"Incendios forestales\" rel=\"nofollow noopener\" target=\"_blank\">incendios forestales<\/a>, donde ocho de ellos han puesto contra las cuerdas a los bomberos y la UME, que trabajan para poder sofocar las descontroladas llamas que han obligado a desalojar a m\u00e1s de un millar de personas en total. En la provincia de <b>Le\u00f3n<\/b>, lo peor est\u00e1 <b>en la comarca del Bierzo<\/b>, donde tres fuegos se encuentran en nivel 2 del \u00cdndice de Gravedad Potencial (IGR) y ya ha provocado cerca de<b>\u00a0800 desalojos<\/b> en distintos n\u00facleos poblacionales por la cercan\u00eda de las llamas con las viviendas.\u00a0<\/p>\n<p class=\"c-paragraph\">Seg\u00fan ha explicado la Subdelegaci\u00f3n del Gobierno, en Le\u00f3n han sido evacuadas por la Guardia Civil <b>400 vecinos de Carucedo<\/b>, otros 165 de Orell\u00e1n, 100 de Las M\u00e9dulas y 15 de Voces, mientras que la Polic\u00eda Nacional ha hecho lo mismo con una veintena de personas de Montes de Valdueza, localidad que pertenece al t\u00e9rmino municipal de Ponferrada, adem\u00e1s de las 35 de Yeres, cuyo desalojo se hab\u00eda producido con anterioridad.<\/p>\n<p class=\"c-paragraph\">A los incendios de <b>Llamas de la Cabrera y Yeres<\/b> se ha sumado este domingo el incendio declarado a las 12.00 h en <b>Villaverde de los Cestos<\/b>, localidad perteneciente al municipio de Castropodame, que ha provocado durante unas horas el corte del tr\u00e1fico en la N-6, desde el kil\u00f3metro 370 al 380, entre las localidades de Rodanillo y Santo Tom\u00e1s de Ollas.<\/p>\n<p class=\"c-paragraph\">El viento, las altas temperaturas y la escasa humedad se han reunido como factores para <b>reavivar el incendio de Yeres<\/b>, que la Junta de Castilla y Le\u00f3n mantiene en nivel 2 de gravedad.<\/p>\n<p class=\"c-paragraph\">Pese al buen pron\u00f3stico que hab\u00eda a mediod\u00eda, un <b>cambio en la direcci\u00f3n del viento<\/b> ha provocado que las llamas hayan afectado a varias zonas pobladas y al emblem\u00e1tico espacio natural de Las M\u00e9dulas, que las llamas han atravesado, aunque su alcance no ha sido detallado, a falta de una evaluaci\u00f3n de da\u00f1os.<\/p>\n<p class=\"c-paragraph\">El alcalde de Puente Domingo Fl\u00f3rez, Julio Arias, ha confirmado el desalojo de la localidad de Las M\u00e9dulas, y como el dispositivo de extinci\u00f3n estaba trabajando a destajo realizando <b>corta fuegos y contrafuegos<\/b> para evitar que las llamas lleguen al Parque Natural de las M\u00e9dulas, declarado Patrimonio de la Humanidad por la Unesco en 1997.<\/p>\n<p class=\"c-paragraph\">Arias ha confirmado que las llamas ya <b>ha afectado a los caminos circundantes<\/b> de este monumento natural y que el propio alcalde de Carucedo se hab\u00eda puesto en contacto para utilizar el polideportivo de la localidad para los vecinos evacuados de las M\u00e9dulas, un espacio deportivo ocupado en estos momentos por los militares de la Unidad Militar de Emergencias (UME).<\/p>\n<p class=\"c-paragraph\">En situaci\u00f3n de gravedad 1 se encuentran, por su parte, los incendios de\u00a0<b><b><b><b>Orallo<\/b><\/b><\/b><\/b>\u00a0(Villablino) y\u00a0<b><b><b><b>Fasgar<\/b><\/b><\/b><\/b>\u00a0(Murias de Paredes), por lo que los medios de extinci\u00f3n de todas las administraciones est\u00e1n trabajando en cinco frentes distintos, con el apoyo de la\u00a0<a href=\"https:\/\/www.20minutos.es\/tags\/instituciones-empresas\/ume-unidad-militar-emergencias.html\" title=\"UME - Unidad Militar de Emergencias\" rel=\"nofollow noopener\" target=\"_blank\">UME<\/a>.\u00a0<\/p>\n<p>Estabilizado el incendio de \u00c1vila<\/p>\n<p class=\"c-paragraph\">En \u00c1vila, el incendio que se declar\u00f3 a primera hora de la tarde del viernes en San Bartolom\u00e9 de Pinares y despu\u00e9s se extendi\u00f3 hasta el vecino municipio de Las Navas del Marqu\u00e9s, se encuentra <b>\u00abestabilizado\u00bb<\/b> y con \u00ableves\u00bb reproducciones en su per\u00edmetro este domingo, tras quemar entre <b>500 y 600 hect\u00e1reas<\/b>.<\/p>\n<p class=\"c-paragraph\">Seg\u00fan ha informado el delegado territorial de la Junta de Castilla y Le\u00f3n en \u00c1vila, Jos\u00e9 Francisco Hern\u00e1ndez, por el momento se mantiene el nivel 2 en el \u00cdndice de Gravedad Potencial (IGR-2) por el <b>corte de la v\u00eda f\u00e9rrea<\/b>, entre \u00c1vila y Madrid, que discurre por la zona afectada.<\/p>\n<p class=\"c-paragraph\">En una de las jornadas m\u00e1s calurosas del verano y con algo de viento, el Gobierno auton\u00f3mico da por \u00abestabilizado\u00bb este fuego que oblig\u00f3 a evacuar durante un d\u00eda a unas <b>1.500 personas de dos barrios<\/b> de Las Navas del Marqu\u00e9s, La Estaci\u00f3n y Ciudad Ducal, y a cortar al tr\u00e1fico la CL-505, entre \u00c1vila y esta localidad, hasta el l\u00edmite con la Comunidad de Madrid.<\/p>\n<p class=\"c-paragraph\">Una vez reabierta al tr\u00e1fico la CL-505, conocida como &#8216;carretera de Las Navas&#8217;, lo que queda por volver a la normalidad es el <b>tr\u00e1fico ferroviario<\/b>, una circunstancia que \u00abser\u00e1 examinada en las pr\u00f3ximas jornadas con vista a su reapertura por parte de Junta y Adif\u00bb, seg\u00fan Jos\u00e9 Francisco Hern\u00e1ndez.<\/p>\n<p class=\"c-paragraph\">Por el momento, se mantienen en la zona <b>medio centenar de medios<\/b>, entre los que figuran 4 a\u00e9reos, 16 agentes medioambientales, 9 cuadrillas terrestres, 12 autobombas, 3 bulld\u00f3zer, una cuadrilla helitransportada (BRIF), 4 t\u00e9cnicos y otros medios, junto al despliegue realizado por la Unidad Militar de Emergencias (UME).<\/p>\n<p>Dos incendios m\u00e1s en Palencia y Zamora<\/p>\n<p class=\"c-paragraph\">Otros dos incendios forestales graves declarados este domingo en las provincias de<b> Zamora y Palencia<\/b> se han sumado a los fuegos de \u00c1vila y Le\u00f3n.<\/p>\n<p class=\"c-paragraph\">El incendio en <b>Palencia<\/b>, de nivel 1 de gravedad, se declar\u00f3 en la localidad de <b>Resoba<\/b>, en plena Monta\u00f1a Palentina, mientras que el de Zamora, de nivel 2, arde en Molezuelas de la Carballeda, seg\u00fan han confirmado fuentes de la Junta de Castilla y Le\u00f3n.<\/p>\n<p class=\"c-paragraph\">En el caso del incendio declarado en <b>Molezuelas de la Carballeda<\/b>, en la comarca zamorana de Benavente, las llamas se han declarado poco antes de las dos y media de la tarde y desde entonces ya trabajan en la zona casi cuarenta medios de extinci\u00f3n, entre ellos cuatro a\u00e9reos.<\/p>\n<p class=\"c-paragraph\">All\u00ed,\u00a0unas <b>850 personas<\/b> de cuatro poblaciones han sido evacuadas por el peligro que supone para estos pueblos el incendio forestal. En concreto, se ha evacuado a unos 300 vecinos y veraneantes de U\u00f1a de Quintana, otros 200 de Cubo de Benavente, unos 150 de Molezuelas de la Carballeda y, como \u00faltima localidad evacuada, unos 200 de Congosta.<\/p>\n<p class=\"c-paragraph\">El fuego, que est\u00e1 activo, ha obligado a <b>cortar las carreteras<\/b> ZA-111, que desde Rionegro del Puente llega a Molezuelas de la Carballeda, Cubo de Benavente y el l\u00edmite con la provincia de Le\u00f3n; la ZA-P-1510, entre los kil\u00f3metros 34 y 37, entre U\u00f1a de Quintana y Molezuelas, y la ZA-P-2454, entre Cubo de Benavente y Villalverde.<\/p>\n<p class=\"c-paragraph\">Por otra parte, el fuego registrado en la Monta\u00f1a Palentina, en la localidad de <b>Resoba<\/b>, dentro del t\u00e9rmino municipal de Cervera de Pisuerga, ha comenzado poco despu\u00e9s de las once y media de la ma\u00f1ana, pero no ha sido hasta primera hora de la tarde cuando la Junta lo ha catalogado como de nivel 1 de gravedad.<\/p>\n<p>Incendios en Ourense<\/p>\n<p class=\"c-paragraph\">En Ourense, los incendios sin control afectan a <b>m\u00e1s de mil hect\u00e1reas<\/b> en toda la provincia, concretamente en los ayuntamientos de Maceda<b> <\/b>y Chandrexa de Queixa.<\/p>\n<p class=\"c-paragraph\">En <b>Maceda<\/b>, el fuego comenz\u00f3 a las 23.19 horas del s\u00e1bado en la parroquia de Castro de Escuadro y, por c\u00f3mo se inici\u00f3, con entre cinco y seis puntos de manera casi simult\u00e1nea, todo apunta a una clara intencionalidad, seg\u00fan informa la Conseller\u00eda de Medio Rural.<\/p>\n<p class=\"c-paragraph\">Fue preciso decretar la <b>situaci\u00f3n 2<\/b> de madrugada por su proximidad al n\u00facleo de A Teixeira, si bien ya no hay riesgo para las viviendas y esa alerta se ha desactivado.<\/p>\n<p class=\"c-paragraph\">Para su extinci\u00f3n se han movilizado 3 t\u00e9cnicos, 11 agentes, 17 brigadas, 14 motobombas y 4 palas, as\u00ed como 3 helic\u00f3pteros y 6 aviones y han ardido unas <b>300 hect\u00e1reas<\/b>.<\/p>\n<p class=\"c-paragraph\">Sigue avanzando sin control, tambi\u00e9n en la provincia de Ourense, el de la parroquia de Requeixo, en <b>Chandrexa de Queixa<\/b>, que ya ha afectado a unas <b>800 hect\u00e1reas<\/b> y es el m\u00e1s grande de los que ha sufrido Galicia este verano.<\/p>\n<p class=\"c-paragraph\">Los servicios de emergencia intentan que no alcance el <b>Parque Natural de la Serra do Invernadoiro<\/b>, una zona monta\u00f1osa en la parte sur del Macizo Central ourensano.\u00a0En ese fuego de Chandrexa han trabajado hasta ahora 10 t\u00e9cnicos, 33 agentes, 11 t\u00e9cnicos, 55 brigadas, 26 motobombas, 5 palas, 3 unidades t\u00e9cnicas de apoyo, 12 helic\u00f3pteros y 11 aviones.<\/p>\n<p>Situaci\u00f3n complicada en Navarra<\/p>\n<p class=\"c-paragraph\">En Navarra, las altas temperaturas y la baja humedad est\u00e1n dificultando las labores de extinci\u00f3n del incendio forestal declarado la noche del s\u00e1bado en <b>Carcastillo<\/b>.<\/p>\n<p class=\"c-paragraph\">Sobre el terreno se encuentra trabajando\u00a0personal de Bomberos, con bomberos forestales, miembros del Guarder\u00edo forestal, t\u00e9cnicos de Medio Ambiente, as\u00ed como agentes de la Polic\u00eda foral y la Guardia Civil.<\/p>\n<p class=\"c-paragraph\">La consejera de Interior del Gobierno de Navarra, Amparo L\u00f3pez, ha expuesto que existe <b>\u00abpreocupaci\u00f3n\u00bb por las altas temperaturas<\/b> y su incidencia en la salud de quienes trabajan en el incendio, por lo que adem\u00e1s se han movilizado ambulancias y recursos de la Cruz Roja.<\/p>\n<p class=\"c-paragraph\">Protecci\u00f3n Civil ha solicitado a la poblaci\u00f3n de Carcastillo que <b>no se acerque<\/b> a la zona del incendio para evitar problemas respiratorios a causa del humo. Adem\u00e1s, se ha recomendado a los vecinos, especialmente a las personas mayores o con problemas respiratorios, que mantengan las <b>puertas y ventanas cerradas<\/b> para evitar la entrada del humo en las viviendas.<\/p>\n","protected":false},"excerpt":{"rendered":"Castilla y Le\u00f3n ha vivido un fin de semana negro de incendios forestales, donde ocho de ellos han&hellip;\n","protected":false},"author":2,"featured_media":39581,"comment_status":"","ping_status":"","sticky":false,"template":"","format":"standard","meta":{"footnotes":""},"categories":[5],"tags":[17,18,1497,19315,25,24,13,14,11,4342,19,20,4108,9,10,15,16,859,23,12,21,22],"class_list":{"0":"post-39580","1":"post","2":"type-post","3":"status-publish","4":"format-standard","5":"has-post-thumbnail","7":"category-titulares","8":"tag-breaking-news","9":"tag-breakingnews","10":"tag-critica","11":"tag-desalojos","12":"tag-es","13":"tag-espana","14":"tag-featured-news","15":"tag-featurednews","16":"tag-headlines","17":"tag-incendios","18":"tag-latest-news","19":"tag-latestnews","20":"tag-leon","21":"tag-news","22":"tag-noticias","23":"tag-noticias-destacadas","24":"tag-noticiasdestacadas","25":"tag-situacion","26":"tag-spain","27":"tag-titulares","28":"tag-ultimas-noticias","29":"tag-ultimasnoticias"},"share_on_mastodon":{"url":"","error":""},"_links":{"self":[{"href":"https:\/\/www.europesays.com\/es\/wp-json\/wp\/v2\/posts\/39580","targetHints":{"allow":["GET"]}}],"collection":[{"href":"https:\/\/www.europesays.com\/es\/wp-json\/wp\/v2\/posts"}],"about":[{"href":"https:\/\/www.europesays.com\/es\/wp-json\/wp\/v2\/types\/post"}],"author":[{"embeddable":true,"href":"https:\/\/www.europesays.com\/es\/wp-json\/wp\/v2\/users\/2"}],"replies":[{"embeddable":true,"href":"https:\/\/www.europesays.com\/es\/wp-json\/wp\/v2\/comments?post=39580"}],"version-history":[{"count":0,"href":"https:\/\/www.europesays.com\/es\/wp-json\/wp\/v2\/posts\/39580\/revisions"}],"wp:featuredmedia":[{"embeddable":true,"href":"https:\/\/www.europesays.com\/es\/wp-json\/wp\/v2\/media\/39581"}],"wp:attachment":[{"href":"https:\/\/www.europesays.com\/es\/wp-json\/wp\/v2\/media?parent=39580"}],"wp:term":[{"taxonomy":"category","embeddable":true,"href":"https:\/\/www.europesays.com\/es\/wp-json\/wp\/v2\/categories?post=39580"},{"taxonomy":"post_tag","embeddable":true,"href":"https:\/\/www.europesays.com\/es\/wp-json\/wp\/v2\/tags?post=39580"}],"curies":[{"name":"wp","href":"https:\/\/api.w.org\/{rel}","templated":true}]}}