{"id":395890,"date":"2026-02-13T23:38:11","date_gmt":"2026-02-13T23:38:11","guid":{"rendered":"https:\/\/www.europesays.com\/es\/395890\/"},"modified":"2026-02-13T23:38:11","modified_gmt":"2026-02-13T23:38:11","slug":"la-situacion-que-atraviesan-las-hijas-de-nino-bravo-tras-la-desaparicion-del-museo-del-cantante","status":"publish","type":"post","link":"https:\/\/www.europesays.com\/es\/395890\/","title":{"rendered":"La situaci\u00f3n que atraviesan las hijas de Nino Bravo tras la desaparici\u00f3n del museo del cantante"},"content":{"rendered":"<p><strong>Mar\u00eda y Eva, las hijas de Nino Bravo<\/strong>, siempre se han esforzado por mantener una actitud discreta, alejadas del foco medi\u00e1tico y sin despertar el inter\u00e9s de la prensa. Sin embargo, en los \u00faltimos d\u00edas sus nombres est\u00e1n en boca de todos porque han decidido cerrar el museo que su padre ten\u00eda en <strong>Aielo de Malferit<\/strong>, la localidad valenciana que fue testigo de sus primeros pasos. <strong>El establecimiento ha estado abierto durante dos d\u00e9cadas<\/strong>, pero las herederas consideran que lo mejor para la memoria del artista es enfocar el proyecto de una forma diferente.<\/p>\n<p><a href=\"https:\/\/okdiario.com\/coolthelifestyle\/cultura\/herederos-nino-bravo-deciden-cerrar-casa-museo-del-cantante-pueblo-natal-925245\" rel=\"nofollow noopener\" target=\"_blank\">Nino Bravo falleci\u00f3 en abril de 1973<\/a>, pero su recuerdo no ha desaparecido y en parte es por el trabajo que han hecho Mar\u00eda y Eva. Ambas decidieron no renovar los contratos de cesi\u00f3n de bienes, marca e imagen con<strong> el ayuntamiento de Aielo de Malferit<\/strong> y en ese momento entr\u00f3 en juego<strong> la alcaldesa de Valencia, Mar\u00eda Jos\u00e9 Catal\u00e1<\/strong>. Esta \u00faltima ha explicado que lleva un tiempo manteniendo conversaciones con las hijas del cantante porque est\u00e1 interesada en llevar su nombre a la ciudad.<\/p>\n<p>\n<img decoding=\"async\" loading=\"lazy\" class=\"size-medium wp-image-2489876\" alt=\"nino bravo, hijas nino bravo, \" width=\"415\" height=\"620\"  src=\"https:\/\/www.europesays.com\/es\/wp-content\/uploads\/2026\/02\/1770935350_850_placeholder.jpg\"  bad-src=\"https:\/\/www.europesays.com\/es\/wp-content\/uploads\/2026\/02\/1770935350_850_placeholder.jpg\"\/><\/p>\n<p><img decoding=\"async\" loading=\"lazy\" class=\"size-medium wp-image-2489876\" src=\"https:\/\/www.europesays.com\/es\/wp-content\/uploads\/2026\/02\/nino-bravo-con-su-mujer-y-su-hija-415x620.jpg\" alt=\"nino bravo, hijas nino bravo, \" width=\"415\" height=\"620\"  \/><\/p>\n<p> Nino Bravo con su mujer y su hija. (Foto: Gtres)\n<\/p>\n<p>\u00ab<strong>Si la familia desea que ese legado tenga un lugar en la ciudad de Valencia<\/strong>, me parece que como alcaldesa de Valencia<strong> debo mostrarme totalmente receptiva<\/strong>, favorable e intentar atender a su voluntad en las posibilidades que podamos tener\u00bb, ha comentado al respecto. Seg\u00fan ha indicado, <strong>las negociaciones empezaron \u00abhace aproximadamente un a\u00f1o\u00bb<\/strong> porque Mar\u00eda y Eva quer\u00edan \u00abdarle un cambio a la difusi\u00f3n del legado\u00bb de su padre.<\/p>\n<p>Una situaci\u00f3n complicada<\/p>\n<p><strong>El presidente de la Diputaci\u00f3n de Valencia, Vicent Momp\u00f3<\/strong>, ha dejado claro que, aunque<strong> el museo de Nino Bravo<\/strong> se traslade finalmente a la ciudad, nadie mantiene un conflicto abierto con Aielo de Malferit. Al contrario, Momp\u00f3 considera que dicha localidad tambi\u00e9n <strong>merece \u00abtener un recuerdo\u00bb del m\u00edtico artista<\/strong>. Es decir, para \u00e9l, el objetivo no es competir por ning\u00fan premio, sino hacer un buen uso del material que hay encima de la mesa. Adem\u00e1s, debemos tener en cuenta que son las hijas del propio cantante las que quieren hacer un cambio en la hoja de ruta.<\/p>\n<p><strong>El portavoz de la familia, Antonio Luna<\/strong>, ha intentado arrojar luz a este asunto, asegurando que, tanto las hijas como la viuda de Nino Bravo no quieren ganar dinero ni notoriedad. <strong>Lo \u00fanico que buscan es que el p\u00fablico siga recordando a su padre con fuerza<\/strong> y para eso es necesario hacer determinados movimientos.<\/p>\n<p>\n<img decoding=\"async\" loading=\"lazy\" class=\"size-medium wp-image-2489881\" alt=\"nino bravo, nino bravo hijas, \" width=\"352\" height=\"620\"  src=\"https:\/\/www.europesays.com\/es\/wp-content\/uploads\/2026\/02\/1770935350_850_placeholder.jpg\"  bad-src=\"https:\/\/www.europesays.com\/es\/wp-content\/uploads\/2026\/02\/1770935350_850_placeholder.jpg\"\/><\/p>\n<p><img decoding=\"async\" loading=\"lazy\" class=\"size-medium wp-image-2489881\" src=\"https:\/\/www.europesays.com\/es\/wp-content\/uploads\/2026\/02\/nino-bravo-posando-352x620.jpg\" alt=\"nino bravo, nino bravo hijas, \" width=\"352\" height=\"620\"  \/><\/p>\n<p> Nino Bravo posando. (Foto: Gtres)\n<\/p>\n<p>\u00abEsto no ha sido de la noche a la ma\u00f1ana. <strong>La familia lleva tres a\u00f1os intentando conocer el estado de todo el legado<\/strong> y el Ayuntamiento no ha comunicado nada en todo este tiempo. As\u00ed que, tras vencer el contrato de la cesi\u00f3n de derechos y de explotaci\u00f3n de la imagen,<strong> la familia ha decidido no prorrogarlo<\/strong>\u00bb, explica Luna con total naturalidad en el diario La Raz\u00f3n.<\/p>\n<p>Y despu\u00e9s a\u00f1ade: \u00abAielo de Malferit ha disfrutado durante veinte a\u00f1os de la figura de <strong>Nino Bravo<\/strong>, ha expuesto un patrimonio \u00fanico. Y en este tiempo, la familia s\u00f3lo ha recibido<strong> 18.000 euros<\/strong>. Como se ve, no ha sido un negocio para la familia\u00bb. M\u00e1s adelante, recalca que el objetivo no es generar un conflicto, sino llegar a un acuerdo y que el p\u00fablico pueda seguir disfrutando de<strong> Nino Bravo<\/strong>, pues hay material muy interesante: trajes, discos, fotograf\u00edas y muchas cosas m\u00e1s. La pregunta es: \u00bfD\u00f3nde acabar\u00e1n?<\/p>\n","protected":false},"excerpt":{"rendered":"Mar\u00eda y Eva, las hijas de Nino Bravo, siempre se han esforzado por mantener una actitud discreta, alejadas&hellip;\n","protected":false},"author":2,"featured_media":395891,"comment_status":"","ping_status":"","sticky":false,"template":"","format":"standard","meta":{"footnotes":""},"categories":[174],"tags":[255,146,147,25,24,256,35598,23],"class_list":["post-395890","post","type-post","status-publish","format-standard","has-post-thumbnail","category-famosos","tag-celebrities","tag-entertainment","tag-entretenimiento","tag-es","tag-espana","tag-famosos","tag-nino-bravo","tag-spain"],"share_on_mastodon":{"url":"https:\/\/pubeurope.com\/@es\/116065960168945167","error":""},"_links":{"self":[{"href":"https:\/\/www.europesays.com\/es\/wp-json\/wp\/v2\/posts\/395890","targetHints":{"allow":["GET"]}}],"collection":[{"href":"https:\/\/www.europesays.com\/es\/wp-json\/wp\/v2\/posts"}],"about":[{"href":"https:\/\/www.europesays.com\/es\/wp-json\/wp\/v2\/types\/post"}],"author":[{"embeddable":true,"href":"https:\/\/www.europesays.com\/es\/wp-json\/wp\/v2\/users\/2"}],"replies":[{"embeddable":true,"href":"https:\/\/www.europesays.com\/es\/wp-json\/wp\/v2\/comments?post=395890"}],"version-history":[{"count":0,"href":"https:\/\/www.europesays.com\/es\/wp-json\/wp\/v2\/posts\/395890\/revisions"}],"wp:featuredmedia":[{"embeddable":true,"href":"https:\/\/www.europesays.com\/es\/wp-json\/wp\/v2\/media\/395891"}],"wp:attachment":[{"href":"https:\/\/www.europesays.com\/es\/wp-json\/wp\/v2\/media?parent=395890"}],"wp:term":[{"taxonomy":"category","embeddable":true,"href":"https:\/\/www.europesays.com\/es\/wp-json\/wp\/v2\/categories?post=395890"},{"taxonomy":"post_tag","embeddable":true,"href":"https:\/\/www.europesays.com\/es\/wp-json\/wp\/v2\/tags?post=395890"}],"curies":[{"name":"wp","href":"https:\/\/api.w.org\/{rel}","templated":true}]}}