{"id":397525,"date":"2026-02-14T22:26:18","date_gmt":"2026-02-14T22:26:18","guid":{"rendered":"https:\/\/www.europesays.com\/es\/397525\/"},"modified":"2026-02-14T22:26:18","modified_gmt":"2026-02-14T22:26:18","slug":"los-cajeros-y-bizum-de-kutxabank-vuelven-a-estar-operativos-tras-la-parada-tecnica-de-este-sabado","status":"publish","type":"post","link":"https:\/\/www.europesays.com\/es\/397525\/","title":{"rendered":"Los cajeros y bizum de Kutxabank vuelven a estar operativos tras la parada t\u00e9cnica de este s\u00e1bado"},"content":{"rendered":"<p>La parada t\u00e9cnica de Kutxabank, con motivo de la fusi\u00f3n por absorci\u00f3n de Cajasur y la consiguiente migraci\u00f3n tecnol\u00f3gica de datos, se ha completado hoy  &#8230; a las tres de la tarde y ya est\u00e1n operativos los canales paralizados, por lo que se puede sacar dinero con normalidad de la red de cajeros autom\u00e1ticos y hacer bizum o transferencias, informa la entidad financiera. <\/p>\n<p class=\"v-p\">La parada t\u00e9cnica en los canales digitales (web y app) y cajeros de Kutxabank arranc\u00f3 la pasada madrugada, con una duraci\u00f3n estimada de entre 12 y 18 horas, que finalmente ha concluido a las 15 horas de este s\u00e1bado. Finalizada la pausa, se puede ya operar con normalidad, se\u00f1ala la entidad vasca, con miles de clientes.<\/p>\n<p>M\u00e1s red de cajeros<\/p>\n<p class=\"v-p\">De esta forma, Kutxabank ha culminado la fusi\u00f3n con Cajasur tras completar esta tarde la \u00faltima fase del proceso, su integraci\u00f3n tecnol\u00f3gica. Los clientes del banco en Andaluc\u00eda han quedado totalmente integrados en el grupo financiero, que se presenta como \u00abel m\u00e1s solvente y capitalizado del sector\u00bb, inmerso en una nueva etapa de crecimiento y diversificaci\u00f3n, impulsado por su plan estrat\u00e9gico Benetan 2025-2027.<\/p>\n<p class=\"v-p\">Con la integraci\u00f3n operativa y tecnol\u00f3gica, los clientes acceden desde hoy a m\u00e1s puntos de atenci\u00f3n y servicio en una red ampliada: la red de oficinas para los clientes de la antigua Cajasur se ha triplicado y la de cajeros se ha multiplicado m\u00e1s de cuatro veces; mientras que para los de Kutxabank, el incremento de la red de oficinas y cajeros es de un 30% y de un 20%, respectivamente.<\/p>\n","protected":false},"excerpt":{"rendered":"La parada t\u00e9cnica de Kutxabank, con motivo de la fusi\u00f3n por absorci\u00f3n de Cajasur y la consiguiente migraci\u00f3n&hellip;\n","protected":false},"author":2,"featured_media":397526,"comment_status":"","ping_status":"","sticky":false,"template":"","format":"standard","meta":{"footnotes":""},"categories":[80],"tags":[44030,82,20285,95,94,25,24,1141,11701,86085,5997,3397,23,9086,575,2292],"class_list":["post-397525","post","type-post","status-publish","format-standard","has-post-thumbnail","category-economia","tag-bizum","tag-business","tag-cajeros","tag-economia","tag-economy","tag-es","tag-espana","tag-estar","tag-kutxabank","tag-operativos","tag-parada","tag-sabado","tag-spain","tag-tecnica","tag-tras","tag-vuelven"],"share_on_mastodon":{"url":"https:\/\/pubeurope.com\/@es\/116071339472814932","error":""},"_links":{"self":[{"href":"https:\/\/www.europesays.com\/es\/wp-json\/wp\/v2\/posts\/397525","targetHints":{"allow":["GET"]}}],"collection":[{"href":"https:\/\/www.europesays.com\/es\/wp-json\/wp\/v2\/posts"}],"about":[{"href":"https:\/\/www.europesays.com\/es\/wp-json\/wp\/v2\/types\/post"}],"author":[{"embeddable":true,"href":"https:\/\/www.europesays.com\/es\/wp-json\/wp\/v2\/users\/2"}],"replies":[{"embeddable":true,"href":"https:\/\/www.europesays.com\/es\/wp-json\/wp\/v2\/comments?post=397525"}],"version-history":[{"count":0,"href":"https:\/\/www.europesays.com\/es\/wp-json\/wp\/v2\/posts\/397525\/revisions"}],"wp:featuredmedia":[{"embeddable":true,"href":"https:\/\/www.europesays.com\/es\/wp-json\/wp\/v2\/media\/397526"}],"wp:attachment":[{"href":"https:\/\/www.europesays.com\/es\/wp-json\/wp\/v2\/media?parent=397525"}],"wp:term":[{"taxonomy":"category","embeddable":true,"href":"https:\/\/www.europesays.com\/es\/wp-json\/wp\/v2\/categories?post=397525"},{"taxonomy":"post_tag","embeddable":true,"href":"https:\/\/www.europesays.com\/es\/wp-json\/wp\/v2\/tags?post=397525"}],"curies":[{"name":"wp","href":"https:\/\/api.w.org\/{rel}","templated":true}]}}