{"id":397988,"date":"2026-02-15T04:56:08","date_gmt":"2026-02-15T04:56:08","guid":{"rendered":"https:\/\/www.europesays.com\/es\/397988\/"},"modified":"2026-02-15T04:56:08","modified_gmt":"2026-02-15T04:56:08","slug":"asturias-registra-un-repunte-de-la-hepatitis-a-de-4-casos-en-2024-a-57-en-2025-la-voz-de-asturias","status":"publish","type":"post","link":"https:\/\/www.europesays.com\/es\/397988\/","title":{"rendered":"Asturias registra un repunte de la hepatitis A: de 4 casos en 2024 a 57 en 2025 &#8211; La Voz de Asturias"},"content":{"rendered":"<ol>\n<li><a href=\"https:\/\/news.google.com\/rss\/articles\/CBMilwFBVV95cUxPS0taRlBaUTZ6bU1Gd0NtRklDOEhsUFFTdWZUbmJ4ald3aksxRHAwS1VlLWZ0YV9kclVsYU45OEVmMFhzNlRpUG9KRVk4TUF5NW1QS3lKWUZzRGtRYTJrMVN4UGF1UE9mUXM0VTZ5WHBIdVlqYkV0Zk9DcFJfYkNmdWhwV1V1R3otZUwtVXZoa2lVWjZLbll30gGzAUFVX3lxTE41aTRhUUMtNjFJN0FpWXNIXzFlMC02REVDTlprajl2clNxTXhvWTQ2MVZVbHdOZXh4a1d3WWp5Y3hXdTVvdUtNX1JHMXhwLVBKdl9fV0dCSDFhZzJ6dGRKcW5BNmdVM3VNYWN2d0xYN2VPR1RBRWo3WFJPclg2SVlabjhjUWRhTXJSZjFXTkJVbjdmYjlMT3c3aVpYTUI4UWpYa2dSSGFHUExPYWlWeUFsYlVJ?oc=5\" target=\"_blank\" rel=\"nofollow noopener\">Asturias registra un repunte de la hepatitis A: de 4 casos en 2024 a 57 en 2025<\/a>&nbsp;&nbsp;La Voz de Asturias<\/li>\n<li><a href=\"https:\/\/news.google.com\/rss\/articles\/CBMiW0FVX3lxTE8yVi1XLWdtS1RwaHRZV19JR3dQb3YtZ3haS2hSSUNidGloODFCaEdqZTRaRFp1bTNXV1RmNlc2emZqdFdmdV9YXy1iNnlhdTU1cVRILU00TThEVVU?oc=5\" target=\"_blank\" rel=\"nofollow noopener\">Vacuna contra la hepatitis A: cu\u00e1ndo es indicada, dosis y efectos secundarios<\/a>&nbsp;&nbsp;Tua Sa\u00fade<\/li>\n<li><a href=\"https:\/\/news.google.com\/rss\/articles\/CBMimAFBVV95cUxNZXIwbEhfeHdoc05iTnFWT2tjRXhOcURReDkwRjVpdUhNeHdwZGlxMW5MQVFtck9uOUJqam9rM0tTT0tlcTZtOGx4MFc2cm53a1JWU2FhMG1lUUZqSEJ2dkRiOHpiSnhySVZuc085MlVjMkNRQTdrejFFTW9WS0pBLVlDcjRfZGpSMGR3NHZTYkxxWW9lX0lGeQ?oc=5\" target=\"_blank\" rel=\"nofollow noopener\">Dr. Francisco \u00c1lvarez, pediatra, sobre el repunte de la hepatitis A: \u201cEl aumento de casos en estos dos \u00faltimos a\u00f1os nos obliga a reforzar la vigilancia epidemiol\u00f3gica de esta enfermedad\u201d<\/a>&nbsp;&nbsp;HOLA<\/li>\n<li><a href=\"https:\/\/news.google.com\/rss\/articles\/CBMimAFBVV95cUxNeV9sNkdtYkZIQzZJOW9DRDFSUWdDSEtFeEFOYU4zZFkyUUQzM21jemJEMlpqOEtOYzZadmJDVFdUZFo0Wk1rWlMzRDQwWGRyUko3cjFIalR4MmdBb3UwMEh5dms1cFJFYUs4aGFfelJSYVdraklTRmZEQ3BrUzNTX3hxTThDRWNSM0dDOWxzenlJWHpSZG41Wg?oc=5\" target=\"_blank\" rel=\"nofollow noopener\">Recomendaci\u00f3n de vacunaci\u00f3n frente a la Hepatitis A<\/a>&nbsp;&nbsp;Comit\u00e9 Asesor de Vacunas de la AEP<\/li>\n<li><a href=\"https:\/\/news.google.com\/rss\/articles\/CBMisgFBVV95cUxQUmoxY29UZFdqUEtSVkRzVDF5ZjE0VnU5VC1JUlRkSUdNTXRtWm8ybEtSdXdIT3lvR1RXZ1lWeVQ1LUhlNUpXMEtHcnRHN01SVDFjT0JpaUZqYUhhSlZoc2RCd0tVVmo0RmF3TTFzQnQ2TWlhY3gzd1dBaW9TUnI2M1QxdWRVMldKM3dRbDhHVm1sUGlWcWlZMkFUVHFpczVLanNtVW02SXM4TEJWQjJyN2l3?oc=5\" target=\"_blank\" rel=\"nofollow noopener\">La Rioja registra 12 casos de hepatitis A hasta noviembre de 2025<\/a>&nbsp;&nbsp;Europa Press<\/li>\n<\/ol>\n","protected":false},"excerpt":{"rendered":"Asturias registra un repunte de la hepatitis A: de 4 casos en 2024 a 57 en 2025&nbsp;&nbsp;La Voz&hellip;\n","protected":false},"author":2,"featured_media":397989,"comment_status":"","ping_status":"","sticky":false,"template":"","format":"standard","meta":{"footnotes":""},"categories":[92],"tags":[4486,25,24,165,6297,27628,10255,8509,166,23],"class_list":["post-397988","post","type-post","status-publish","format-standard","has-post-thumbnail","category-salud","tag-ceuta","tag-es","tag-espana","tag-health","tag-hepatitis","tag-huca","tag-melilla","tag-ministerio-de-sanidad","tag-salud","tag-spain"],"share_on_mastodon":{"url":"https:\/\/pubeurope.com\/@es\/116072872868146326","error":""},"_links":{"self":[{"href":"https:\/\/www.europesays.com\/es\/wp-json\/wp\/v2\/posts\/397988","targetHints":{"allow":["GET"]}}],"collection":[{"href":"https:\/\/www.europesays.com\/es\/wp-json\/wp\/v2\/posts"}],"about":[{"href":"https:\/\/www.europesays.com\/es\/wp-json\/wp\/v2\/types\/post"}],"author":[{"embeddable":true,"href":"https:\/\/www.europesays.com\/es\/wp-json\/wp\/v2\/users\/2"}],"replies":[{"embeddable":true,"href":"https:\/\/www.europesays.com\/es\/wp-json\/wp\/v2\/comments?post=397988"}],"version-history":[{"count":0,"href":"https:\/\/www.europesays.com\/es\/wp-json\/wp\/v2\/posts\/397988\/revisions"}],"wp:featuredmedia":[{"embeddable":true,"href":"https:\/\/www.europesays.com\/es\/wp-json\/wp\/v2\/media\/397989"}],"wp:attachment":[{"href":"https:\/\/www.europesays.com\/es\/wp-json\/wp\/v2\/media?parent=397988"}],"wp:term":[{"taxonomy":"category","embeddable":true,"href":"https:\/\/www.europesays.com\/es\/wp-json\/wp\/v2\/categories?post=397988"},{"taxonomy":"post_tag","embeddable":true,"href":"https:\/\/www.europesays.com\/es\/wp-json\/wp\/v2\/tags?post=397988"}],"curies":[{"name":"wp","href":"https:\/\/api.w.org\/{rel}","templated":true}]}}