{"id":39801,"date":"2025-08-11T07:04:22","date_gmt":"2025-08-11T07:04:22","guid":{"rendered":"https:\/\/www.europesays.com\/es\/39801\/"},"modified":"2025-08-11T07:04:22","modified_gmt":"2025-08-11T07:04:22","slug":"berrocal-de-salvatierra-celebra-una-nueva-edicion-de-su-vuelta-ciclista","status":"publish","type":"post","link":"https:\/\/www.europesays.com\/es\/39801\/","title":{"rendered":"Berrocal de Salvatierra celebra una nueva edici\u00f3n de su vuelta ciclista"},"content":{"rendered":"<p class=\"v-mdl-ath__p v-mdl-ath__p--2\">\nTEL\n<\/p>\n<p class=\"v-mdl-ath__p v-mdl-ath__p--3\">\nBerrocal de Salvatierra\n<\/p>\n<p class=\"v-mdl-ath__p v-mdl-ath__p--6\">\nDomingo, 10 de agosto 2025, 22:28<\/p>\n<p>Modo oscuro<\/p>\n<p>Compartir<\/p>\n<p class=\"v-p\">Decenas de personas participaron este domingo en la celebraci\u00f3n de la <strong>vig\u00e9simo novena edici\u00f3n de la vuelta ciclista a Berrocal de Salvatierra<\/strong>, que cont\u00f3 con la participaci\u00f3n de ni\u00f1os y adultos. La actividad, que se desarrollaba en el contexto de las<strong> fiestas de verano<\/strong>, permiti\u00f3 disfrutar de las dos ruedas pese al calor con un itinerario que llev\u00f3 a los participantes hasta Pizarral. <\/p>\n<p class=\"v-p\">La jornada concluy\u00f3 con una cena para celebrar esta nueva edici\u00f3n de la vuelta, que en 2026 conmemorar\u00e1 sus treinta a\u00f1os de historia. Las fiestas de verano de Berrocal concluir\u00e1n este lunes con el d\u00eda de las pe\u00f1as y la m\u00fasica de una charanga.<\/p>\n<p><img decoding=\"async\" loading=\"lazy\" src=\"https:\/\/www.europesays.com\/es\/wp-content\/uploads\/2025\/08\/IMG_9390.jpg\" class=\"v-a-img\" width=\"720\" height=\"540\" alt=\"Berrocal de Salvatierra celebra una nueva edici\u00f3n de su vuelta ciclista\"\/><\/p>\n<p class=\"v-pill-m__c\">\n<p>Ampliar\n<\/p>\n<p><img decoding=\"async\" loading=\"lazy\" src=\"https:\/\/www.europesays.com\/es\/wp-content\/uploads\/2025\/08\/IMG_9390.jpg\" class=\"v-mdl__img-z\" width=\"720\" height=\"540\" alt=\"Berrocal de Salvatierra celebra una nueva edici\u00f3n de su vuelta ciclista\"\/><\/p>\n<p><img loading=\"lazy\" decoding=\"async\" src=\"https:\/\/www.europesays.com\/es\/wp-content\/uploads\/2025\/08\/IMG_9390.jpg\" class=\"v-mdl__img-z\" width=\"720\" height=\"540\" alt=\"Berrocal de Salvatierra celebra una nueva edici\u00f3n de su vuelta ciclista\"\/><\/p>\n<p><img decoding=\"async\" loading=\"lazy\" src=\"https:\/\/www.europesays.com\/es\/wp-content\/uploads\/2025\/08\/IMG_9392.jpg\" class=\"v-a-img\" width=\"720\" height=\"540\" alt=\"Berrocal de Salvatierra celebra una nueva edici\u00f3n de su vuelta ciclista\"\/><\/p>\n<p class=\"v-pill-m__c\">\n<p>Ampliar\n<\/p>\n<p><img decoding=\"async\" loading=\"lazy\" src=\"https:\/\/www.europesays.com\/es\/wp-content\/uploads\/2025\/08\/IMG_9392.jpg\" class=\"v-mdl__img-z\" width=\"720\" height=\"540\" alt=\"Berrocal de Salvatierra celebra una nueva edici\u00f3n de su vuelta ciclista\"\/><\/p>\n<p><img loading=\"lazy\" decoding=\"async\" src=\"https:\/\/www.europesays.com\/es\/wp-content\/uploads\/2025\/08\/IMG_9392.jpg\" class=\"v-mdl__img-z\" width=\"720\" height=\"540\" alt=\"Berrocal de Salvatierra celebra una nueva edici\u00f3n de su vuelta ciclista\"\/><\/p>\n<p><img decoding=\"async\" loading=\"lazy\" src=\"https:\/\/www.europesays.com\/es\/wp-content\/uploads\/2025\/08\/IMG_9393.jpg\" class=\"v-a-img\" width=\"720\" height=\"540\" alt=\"Berrocal de Salvatierra celebra una nueva edici\u00f3n de su vuelta ciclista\"\/><\/p>\n<p class=\"v-pill-m__c\">\n<p>Ampliar\n<\/p>\n<p><img decoding=\"async\" loading=\"lazy\" src=\"https:\/\/www.europesays.com\/es\/wp-content\/uploads\/2025\/08\/IMG_9393.jpg\" class=\"v-mdl__img-z\" width=\"720\" height=\"540\" alt=\"Berrocal de Salvatierra celebra una nueva edici\u00f3n de su vuelta ciclista\"\/><\/p>\n<p><img loading=\"lazy\" decoding=\"async\" src=\"https:\/\/www.europesays.com\/es\/wp-content\/uploads\/2025\/08\/IMG_9393.jpg\" class=\"v-mdl__img-z\" width=\"720\" height=\"540\" alt=\"Berrocal de Salvatierra celebra una nueva edici\u00f3n de su vuelta ciclista\"\/><\/p>\n<p><img decoding=\"async\" loading=\"lazy\" src=\"https:\/\/www.europesays.com\/es\/wp-content\/uploads\/2025\/08\/IMG_9396.jpg\" class=\"v-a-img\" width=\"720\" height=\"540\" alt=\"Berrocal de Salvatierra celebra una nueva edici\u00f3n de su vuelta ciclista\"\/><\/p>\n<p class=\"v-pill-m__c\">\n<p>Ampliar\n<\/p>\n<p><img decoding=\"async\" loading=\"lazy\" src=\"https:\/\/www.europesays.com\/es\/wp-content\/uploads\/2025\/08\/IMG_9396.jpg\" class=\"v-mdl__img-z\" width=\"720\" height=\"540\" alt=\"Berrocal de Salvatierra celebra una nueva edici\u00f3n de su vuelta ciclista\"\/><\/p>\n<p><img loading=\"lazy\" decoding=\"async\" src=\"https:\/\/www.europesays.com\/es\/wp-content\/uploads\/2025\/08\/IMG_9396.jpg\" class=\"v-mdl__img-z\" width=\"720\" height=\"540\" alt=\"Berrocal de Salvatierra celebra una nueva edici\u00f3n de su vuelta ciclista\"\/><\/p>\n<p><img decoding=\"async\" loading=\"lazy\" src=\"https:\/\/www.europesays.com\/es\/wp-content\/uploads\/2025\/08\/IMG_9397.jpg\" class=\"v-a-img\" width=\"720\" height=\"540\" alt=\"Berrocal de Salvatierra celebra una nueva edici\u00f3n de su vuelta ciclista\"\/><\/p>\n<p class=\"v-pill-m__c\">\n<p>Ampliar\n<\/p>\n<p><img decoding=\"async\" loading=\"lazy\" src=\"https:\/\/www.europesays.com\/es\/wp-content\/uploads\/2025\/08\/IMG_9397.jpg\" class=\"v-mdl__img-z\" width=\"720\" height=\"540\" alt=\"Berrocal de Salvatierra celebra una nueva edici\u00f3n de su vuelta ciclista\"\/><\/p>\n<p><img loading=\"lazy\" decoding=\"async\" src=\"https:\/\/www.europesays.com\/es\/wp-content\/uploads\/2025\/08\/IMG_9397.jpg\" class=\"v-mdl__img-z\" width=\"720\" height=\"540\" alt=\"Berrocal de Salvatierra celebra una nueva edici\u00f3n de su vuelta ciclista\"\/><\/p>\n<p><img decoding=\"async\" loading=\"lazy\" src=\"https:\/\/www.europesays.com\/es\/wp-content\/uploads\/2025\/08\/IMG_9399.jpg\" class=\"v-a-img\" width=\"720\" height=\"540\" alt=\"Berrocal de Salvatierra celebra una nueva edici\u00f3n de su vuelta ciclista\"\/><\/p>\n<p class=\"v-pill-m__c\">\n<p>Ampliar\n<\/p>\n<p><img decoding=\"async\" loading=\"lazy\" src=\"https:\/\/www.europesays.com\/es\/wp-content\/uploads\/2025\/08\/IMG_9399.jpg\" class=\"v-mdl__img-z\" width=\"720\" height=\"540\" alt=\"Berrocal de Salvatierra celebra una nueva edici\u00f3n de su vuelta ciclista\"\/><\/p>\n<p><img loading=\"lazy\" decoding=\"async\" src=\"https:\/\/www.europesays.com\/es\/wp-content\/uploads\/2025\/08\/IMG_9399.jpg\" class=\"v-mdl__img-z\" width=\"720\" height=\"540\" alt=\"Berrocal de Salvatierra celebra una nueva edici\u00f3n de su vuelta ciclista\"\/><\/p>\n<p><img decoding=\"async\" loading=\"lazy\" src=\"https:\/\/www.europesays.com\/es\/wp-content\/uploads\/2025\/08\/IMG_9400.jpg\" class=\"v-a-img\" width=\"720\" height=\"540\" alt=\"Berrocal de Salvatierra celebra una nueva edici\u00f3n de su vuelta ciclista\"\/><\/p>\n<p class=\"v-pill-m__c\">\n<p>Ampliar\n<\/p>\n<p><img decoding=\"async\" loading=\"lazy\" src=\"https:\/\/www.europesays.com\/es\/wp-content\/uploads\/2025\/08\/IMG_9400.jpg\" class=\"v-mdl__img-z\" width=\"720\" height=\"540\" alt=\"Berrocal de Salvatierra celebra una nueva edici\u00f3n de su vuelta ciclista\"\/><\/p>\n<p><img loading=\"lazy\" decoding=\"async\" src=\"https:\/\/www.europesays.com\/es\/wp-content\/uploads\/2025\/08\/IMG_9400.jpg\" class=\"v-mdl__img-z\" width=\"720\" height=\"540\" alt=\"Berrocal de Salvatierra celebra una nueva edici\u00f3n de su vuelta ciclista\"\/><\/p>\n<p><img decoding=\"async\" loading=\"lazy\" src=\"https:\/\/www.europesays.com\/es\/wp-content\/uploads\/2025\/08\/IMG_9401.jpg\" class=\"v-a-img\" width=\"720\" height=\"540\" alt=\"Berrocal de Salvatierra celebra una nueva edici\u00f3n de su vuelta ciclista\"\/><\/p>\n<p class=\"v-pill-m__c\">\n<p>Ampliar\n<\/p>\n<p><img decoding=\"async\" loading=\"lazy\" src=\"https:\/\/www.europesays.com\/es\/wp-content\/uploads\/2025\/08\/IMG_9401.jpg\" class=\"v-mdl__img-z\" width=\"720\" height=\"540\" alt=\"Berrocal de Salvatierra celebra una nueva edici\u00f3n de su vuelta ciclista\"\/><\/p>\n<p><img loading=\"lazy\" decoding=\"async\" src=\"https:\/\/www.europesays.com\/es\/wp-content\/uploads\/2025\/08\/IMG_9401.jpg\" class=\"v-mdl__img-z\" width=\"720\" height=\"540\" alt=\"Berrocal de Salvatierra celebra una nueva edici\u00f3n de su vuelta ciclista\"\/><\/p>\n<p><img decoding=\"async\" loading=\"lazy\" src=\"https:\/\/www.europesays.com\/es\/wp-content\/uploads\/2025\/08\/IMG_9402.jpg\" class=\"v-a-img\" width=\"720\" height=\"540\" alt=\"Berrocal de Salvatierra celebra una nueva edici\u00f3n de su vuelta ciclista\"\/><\/p>\n<p class=\"v-pill-m__c\">\n<p>Ampliar\n<\/p>\n<p><img decoding=\"async\" loading=\"lazy\" src=\"https:\/\/www.europesays.com\/es\/wp-content\/uploads\/2025\/08\/IMG_9402.jpg\" class=\"v-mdl__img-z\" width=\"720\" height=\"540\" alt=\"Berrocal de Salvatierra celebra una nueva edici\u00f3n de su vuelta ciclista\"\/><\/p>\n<p><img loading=\"lazy\" decoding=\"async\" src=\"https:\/\/www.europesays.com\/es\/wp-content\/uploads\/2025\/08\/IMG_9402.jpg\" class=\"v-mdl__img-z\" width=\"720\" height=\"540\" alt=\"Berrocal de Salvatierra celebra una nueva edici\u00f3n de su vuelta ciclista\"\/><\/p>\n<p><img decoding=\"async\" loading=\"lazy\" src=\"https:\/\/www.europesays.com\/es\/wp-content\/uploads\/2025\/08\/IMG_9403.jpg\" class=\"v-a-img\" width=\"720\" height=\"540\" alt=\"Berrocal de Salvatierra celebra una nueva edici\u00f3n de su vuelta ciclista\"\/><\/p>\n<p class=\"v-pill-m__c\">\n<p>Ampliar\n<\/p>\n<p><img decoding=\"async\" loading=\"lazy\" src=\"https:\/\/www.europesays.com\/es\/wp-content\/uploads\/2025\/08\/IMG_9403.jpg\" class=\"v-mdl__img-z\" width=\"720\" height=\"540\" alt=\"Berrocal de Salvatierra celebra una nueva edici\u00f3n de su vuelta ciclista\"\/><\/p>\n<p><img loading=\"lazy\" decoding=\"async\" src=\"https:\/\/www.europesays.com\/es\/wp-content\/uploads\/2025\/08\/IMG_9403.jpg\" class=\"v-mdl__img-z\" width=\"720\" height=\"540\" alt=\"Berrocal de Salvatierra celebra una nueva edici\u00f3n de su vuelta ciclista\"\/><\/p>\n<p><img decoding=\"async\" loading=\"lazy\" src=\"https:\/\/www.europesays.com\/es\/wp-content\/uploads\/2025\/08\/IMG_9404.jpg\" class=\"v-a-img\" width=\"720\" height=\"540\" alt=\"Berrocal de Salvatierra celebra una nueva edici\u00f3n de su vuelta ciclista\"\/><\/p>\n<p class=\"v-pill-m__c\">\n<p>Ampliar\n<\/p>\n<p><img decoding=\"async\" loading=\"lazy\" src=\"https:\/\/www.europesays.com\/es\/wp-content\/uploads\/2025\/08\/IMG_9404.jpg\" class=\"v-mdl__img-z\" width=\"720\" height=\"540\" alt=\"Berrocal de Salvatierra celebra una nueva edici\u00f3n de su vuelta ciclista\"\/><\/p>\n<p><img loading=\"lazy\" decoding=\"async\" src=\"https:\/\/www.europesays.com\/es\/wp-content\/uploads\/2025\/08\/IMG_9404.jpg\" class=\"v-mdl__img-z\" width=\"720\" height=\"540\" alt=\"Berrocal de Salvatierra celebra una nueva edici\u00f3n de su vuelta ciclista\"\/><\/p>\n<p><img decoding=\"async\" loading=\"lazy\" src=\"https:\/\/www.europesays.com\/es\/wp-content\/uploads\/2025\/08\/IMG_9407.jpg\" class=\"v-a-img\" width=\"720\" height=\"540\" alt=\"Berrocal de Salvatierra celebra una nueva edici\u00f3n de su vuelta ciclista\"\/><\/p>\n<p class=\"v-pill-m__c\">\n<p>Ampliar\n<\/p>\n<p><img decoding=\"async\" loading=\"lazy\" src=\"https:\/\/www.europesays.com\/es\/wp-content\/uploads\/2025\/08\/IMG_9407.jpg\" class=\"v-mdl__img-z\" width=\"720\" height=\"540\" alt=\"Berrocal de Salvatierra celebra una nueva edici\u00f3n de su vuelta ciclista\"\/><\/p>\n<p><img loading=\"lazy\" decoding=\"async\" src=\"https:\/\/www.europesays.com\/es\/wp-content\/uploads\/2025\/08\/IMG_9407.jpg\" class=\"v-mdl__img-z\" width=\"720\" height=\"540\" alt=\"Berrocal de Salvatierra celebra una nueva edici\u00f3n de su vuelta ciclista\"\/><\/p>\n<p><img decoding=\"async\" loading=\"lazy\" src=\"https:\/\/www.europesays.com\/es\/wp-content\/uploads\/2025\/08\/IMG_9408.jpg\" class=\"v-a-img\" width=\"720\" height=\"540\" alt=\"Berrocal de Salvatierra celebra una nueva edici\u00f3n de su vuelta ciclista\"\/><\/p>\n<p class=\"v-pill-m__c\">\n<p>Ampliar\n<\/p>\n<p><img decoding=\"async\" loading=\"lazy\" src=\"https:\/\/www.europesays.com\/es\/wp-content\/uploads\/2025\/08\/IMG_9408.jpg\" class=\"v-mdl__img-z\" width=\"720\" height=\"540\" alt=\"Berrocal de Salvatierra celebra una nueva edici\u00f3n de su vuelta ciclista\"\/><\/p>\n<p><img loading=\"lazy\" decoding=\"async\" src=\"https:\/\/www.europesays.com\/es\/wp-content\/uploads\/2025\/08\/IMG_9408.jpg\" class=\"v-mdl__img-z\" width=\"720\" height=\"540\" alt=\"Berrocal de Salvatierra celebra una nueva edici\u00f3n de su vuelta ciclista\"\/><\/p>\n<p><img decoding=\"async\" loading=\"lazy\" src=\"https:\/\/www.europesays.com\/es\/wp-content\/uploads\/2025\/08\/IMG_9409.jpg\" class=\"v-a-img\" width=\"720\" height=\"540\" alt=\"Berrocal de Salvatierra celebra una nueva edici\u00f3n de su vuelta ciclista\"\/><\/p>\n<p class=\"v-pill-m__c\">\n<p>Ampliar\n<\/p>\n<p><img decoding=\"async\" loading=\"lazy\" src=\"https:\/\/www.europesays.com\/es\/wp-content\/uploads\/2025\/08\/IMG_9409.jpg\" class=\"v-mdl__img-z\" width=\"720\" height=\"540\" alt=\"Berrocal de Salvatierra celebra una nueva edici\u00f3n de su vuelta ciclista\"\/><\/p>\n<p><img loading=\"lazy\" decoding=\"async\" src=\"https:\/\/www.europesays.com\/es\/wp-content\/uploads\/2025\/08\/IMG_9409.jpg\" class=\"v-mdl__img-z\" width=\"720\" height=\"540\" alt=\"Berrocal de Salvatierra celebra una nueva edici\u00f3n de su vuelta ciclista\"\/><\/p>\n<p><img decoding=\"async\" loading=\"lazy\" src=\"https:\/\/www.europesays.com\/es\/wp-content\/uploads\/2025\/08\/IMG_9411.jpg\" class=\"v-a-img\" width=\"720\" height=\"540\" alt=\"Berrocal de Salvatierra celebra una nueva edici\u00f3n de su vuelta ciclista\"\/><\/p>\n<p class=\"v-pill-m__c\">\n<p>Ampliar\n<\/p>\n<p><img decoding=\"async\" loading=\"lazy\" src=\"https:\/\/www.europesays.com\/es\/wp-content\/uploads\/2025\/08\/IMG_9411.jpg\" class=\"v-mdl__img-z\" width=\"720\" height=\"540\" alt=\"Berrocal de Salvatierra celebra una nueva edici\u00f3n de su vuelta ciclista\"\/><\/p>\n<p><img loading=\"lazy\" decoding=\"async\" src=\"https:\/\/www.europesays.com\/es\/wp-content\/uploads\/2025\/08\/IMG_9411.jpg\" class=\"v-mdl__img-z\" width=\"720\" height=\"540\" alt=\"Berrocal de Salvatierra celebra una nueva edici\u00f3n de su vuelta ciclista\"\/><\/p>\n<p><img decoding=\"async\" loading=\"lazy\" src=\"https:\/\/www.europesays.com\/es\/wp-content\/uploads\/2025\/08\/IMG_9412.jpg\" class=\"v-a-img\" width=\"720\" height=\"540\" alt=\"Berrocal de Salvatierra celebra una nueva edici\u00f3n de su vuelta ciclista\"\/><\/p>\n<p class=\"v-pill-m__c\">\n<p>Ampliar\n<\/p>\n<p><img decoding=\"async\" loading=\"lazy\" src=\"https:\/\/www.europesays.com\/es\/wp-content\/uploads\/2025\/08\/IMG_9412.jpg\" class=\"v-mdl__img-z\" width=\"720\" height=\"540\" alt=\"Berrocal de Salvatierra celebra una nueva edici\u00f3n de su vuelta ciclista\"\/><\/p>\n<p><img loading=\"lazy\" decoding=\"async\" src=\"https:\/\/www.europesays.com\/es\/wp-content\/uploads\/2025\/08\/IMG_9412.jpg\" class=\"v-mdl__img-z\" width=\"720\" height=\"540\" alt=\"Berrocal de Salvatierra celebra una nueva edici\u00f3n de su vuelta ciclista\"\/><\/p>\n<p><img decoding=\"async\" loading=\"lazy\" src=\"https:\/\/www.europesays.com\/es\/wp-content\/uploads\/2025\/08\/IMG_9413.jpg\" class=\"v-a-img\" width=\"720\" height=\"540\" alt=\"Berrocal de Salvatierra celebra una nueva edici\u00f3n de su vuelta ciclista\"\/><\/p>\n<p class=\"v-pill-m__c\">\n<p>Ampliar\n<\/p>\n<p><img decoding=\"async\" loading=\"lazy\" src=\"https:\/\/www.europesays.com\/es\/wp-content\/uploads\/2025\/08\/IMG_9413.jpg\" class=\"v-mdl__img-z\" width=\"720\" height=\"540\" alt=\"Berrocal de Salvatierra celebra una nueva edici\u00f3n de su vuelta ciclista\"\/><\/p>\n<p><img loading=\"lazy\" decoding=\"async\" src=\"https:\/\/www.europesays.com\/es\/wp-content\/uploads\/2025\/08\/IMG_9413.jpg\" class=\"v-mdl__img-z\" width=\"720\" height=\"540\" alt=\"Berrocal de Salvatierra celebra una nueva edici\u00f3n de su vuelta ciclista\"\/><\/p>\n<ul class=\"v-mdl-tpc__u\">\n<li class=\"v-mdl-tpc__l\">\n<p>Temas<\/p>\n<\/li>\n<li class=\"v-mdl-tpc__l\">\n<a class=\"v-mdl-tpc__a v-btn v-btn-s\" href=\"https:\/\/www.lagacetadesalamanca.es\/temas\/generales\/verano.html\" title=\"Verano\" data-mrf-link=\"https:\/\/www.lagacetadesalamanca.es\/temas\/generales\/verano.html\" rel=\"nofollow noopener\" target=\"_blank\"><br \/>\nVerano<br \/>\n<\/a>\n<\/li>\n<li class=\"v-mdl-tpc__l\">\n<a class=\"v-mdl-tpc__a v-btn v-btn-s\" href=\"https:\/\/www.lagacetadesalamanca.es\/temas\/generales\/ciclismo.html\" title=\"Ciclismo\" data-mrf-link=\"https:\/\/www.lagacetadesalamanca.es\/temas\/generales\/ciclismo.html\" rel=\"nofollow noopener\" target=\"_blank\"><br \/>\nCiclismo<br \/>\n<\/a>\n<\/li>\n<li class=\"v-mdl-tpc__l\">\n<a class=\"v-mdl-tpc__a v-btn v-btn-s\" href=\"https:\/\/www.lagacetadesalamanca.es\/temas\/lugares\/berrocal-de-salvatierra.html\" title=\"Berrocal de Salvatierra\" data-mrf-link=\"https:\/\/www.lagacetadesalamanca.es\/temas\/lugares\/berrocal-de-salvatierra.html\" rel=\"nofollow noopener\" target=\"_blank\"><br \/>\nBerrocal de Salvatierra<br \/>\n<\/a>\n<\/li>\n<li class=\"v-mdl-tpc__l\">\n<a class=\"v-mdl-tpc__a v-btn v-btn-s\" href=\"https:\/\/www.lagacetadesalamanca.es\/temas\/generales\/fiestas.html\" title=\"Fiestas\" data-mrf-link=\"https:\/\/www.lagacetadesalamanca.es\/temas\/generales\/fiestas.html\" rel=\"nofollow noopener\" target=\"_blank\"><br \/>\nFiestas<br \/>\n<\/a>\n<\/li>\n<\/ul>\n","protected":false},"excerpt":{"rendered":"TEL Berrocal de Salvatierra Domingo, 10 de agosto 2025, 22:28 Modo oscuro Compartir Decenas de personas participaron este&hellip;\n","protected":false},"author":2,"featured_media":39802,"comment_status":"","ping_status":"","sticky":false,"template":"","format":"standard","meta":{"footnotes":""},"categories":[273],"tags":[9039,6951,313,1757,312,168,2197,25,24,795,19372,23,167,1357],"class_list":{"0":"post-39801","1":"post","2":"type-post","3":"status-publish","4":"format-standard","5":"has-post-thumbnail","7":"category-ciclismo","8":"tag-berrocal","9":"tag-celebra","10":"tag-ciclismo","11":"tag-ciclista","12":"tag-cycling","13":"tag-deportes","14":"tag-edicion","15":"tag-es","16":"tag-espana","17":"tag-nueva","18":"tag-salvatierra","19":"tag-spain","20":"tag-sports","21":"tag-vuelta"},"share_on_mastodon":{"url":"","error":""},"_links":{"self":[{"href":"https:\/\/www.europesays.com\/es\/wp-json\/wp\/v2\/posts\/39801","targetHints":{"allow":["GET"]}}],"collection":[{"href":"https:\/\/www.europesays.com\/es\/wp-json\/wp\/v2\/posts"}],"about":[{"href":"https:\/\/www.europesays.com\/es\/wp-json\/wp\/v2\/types\/post"}],"author":[{"embeddable":true,"href":"https:\/\/www.europesays.com\/es\/wp-json\/wp\/v2\/users\/2"}],"replies":[{"embeddable":true,"href":"https:\/\/www.europesays.com\/es\/wp-json\/wp\/v2\/comments?post=39801"}],"version-history":[{"count":0,"href":"https:\/\/www.europesays.com\/es\/wp-json\/wp\/v2\/posts\/39801\/revisions"}],"wp:featuredmedia":[{"embeddable":true,"href":"https:\/\/www.europesays.com\/es\/wp-json\/wp\/v2\/media\/39802"}],"wp:attachment":[{"href":"https:\/\/www.europesays.com\/es\/wp-json\/wp\/v2\/media?parent=39801"}],"wp:term":[{"taxonomy":"category","embeddable":true,"href":"https:\/\/www.europesays.com\/es\/wp-json\/wp\/v2\/categories?post=39801"},{"taxonomy":"post_tag","embeddable":true,"href":"https:\/\/www.europesays.com\/es\/wp-json\/wp\/v2\/tags?post=39801"}],"curies":[{"name":"wp","href":"https:\/\/api.w.org\/{rel}","templated":true}]}}