{"id":398364,"date":"2026-02-15T10:14:12","date_gmt":"2026-02-15T10:14:12","guid":{"rendered":"https:\/\/www.europesays.com\/es\/398364\/"},"modified":"2026-02-15T10:14:12","modified_gmt":"2026-02-15T10:14:12","slug":"emma-garcia-freno-a-marisa-martin-blazquez-por-una-frase-inapropiada-en-fiesta-no-deberiamos-decirla","status":"publish","type":"post","link":"https:\/\/www.europesays.com\/es\/398364\/","title":{"rendered":"Emma Garc\u00eda fren\u00f3 a Marisa Mart\u00edn Bl\u00e1zquez por una frase inapropiada en &#8216;Fiesta&#8217;: \u00abNo deber\u00edamos decirla\u00bb"},"content":{"rendered":"<p class=\"article-text\">\n        <strong>Emma Garc\u00eda<\/strong> se vio obligada a interrumpir este s\u00e1bado a <strong>Marisa Mart\u00edn Bl\u00e1zquez<\/strong>. \u00bfEl motivo? Una desafortunada frase hecha que la tertuliana de <strong>Fiesta<\/strong> pronunci\u00f3 mientras explicaba la batalla judicial en la que lleva inmersa desde hace ya varios a\u00f1os.\n    <\/p>\n<p>    <a href=\"https:\/\/www.eldiario.es\/vertele\/noticias\/sonsoles-onega-freno-seco-alvaro-marichalar-antena-3-proxeneta-suegro-pedro-sanchez_1_12986507.html\" data-mrf-recirculation=\"saber-mas\" data-dl-event=\"saber-mas\" rel=\"nofollow noopener\" target=\"_blank\"><\/p>\n<p class=\"know-more__title\">Sons\u00f3les \u00d3nega fren\u00f3 en seco a \u00c1lvaro de Marichalar en Antena 3 tras llamar \u00abproxeneta\u00bb al suegro de Pedro S\u00e1nchez<\/p>\n<p>            <img decoding=\"async\" class=\"lazy\" loading=\"lazy\" data-src=\"https:\/\/static.eldiario.es\/clip\/b8ecc355-c361-41d8-83fd-f5689b3ff700_16-9-aspect-ratio_default_0.jpg\" src=\"data:image\/svg+xml,%3Csvg xmlns=\" http:=\"\" viewbox=\"0 0 880 495\" alt=\"Sons\u00f3les \u00d3nega fren\u00f3 en seco a \u00c1lvaro de Marichalar en Antena 3 tras llamar &quot;proxeneta&quot; al suegro de Pedro S\u00e1nchez\"\/><\/p>\n<p>                        <\/a><\/p>\n<p class=\"article-text\">\n        Mart\u00edn Bl\u00e1zquez empez\u00f3 explicando que en 2021 alquil\u00f3 a unas personas la vivienda que tiene en una exclusiva zona de Torrelodones, pero que aquella decisi\u00f3n pronto acab\u00f3 convirti\u00e9ndose en un quebradero de cabeza para ella. Primero, porque los inquilinos dejaron de pagarle el alquile, de ah\u00ed que se viera obligada a ponerles una denuncia. Y segundo, porque en 2023 fueron los inquilinos quienes le pusieron una denuncia a ella por \u201cacoso y coacci\u00f3n\u201d.\n    <\/p>\n<p class=\"article-text\">\n        Desde entonces, la colaboradora de <strong>Telecinco<\/strong> est\u00e1 inmersa en esta delicada situaci\u00f3n, de la cual culpa al Gobierno por su supuesta inacci\u00f3n contra la okupaci\u00f3n: \u201cEsa vivienda me la he ganado yo con el sudor de mi trabajo, yo pago los impuestos, entre otras cosas, para\u00a0que la administraci\u00f3n se haga cargo de las familias vulnerables\u00a0que no pueden tener una vivienda,<strong>\u00a0yo no tengo por qu\u00e9\u00a0<\/strong>destinar el dinero de mi trabajo en\u00a0<strong>cubrir las necesidades de estas familias<\/strong>, que adem\u00e1s esta familia no es precisamente vulnerable\u201d.\n    <\/p>\n<p class=\"article-text\">\n        Marisa se fue calentando hasta que finalmente, y visiblemente enfadada por su problema personal, solt\u00f3 la frase por la que despu\u00e9s tuvo que intervenir Emma Garc\u00eda: \u201cYo, que <strong>trabajo como una negra<\/strong> desde que era peque\u00f1a, que pago mis impuestos religiosamente y destino esos impuestos para que funcione mejor en muchos sentidos, entre otros para que los destinen a vivienda social, no voy a ser el sosten econ\u00f3mico de un gobierno que no quiere estar haciendo las cosas bien\u201d.\n    <\/p>\n<p>    La reacci\u00f3n de Emma Garc\u00eda<\/p>\n<p class=\"article-text\">\n        A continuaci\u00f3n, Emma tom\u00f3 la palabra para hacer ver a su compa\u00f1era lo que hab\u00eda dicho: \u201cHas dicho una frase que solemos decir y no deber\u00edamos. &#8216;Trabajar como una&#8230;&#8217; <strong>no lo deber\u00edamos decir<\/strong> en medio del fragor de la batalla\u201d. \u201cS\u00ed, s\u00ed, perdonadme. Tienes toda la raz\u00f3n\u201d, reconoci\u00f3 inmediatamente Marisa. \u201cQuiero hacer esta rectificaci\u00f3n porque [tu frase] <strong>no est\u00e1 hecha con mala intenci\u00f3n<\/strong>, pero puedo entender a los que se sienten aludidos por esta historia. Disculpas tuyas y de todos los que utilizamos frases sin darnos cuenta del significado, la herida y el dolor que pueden causar\u201d, a\u00f1adi\u00f3 Emma Garc\u00eda. \u201cMis disculpas porque, efectivamente, no he ca\u00eddo y es una frase hecha y muy mal dicha\u201d, concluy\u00f3 Marisa Mart\u00edn Bl\u00e1zquez.\n    <\/p>\n<p class=\"article-text\">\n        Emma Garc\u00eda hizo esta aclaraci\u00f3n cuando a\u00fan resuenan los ecos de otro desafortunado comentario producido en un plat\u00f3 de televisi\u00f3n: el <a href=\"https:\/\/www.eldiario.es\/vertele\/noticias\/ataque-machista-rosa-belmonte-sarah-santaolalla-hormiguero-mitad-tonta-mitad-tetas_1_12980807.html\" target=\"_blank\" data-mrf-recirculation=\"links-noticia\" class=\"link\" rel=\"nofollow noopener\">ataque machista de Rosa Belmonte<\/a> a <strong>Sarah Santaolalla<\/strong> en <strong>El Hormiguero<\/strong>. Sin embargo, en el contexto de Fiesta, cabe decir que la propia Emma ya pas\u00f3 por una situaci\u00f3n similar hace un a\u00f1o, cuando <strong>\u00c1gatha Ruiz de la Prada<\/strong> dijo en ese mismo plat\u00f3 que estaba \u201cviviendo como una gitana\u201d porque no tiene \u201cni cocina, ni luces ni lavabo\u201d. Entonces, Emma no reaccion\u00f3 al instante porque, seg\u00fan ella, justo en ese momento le estaban diciendo algo por el pinganillo y no escuch\u00f3 la frase, pero s\u00ed lo hizo <a href=\"https:\/\/www.eldiario.es\/vertele\/noticias\/emma-garcia-pide-perdon-fiesta-comentario-agatha-ruiz-prada-gitana_1_11994484.html\" target=\"_blank\" data-mrf-recirculation=\"links-noticia\" class=\"link\" rel=\"nofollow noopener\">a posteriori<\/a>, despu\u00e9s que gente como Lolita Flores manifestara su malestar por el comentario de \u00c1gatha.\n    <\/p>\n<p>    <a href=\"https:\/\/www.eldiario.es\/vertele\/noticias\/t-amare-gana-benidorm-fest-2026-tony-grox-lucycalys-abren-rtve-eurovision-hit-ano_1_12991653.html\" data-mrf-recirculation=\"saber-mas-abajo\" data-dl-event=\"saber-mas-abajo\" rel=\"nofollow noopener\" target=\"_blank\"><\/p>\n<p class=\"know-more__title\">&#8216;T Amar\u00e9&#8217; gana el Benidorm Fest 2026: Tony Grox y Lucycalys abren la era de RTVE sin Eurovisi\u00f3n con el hit del a\u00f1o\n<\/p>\n<p>            <img decoding=\"async\" class=\"lazy\" loading=\"lazy\" data-src=\"https:\/\/static.eldiario.es\/clip\/cd110dd1-14be-4404-b65e-afe277d5b831_16-9-aspect-ratio_default_0.jpg\" src=\"data:image\/svg+xml,%3Csvg xmlns=\" http:=\"\" viewbox=\"0 0 880 495\" alt=\"'T Amar\u00e9' gana el Benidorm Fest 2026: Tony Grox y Lucycalys abren la era de RTVE sin Eurovisi\u00f3n con el hit del a\u00f1o\"\/><\/p>\n<p>                        <\/a><\/p>\n<p class=\"article-text\">\n        Este s\u00e1bado, en cambio, Emma Garc\u00eda s\u00ed oy\u00f3 con claridad la frase de Marisa Mart\u00edn Bl\u00e1zquez y actu\u00f3 en consecuencia para aclarar que esa frase no se ten\u00eda que haber dicho y, de paso, evitar que la pol\u00e9mica fuese mayor de lo que ha terminado siendo.\n    <\/p>\n","protected":false},"excerpt":{"rendered":"Emma Garc\u00eda se vio obligada a interrumpir este s\u00e1bado a Marisa Mart\u00edn Bl\u00e1zquez. \u00bfEl motivo? Una desafortunada frase&hellip;\n","protected":false},"author":2,"featured_media":398365,"comment_status":"","ping_status":"","sticky":false,"template":"","format":"standard","meta":{"footnotes":""},"categories":[171],"tags":[16908,86189,6923,146,147,25,24,2328,20580,9461,86188,86187,689,23,214],"class_list":["post-398364","post","type-post","status-publish","format-standard","has-post-thumbnail","category-tv","tag-deberiamos","tag-decirla","tag-emma-garcia","tag-entertainment","tag-entretenimiento","tag-es","tag-espana","tag-fiesta","tag-frase","tag-freno","tag-inapropiada","tag-marisa-martin-blazquez","tag-no","tag-spain","tag-tv"],"share_on_mastodon":{"url":"https:\/\/pubeurope.com\/@es\/116074123574199533","error":""},"_links":{"self":[{"href":"https:\/\/www.europesays.com\/es\/wp-json\/wp\/v2\/posts\/398364","targetHints":{"allow":["GET"]}}],"collection":[{"href":"https:\/\/www.europesays.com\/es\/wp-json\/wp\/v2\/posts"}],"about":[{"href":"https:\/\/www.europesays.com\/es\/wp-json\/wp\/v2\/types\/post"}],"author":[{"embeddable":true,"href":"https:\/\/www.europesays.com\/es\/wp-json\/wp\/v2\/users\/2"}],"replies":[{"embeddable":true,"href":"https:\/\/www.europesays.com\/es\/wp-json\/wp\/v2\/comments?post=398364"}],"version-history":[{"count":0,"href":"https:\/\/www.europesays.com\/es\/wp-json\/wp\/v2\/posts\/398364\/revisions"}],"wp:featuredmedia":[{"embeddable":true,"href":"https:\/\/www.europesays.com\/es\/wp-json\/wp\/v2\/media\/398365"}],"wp:attachment":[{"href":"https:\/\/www.europesays.com\/es\/wp-json\/wp\/v2\/media?parent=398364"}],"wp:term":[{"taxonomy":"category","embeddable":true,"href":"https:\/\/www.europesays.com\/es\/wp-json\/wp\/v2\/categories?post=398364"},{"taxonomy":"post_tag","embeddable":true,"href":"https:\/\/www.europesays.com\/es\/wp-json\/wp\/v2\/tags?post=398364"}],"curies":[{"name":"wp","href":"https:\/\/api.w.org\/{rel}","templated":true}]}}