{"id":398414,"date":"2026-02-15T10:52:19","date_gmt":"2026-02-15T10:52:19","guid":{"rendered":"https:\/\/www.europesays.com\/es\/398414\/"},"modified":"2026-02-15T10:52:19","modified_gmt":"2026-02-15T10:52:19","slug":"la-primera-vez-que-me-emborrache-fue-con-rafa-nadal-y-roger-federer","status":"publish","type":"post","link":"https:\/\/www.europesays.com\/es\/398414\/","title":{"rendered":"La primera vez que me emborrach\u00e9 fue con Rafa Nadal y Roger Federer"},"content":{"rendered":"<p class=\"c-paragraph\"><a href=\"https:\/\/www.20minutos.es\/tags\/personas\/stefanos-tsitsipas.html\" title=\"St\u00e9fanos Tsitsipas\" rel=\"nofollow noopener\" target=\"_blank\">Stefanos Tsitsipas<\/a> no se encuentra en su mejor momento en cuanto a tenis se refiere. No obstante, el tenista griego, que ha sido el n\u00famero tres del mundo, ha compartido numerosos momentos y partidos con los mejores, entre ellos, <b>con <a href=\"https:\/\/www.20minutos.es\/tags\/deportes\/rafa-nadal.html\" title=\"Rafa Nadal\" rel=\"nofollow noopener\" target=\"_blank\">Rafa Nadal<\/a> y <a href=\"https:\/\/www.20minutos.es\/tags\/deportes\/roger-federer.html\" title=\"Roger Federer\" rel=\"nofollow noopener\" target=\"_blank\">Roger Federer<\/a>, de los cuales ha contado una divertida an\u00e9cdota.<\/b><\/p>\n<p class=\"c-paragraph\">\u00abLa primera vez que me emborrach\u00e9 fue con\u00a0Rafa y Roger, era la primera vez que beb\u00eda alcohol en mi vida. No puedo pedir una mejor primera vez (risas) No ten\u00eda ni idea de qu\u00e9 pedirme, y<b> Roger me dijo que ten\u00eda que pedir un trago.<\/b> Pens\u00e9: &#8216;Bueno, si lo dice Roger, tengo que pedir algo&#8217; (risas)\u00bb, comienza confesando el tenista en el podcast What&#8217;s The Call.\u00a0<\/p>\n<p class=\"c-paragraph\">Todo ocurri\u00f3 durante una<a href=\"https:\/\/www.20minutos.es\/tags\/temas\/laver-cup.html\" title=\"Laver Cup\" rel=\"nofollow noopener\" target=\"_blank\"> Laver Cup<\/a> en la que el equipo europeo sali\u00f3 a celebrar por todo lo alto. \u00abFue una noche muy divertida: <b>Domi (Thiem) y yo nos subimos a la mesa, a bailar y cantar; <\/b>fue una de esas noches memorables que hace que aprecies el tenis como un deporte de equipo, porque esa semana \u00e9ramos compa\u00f1eros, no compet\u00edamos entre nosotros\u00bb, apunta.\u00a0<\/p>\n<p class=\"c-paragraph\">Sin duda, Tsitsipas recordar\u00e1 ese momento toda la vida. Ahora, el tenista griego busca volver a encontrar su mejor versi\u00f3n tras una mala racha en la <b>que ha ca\u00eddo al puesto 32 del ranking ATP.\u00a0<\/b><\/p>\n","protected":false},"excerpt":{"rendered":"Stefanos Tsitsipas no se encuentra en su mejor momento en cuanto a tenis se refiere. No obstante, el&hellip;\n","protected":false},"author":2,"featured_media":398415,"comment_status":"","ping_status":"","sticky":false,"template":"","format":"standard","meta":{"footnotes":""},"categories":[274],"tags":[23835,23359,168,13956,25,24,23,167,327,326,10180,20877],"class_list":["post-398414","post","type-post","status-publish","format-standard","has-post-thumbnail","category-tenis","tag-anecdota","tag-confiesa","tag-deportes","tag-divertida","tag-es","tag-espana","tag-spain","tag-sports","tag-tenis","tag-tennis","tag-tsitsipas","tag-una"],"share_on_mastodon":{"url":"https:\/\/pubeurope.com\/@es\/116074272661372235","error":""},"_links":{"self":[{"href":"https:\/\/www.europesays.com\/es\/wp-json\/wp\/v2\/posts\/398414","targetHints":{"allow":["GET"]}}],"collection":[{"href":"https:\/\/www.europesays.com\/es\/wp-json\/wp\/v2\/posts"}],"about":[{"href":"https:\/\/www.europesays.com\/es\/wp-json\/wp\/v2\/types\/post"}],"author":[{"embeddable":true,"href":"https:\/\/www.europesays.com\/es\/wp-json\/wp\/v2\/users\/2"}],"replies":[{"embeddable":true,"href":"https:\/\/www.europesays.com\/es\/wp-json\/wp\/v2\/comments?post=398414"}],"version-history":[{"count":0,"href":"https:\/\/www.europesays.com\/es\/wp-json\/wp\/v2\/posts\/398414\/revisions"}],"wp:featuredmedia":[{"embeddable":true,"href":"https:\/\/www.europesays.com\/es\/wp-json\/wp\/v2\/media\/398415"}],"wp:attachment":[{"href":"https:\/\/www.europesays.com\/es\/wp-json\/wp\/v2\/media?parent=398414"}],"wp:term":[{"taxonomy":"category","embeddable":true,"href":"https:\/\/www.europesays.com\/es\/wp-json\/wp\/v2\/categories?post=398414"},{"taxonomy":"post_tag","embeddable":true,"href":"https:\/\/www.europesays.com\/es\/wp-json\/wp\/v2\/tags?post=398414"}],"curies":[{"name":"wp","href":"https:\/\/api.w.org\/{rel}","templated":true}]}}