{"id":398502,"date":"2026-02-15T11:55:12","date_gmt":"2026-02-15T11:55:12","guid":{"rendered":"https:\/\/www.europesays.com\/es\/398502\/"},"modified":"2026-02-15T11:55:12","modified_gmt":"2026-02-15T11:55:12","slug":"cortes-de-trafico-este-martes-por-la-cabalgata-infantil-del-carnaval-de-las-palmas-de-gran-canaria","status":"publish","type":"post","link":"https:\/\/www.europesays.com\/es\/398502\/","title":{"rendered":"Cortes de tr\u00e1fico este martes por la cabalgata infantil del carnaval de Las Palmas de Gran Canaria"},"content":{"rendered":"<p><a class=\"v-mdl-ath__fig-a\" href=\"https:\/\/www.canarias7.es\/autor\/canarias7-6545.html\" title=\"CANARIAS7\" rel=\"nofollow noopener\" target=\"_blank\"><br \/>\n<img decoding=\"async\" class=\"v-mdl-ath__img\" src=\"https:\/\/www.europesays.com\/es\/wp-content\/uploads\/2026\/01\/autor-6545-foto-1.png\" alt=\"CANARIAS7\"\/><br \/>\n<\/a><\/p>\n<p class=\"v-mdl-ath__p v-mdl-ath__p--6\">\nDomingo, 15 de febrero 2026, 09:34<\/p>\n<p class=\"v-p\">La Cabalgata Infantil del carnaval de \u00abLas Vegas\u00bb tomar\u00e1 este martes 17 de febrero, desde las 12:00 horas, <strong>las calles de la ciudad en un recorrido que partir\u00e1 de la zona del Puerto y concluir\u00e1 en el entorno de Mesa y L\u00f3pez.<\/strong><\/p>\n<p class=\"v-p\">El Ayuntamiento de Las Palmas de Gran Canaria, ante la amplia participaci\u00f3n prevista en este desfile dedicado a la poblaci\u00f3n infantil, <strong>ha dise\u00f1ado un dispositivo especial de movilidad, seguridad y limpieza que permitir\u00e1 la reordenaci\u00f3n del tr\u00e1fico y garantizar\u00e1 el correcto desarrollo del evento. <\/strong><\/p>\n<p class=\"v-p\">As\u00ed, Elena Henr\u00edquez Gonz\u00e1lez, reina infantil del carnaval de \u00abLas Vegas\u00bb, con la fantas\u00eda &#8216;T\u00e9, estaba esperando&#8217;, dise\u00f1ada por Masbe Creaciones para la Asociaci\u00f3n Cultural Adasat, recorrer\u00e1 cerca de tres kil\u00f3metros junto al cuadro de honor integrado por Shuhayla Lisbey Moya Rodr\u00edguez, Gala Nieves Mingorance, Martina Ort\u00edz Rodr\u00edguez, y Noa de los Bueis Dom\u00ednguez. La comitiva contar\u00e1 adem\u00e1s con la participaci\u00f3n de murgas, comparsas y mascaritas infantiles.<\/p>\n<p class=\"v-p\">Con motivo de la celebraci\u00f3n de la Cabalgata Infantil, los cortes y restricciones al tr\u00e1fico se aplicar\u00e1n desde primera hora de la ma\u00f1ana del martes 17 de febrero, <strong>con desalojos de veh\u00edculos desde la noche anterior en distintas v\u00edas del entorno del recorrido.<\/strong><\/p>\n<p class=\"v-p\">Desde las 22:00 horas del lunes 16 de febrero y hasta las 13:00 horas del martes 17 se proceder\u00e1 al desalojo de veh\u00edculos en la calle Sao Paulo, en el tramo comprendido entre el acceso al Punto Limpio y el parking del Centro de Emprendedores, v\u00eda que permanecer\u00e1 cerrada al tr\u00e1fico a partir de las las 07:00 horas del martes 17.<\/p>\n<p class=\"v-p\">En el \u00e1rea del Puerto, el desalojo de veh\u00edculos se extender\u00e1 desde las 22:00 horas del d\u00eda 16 hasta las 18:00 horas del d\u00eda 17 en las calles Juan Rej\u00f3n \u2014excepto la manzana de viviendas entre los n\u00fameros 66 y 104\u2014, Doctor Antonio Jorge Aguiar en sentido norte, la plaza Ingeniero Manuel Becerra, Benecharo, Artemi Semid\u00e1n y Princesa Guayarmina, en sus tramos entre La Naval y Juan Rej\u00f3n. En cuanto al cierre al tr\u00e1fico de las v\u00edas, este se realizar\u00e1 a partir de las 08:00 horas del martes 17 en las calles Cambaluz; Doctor Antonio Jorge Aguiar en sentido norte; Juan Rej\u00f3n; Veintid\u00f3s de Mayo de 1986; Benecharo; Artemi Semid\u00e1n; Gordillo; P\u00e9rez Mu\u00f1oz; Mah\u00f3n y Princesa Guayarmina. Tambi\u00e9n quedar\u00e1 afectado el interior del t\u00fanel de la GC-1 en sentido norte hacia P\u00e9rez Mu\u00f1oz. Adem\u00e1s, tambi\u00e9n a partir de las 08:00 horas se habilitar\u00e1 el cambio de sentido en Rosarito y Mah\u00f3n.<\/p>\n<p class=\"v-p\">Asimismo, el servicio de Guaguas Municipales se ver\u00e1 afectado desde las 08:00 horas del martes con el cierre temporal de la terminal de Guaguas Municipales en la plaza Ingeniero Manuel Becerra, as\u00ed como de varios tramos de Poeta Agust\u00edn Millares Sall, Gordillo y Juan Rej\u00f3n en sentido este. Estas mismas v\u00edas quedar\u00e1n cerradas al servicio de taxis durante el horario del desfile. Tambi\u00e9n se cerrar\u00e1 el carril bici en Juan Rej\u00f3n, Poeta Agust\u00edn Millares Sall y Eduardo Benot. No obstante, se permitir\u00e1 el uso del carril bus para los veh\u00edculos en Poeta Agust\u00edn Millares Sall en sentido oeste y en Eduardo Benot en sentido sur, entre Poeta Agust\u00edn Millares Sall y Gran Canaria.<\/p>\n<p class=\"v-p\">En el entorno de Santa Catalina, desde las 22:00 horas del lunes 16 se llevar\u00e1 a cabo el desalojo de veh\u00edculos en Albareda, Gomera, Salvador Cuy\u00e1s, Pedro Castillo Westerling, Padre Cueto, Alfredo L. Jones y Nicol\u00e1s Est\u00e9vanez, en los tramos comprendidos dentro del per\u00edmetro del recorrido. Al d\u00eda siguiente, a partir de las 08:00 horas, se cerrar\u00e1n al tr\u00e1fico Albareda; Eduardo Benot, entre Luis Morote y Gran Canaria; las calles Gran Canaria, La Palma, Fuerteventura, Gomera, Sagasta, Salvador Cuy\u00e1s, Hierro, Padre Cueto, Pedro Castillo Westerling, Alfredo L. Jones y Nicol\u00e1s Est\u00e9vanez, as\u00ed como el desv\u00edo de la GC-1 en sentido norte hacia el parque Santa Catalina. Tambi\u00e9n se cerrar\u00e1 el carril bici en Eduardo Benot durante ese horario.<\/p>\n<p class=\"v-p\">En la zona de Mesa y L\u00f3pez, el desalojo de veh\u00edculos se efectuar\u00e1 desde las 22:00 horas del d\u00eda 16 en Presidente Alvear; Jos\u00e9 Franchy Roca; Sim\u00f3n Bol\u00edvar, en los estacionamientos en l\u00ednea; Le\u00f3n y Castillo; Isla de Cuba; Cirilo Moreno; Montevideo; Ruiz de Alda y la plaza de Espa\u00f1a, en el estacionamiento de motos. El martes, desde las 08:00 horas, se proceder\u00e1 al cierre total del tr\u00e1fico en la calle Presidente Alvear; en Le\u00f3n y Castillo, en el tramo comprendido entre Nicol\u00e1s Est\u00e9vanez y El Marino; en Jos\u00e9 Franchy Roca, entre General Vives y Le\u00f3n y Castillo; en Isla de Cuba, entre General Vives y Le\u00f3n y Castillo; en Cirilo Moreno, entre General Vives y Le\u00f3n y Castillo; en Montevideo, entre Le\u00f3n y Castillo y Presidente Alvear; en Ruiz de Alda, entre General Vives y Presidente Alvear; y en Juan Manuel Dur\u00e1n, entre Le\u00f3n y Castillo y Presidente Alvear. Asimismo, se cerrar\u00e1 la avenida Jos\u00e9 Mesa y L\u00f3pez en sentido oeste, entre Le\u00f3n y Castillo y Presidente Alvear, y en sentido este, entre General Vives y Presidente Alvear. Durante ese periodo se habilitar\u00e1 el doble sentido en la calle Sim\u00f3n Bol\u00edvar, entre Le\u00f3n y Castillo y El Marino, y se permitir\u00e1 una maniobra especial de incorporaci\u00f3n desde la calle Barcelona al carril izquierdo de Paseo Chil.<\/p>\n<p class=\"v-p\">Para facilitar el servicio de transporte p\u00fablico, se habilitar\u00e1n carriles de uso exclusivo para Guaguas Municipales en Barcelona y Mas de Gaminde, y se cerrar\u00e1 el carril bici en la avenida Jos\u00e9 Mesa y L\u00f3pez, entre General Vives y Le\u00f3n y Castillo. Adem\u00e1s, <strong>q<\/strong><strong><strong>ue<\/strong>dar\u00e1n deshabilitadas las paradas de taxis afectadas por el itinerario durante el horario del desfile.<\/strong><\/p>\n<p class=\"v-p\">Todas las v\u00edas se reabrir\u00e1n de forma progresiva a medida que avance la comitiva. Una vez finalizada la cabalgata, <strong>el dispositivo especial de limpieza, integrado por 24 operarios y ocho veh\u00edculos<\/strong>, se encargar\u00e1 de restablecer la normalidad en el servicio.<\/p>\n<p class=\"v-p\">Ese mismo d\u00eda, adem\u00e1s, entre las 14:00 y las 21:00 horas se celebrar\u00e1 el carnaval de D\u00eda, lo que conllevar\u00e1 nuevas afecciones al tr\u00e1fico en el entorno de Santa Catalina. Durante ese horario se proceder\u00e1 al cierre total de la calle Albareda, con estrechamiento de la calzada en el tramo comprendido entre Alfredo L. Jones y Luis Morote; de la calle Luis Morote, entre Eduardo Benot y Albareda; y de la calle Nicol\u00e1s Est\u00e9vanez, entre General Vives y Le\u00f3n y Castillo. Asimismo, se realizar\u00e1 el desalojo de veh\u00edculos en la calle Nicol\u00e1s Est\u00e9vanez, en el tramo comprendido entre Le\u00f3n y Castillo y Sim\u00f3n Bol\u00edvar.<\/p>\n<p>Noche de carnaval del lunes<\/p>\n<p class=\"v-p\">Antes de la celebraci\u00f3n de los actos del Martes de carnaval, la noche del lunes se celebrar\u00e1 la tercera Noche del carnaval de estas fiestas, lo que tambi\u00e9n conllevar\u00e1 a desalojo de veh\u00edculos y cortes de v\u00edas para celebrarla.<\/p>\n<p class=\"v-p\">En este sentido, se llevar\u00e1n a cabo desalojos puntuales de veh\u00edculos en las calles Andamana, en el tramo comprendido entre Anzof\u00e9 y La Naval; Atindana, entre Juan Rej\u00f3n y La Naval; Benartemi, entre La Naval y Anzof\u00e9; La Naval, entre Benecharo y Atindana; Juan Rej\u00f3n, a la altura del n\u00famero 113; Doctor Jos\u00e9 Guerra Navarro, en los cuatro estacionamientos posteriores a los exclusivos para motocicletas.<\/p>\n<p class=\"v-p\">Asimismo, se proceder\u00e1 al cierre total de la calle Juan Rej\u00f3n en el tramo comprendido entre Doctor Antonio Jorge Aguiar y Atindana hasta Artemi Semid\u00e1n, as\u00ed como de la propia calle Doctor Antonio Jorge Aguiar, de Andamana entre Anzof\u00e9 y La Naval, de Benartemi entre Juan Rej\u00f3n y Anzof\u00e9, de Benecharo entre Anzof\u00e9 y Juan Rej\u00f3n y de La Naval entre Artemi Semid\u00e1n y Atindana. Tambi\u00e9n se cerrar\u00e1 al tr\u00e1fico el interior del t\u00fanel de la GC-1 en sentido norte hacia la calle P\u00e9rez Mu\u00f1oz, adem\u00e1s de las calles L\u00f3pez Socas, en el tramo comprendido entre Rosarito y Poeta Agust\u00edn Millares Sall; Eduardo Benot, entre Gran Canaria y Poeta Agust\u00edn Millares Sall; Gran Canaria, entre Albareda y Eduardo Benot; y nuevamente Eduardo Benot en el tramo comprendido entre Gomera y Gran Canaria. Estos cierres totales tendr\u00e1n lugar entre las 19:00 y las 05:30 horas.<\/p>\n<p class=\"v-p\">Estas afecciones conllevar\u00e1n modificaciones en el servicio de Guaguas Municipales, con el cierre de la estaci\u00f3n de guaguas situada en la Plaza Ingeniero Manuel Becerra y alteraciones en las l\u00edneas que operan por los carriles bus incluidos en los tramos cerrados. Se habilitar\u00e1n paradas provisionales en la calle Doctor Juan Dom\u00ednguez P\u00e9rez, tanto en sentido descendente antes como despu\u00e9s de la intersecci\u00f3n con Juan Rej\u00f3n, as\u00ed como en la rotonda de Bel\u00e9n Mar\u00eda, en la mediana de la calle Doctor Antonio Jorge Aguiar.<\/p>\n<p class=\"v-p\">En cuanto al servicio de taxis, se establecer\u00e1n paradas provisionales en la calle Doctor Juan Dom\u00ednguez P\u00e9rez en sentido ascendente, en el tramo comprendido entre la rotonda de Bel\u00e9n Mar\u00eda y la calle Veintid\u00f3s de Mayo de 1986; en la calle Doctor Jos\u00e9 Guerra Navarro, en los cuatro estacionamientos posteriores a los reservados para motocicletas; y en la calle Juan Rej\u00f3n, en el tramo comprendido entre P\u00e9rez Mu\u00f1oz y Princesa Guayarmina.<\/p>\n<p class=\"v-p\">El carril bici quedar\u00e1 cerrado, por evento, en los tramos de Juan Rej\u00f3n comprendidos entre Doctor Antonio Jorge Aguiar y Artemi Semid\u00e1n, as\u00ed como en las calles Mah\u00f3n y Poeta Agust\u00edn Millares Sall. Asimismo, permanecer\u00e1n cerradas las estaciones de Sitycletas gestionadas por Sagulpa situadas en la Plaza Ingeniero Manuel Becerra y en la Plaza de La Luz.<\/p>\n<p>Feria de atracciones<\/p>\n<p class=\"v-p\"><strong>La Feria de Atracciones instalada en el entorno del Parque de Santa Catalina generar\u00e1 cierres al tr\u00e1fico por coincidencia con los eventos programados.<\/strong><\/p>\n<p class=\"v-p\">En estos casos, se proceder\u00e1 al cierre total de la GC-1 en sentido norte con desv\u00edo hacia el Parque Santa Catalina, as\u00ed como de la calle Luis Morote en el tramo comprendido entre la GC-1 en sentido norte y Eduardo Benot, de la calle Eduardo Benot entre Luis Morote y Pedro Castillo Westerling y de la calle Alfredo L. Jones entre Albareda y Eduardo Benot. Estas afecciones implicar\u00e1n modificaciones en el servicio de Guaguas Municipales en la calle Eduardo Benot, en el tramo comprendido entre Luis Morote y Pedro Castillo Westerling.<\/p>\n<p class=\"v-p\">Desde el Ayuntamiento de Las Palmas de Gran Canaria se seguir\u00e1 informando de las sucesivas afecciones al tr\u00e1fico y a los servicios p\u00fablicos con motivo del desarrollo de los actos del carnaval de \u00abLas Vegas\u00bb.<\/p>\n<p>Reporta un error<\/p>\n","protected":false},"excerpt":{"rendered":"Domingo, 15 de febrero 2026, 09:34 La Cabalgata Infantil del carnaval de \u00abLas Vegas\u00bb tomar\u00e1 este martes 17&hellip;\n","protected":false},"author":2,"featured_media":398503,"comment_status":"","ping_status":"","sticky":false,"template":"","format":"standard","meta":{"footnotes":""},"categories":[8],"tags":[17,18,46974,7221,18200,12706,25,24,13,14,3956,11,3132,19,20,7797,9,10,15,16,556,23,12,589,21,22],"class_list":["post-398502","post","type-post","status-publish","format-standard","has-post-thumbnail","category-espana","tag-breaking-news","tag-breakingnews","tag-cabalgata","tag-canaria","tag-carnaval","tag-cortes","tag-es","tag-espana","tag-featured-news","tag-featurednews","tag-gran","tag-headlines","tag-infantil","tag-latest-news","tag-latestnews","tag-martes","tag-news","tag-noticias","tag-noticias-destacadas","tag-noticiasdestacadas","tag-palmas","tag-spain","tag-titulares","tag-trafico","tag-ultimas-noticias","tag-ultimasnoticias"],"share_on_mastodon":{"url":"https:\/\/pubeurope.com\/@es\/116074520544288828","error":""},"_links":{"self":[{"href":"https:\/\/www.europesays.com\/es\/wp-json\/wp\/v2\/posts\/398502","targetHints":{"allow":["GET"]}}],"collection":[{"href":"https:\/\/www.europesays.com\/es\/wp-json\/wp\/v2\/posts"}],"about":[{"href":"https:\/\/www.europesays.com\/es\/wp-json\/wp\/v2\/types\/post"}],"author":[{"embeddable":true,"href":"https:\/\/www.europesays.com\/es\/wp-json\/wp\/v2\/users\/2"}],"replies":[{"embeddable":true,"href":"https:\/\/www.europesays.com\/es\/wp-json\/wp\/v2\/comments?post=398502"}],"version-history":[{"count":0,"href":"https:\/\/www.europesays.com\/es\/wp-json\/wp\/v2\/posts\/398502\/revisions"}],"wp:featuredmedia":[{"embeddable":true,"href":"https:\/\/www.europesays.com\/es\/wp-json\/wp\/v2\/media\/398503"}],"wp:attachment":[{"href":"https:\/\/www.europesays.com\/es\/wp-json\/wp\/v2\/media?parent=398502"}],"wp:term":[{"taxonomy":"category","embeddable":true,"href":"https:\/\/www.europesays.com\/es\/wp-json\/wp\/v2\/categories?post=398502"},{"taxonomy":"post_tag","embeddable":true,"href":"https:\/\/www.europesays.com\/es\/wp-json\/wp\/v2\/tags?post=398502"}],"curies":[{"name":"wp","href":"https:\/\/api.w.org\/{rel}","templated":true}]}}