{"id":398742,"date":"2026-02-15T14:48:21","date_gmt":"2026-02-15T14:48:21","guid":{"rendered":"https:\/\/www.europesays.com\/es\/398742\/"},"modified":"2026-02-15T14:48:21","modified_gmt":"2026-02-15T14:48:21","slug":"redada-policial-revelo-sofisticada-y-millonaria-red-de-fraude-que-operaba-desde-el-interior","status":"publish","type":"post","link":"https:\/\/www.europesays.com\/es\/398742\/","title":{"rendered":"redada policial revel\u00f3 sofisticada y millonaria red de fraude que operaba desde el interior"},"content":{"rendered":"<p>El <b>Museo del Louvre,<\/b> uno de los centros culturales m\u00e1s importantes del mundo, confirm\u00f3 la ejecuci\u00f3n de una <b>intervenci\u00f3n policial de gran envergadura<\/b>.\u00a0<\/p>\n<p>La operaci\u00f3n, realizada el pasado <b>martes 10 de febrero de 2026<\/b>, permiti\u00f3 desmantelar una <b>sofisticada organizaci\u00f3n <\/b>dedicada al <b>fraude con boletos de ingreso<\/b> y servicios de <b>gu\u00edas tur\u00edsticas<\/b>.<\/p>\n<p>Este golpe se dio tras una <b>denuncia formal <\/b>interpuesta por la propia <b>administraci\u00f3n del museo<\/b>, que ya ven\u00eda rastreando<b> irregularidades en sus protocolos <\/b>de acceso y ventas.<\/p>\n<p class=\"c-cuerpo__media__txt\">La intervenci\u00f3n se dio tras una denuncia formal interpuesta por la propia administraci\u00f3n del museo. Foto:AFP<\/p>\n<p class=\"c-leatambien__titulo\"> LEA TAMBI\u00c9N <\/p>\n<p><img decoding=\"async\" alt=\"Francia\" width=\"120\" height=\"120\" loading=\"lazy\" src=\"https:\/\/imagenes2.eltiempo.com\/files\/image_120_120\/uploads\/2026\/02\/12\/698dbad31561c.jpeg\" data-full-src=\"https:\/\/www.europesays.com\/es\/wp-content\/uploads\/2026\/02\/698dbad31561c.jpeg\"\/><\/p>\n<p>La investigaci\u00f3n, que cont\u00f3 con una estrecha colaboraci\u00f3n entre los equipos de<b> seguridad del museo y la Polic\u00eda<\/b>, apunta a que las actividades delictivas se realizaban a\u00a0<b>\u00abgran escala\u00bb<\/b>.\u00a0<\/p>\n<p>Como resultado de las diligencias, <b>nueve ciudadanos fueron puestos a disposici\u00f3n judicial<\/b>. Entre los capturados figuran <b>dos trabajadores del museo <\/b>y dos <b>gu\u00edas profesionales<\/b>, quienes presuntamente facilitaban la venta de<b> tiquetes falsos<\/b> y la sobreventa de recorridos dirigidos, con especial \u00e9nfasis en el <b>p\u00fablico de origen chino<\/b>.<\/p>\n<p class=\"c-cuerpo__media__txt\">La investigaci\u00f3n cont\u00f3 con colaboraci\u00f3n entre los equipos de seguridad del museo y la Polic\u00eda Foto:AFP<\/p>\n<p class=\"c-leatambien__titulo\"> LEA TAMBI\u00c9N <\/p>\n<p><img decoding=\"async\" alt=\"La francesa Marie-Rose Tessier, la persona m\u00e1s longeva de Francia y segunda del mundo, falleci\u00f3 el 11 de febrero a los 115 a\u00f1os\" width=\"120\" height=\"120\" loading=\"lazy\" src=\"https:\/\/imagenes2.eltiempo.com\/files\/image_120_120\/uploads\/2026\/02\/11\/698d04ec6dcb3.png\" data-full-src=\"https:\/\/www.europesays.com\/es\/wp-content\/uploads\/2026\/02\/698d04ec6dcb3.png\"\/>Incautaciones y medidas preventivas<\/p>\n<p>Durante el despliegue, las fuerzas del orden lograron el decomiso de<b> activos de alto valor<\/b> que evidencian la magnitud del<b> negocio il\u00edcito<\/b>.\u00a0<\/p>\n<p>De acuerdo con informes de la prensa local, se interceptaron tres autom\u00f3viles y una suma considerable de dinero<b>: 130.000 euros <\/b>en efectivo y cerca de<b> 200.000 euros <\/b>depositados en<b> cuentas bancarias<\/b>.\u00a0<\/p>\n<p>Adicionalmente, se hallaron<b> cajas de seguridad <\/b>que custodiaban otra<b> cifra similar en met\u00e1lico<\/b>, lo que refuerza la hip\u00f3tesis de una <b>estructura financiera s\u00f3lida<\/b> detr\u00e1s del enga\u00f1o a los turistas.<\/p>\n<p>Ante esta situaci\u00f3n, la direcci\u00f3n del <b>Louvre <\/b>activ\u00f3 un &#8216;plan antifraude estructurado&#8217;. Esta estrategia incluye el <b>mapeo detallado de las modalidades de estafa<\/b>, la implementaci\u00f3n de <b>nuevas herramientas tecnol\u00f3gicas<\/b> de control y un seguimiento riguroso de los procesos legales.<\/p>\n<p>El objetivo es blindar la instituci\u00f3n contra<b> futuras filtraciones de su personal<\/b> y garantizar que los visitantes no sean v\u00edctimas de enga\u00f1os econ\u00f3micos al intentar disfrutar de las obras de arte.<\/p>\n<p class=\"c-cuerpo__media__txt\">Estos eventos mantienen al museo en una fase de reformas urgentes.\u00a0 Foto:EFE<\/p>\n<p class=\"c-leatambien__titulo\"> LEA TAMBI\u00c9N <\/p>\n<p><img decoding=\"async\" alt=\"Autoridades revelaron informaci\u00f3n del explosivo.\" width=\"120\" height=\"120\" loading=\"lazy\" src=\"https:\/\/imagenes2.eltiempo.com\/files\/image_120_120\/uploads\/2026\/02\/06\/69864dbb3654e.png\" data-full-src=\"https:\/\/www.europesays.com\/es\/wp-content\/uploads\/2026\/02\/69864dbb3654e.png\"\/>Un historial de crisis recientes: el millonario robo de las joyas<\/p>\n<p>Este nuevo esc\u00e1ndalo se suma a una racha de dificultades que el <b>Louvre <\/b>viene sorteando desde finales de <b>2025<\/b>.\u00a0<\/p>\n<p>El pasado <b>19 de octubre<\/b>, el museo sufri\u00f3 el robo de <b>ocho joyas de la Corona francesa<\/b>, valoradas en<b> 88 millones de euros<\/b>, hecho que dej\u00f3 al descubierto <b>fallas cr\u00edticas en la vigilancia<\/b> perimetral.\u00a0<\/p>\n<p>Aquel suceso forz\u00f3 la creaci\u00f3n de un<b> comit\u00e9 especial de seguridad<\/b> y la promesa de instalar un centenar de c\u00e1maras adicionales para cubrir los puntos ciegos del recinto.<\/p>\n<p>A los problemas de seguridad se han a\u00f1adido <b>deterioros en la infraestructura f\u00edsica<\/b>. Recientemente, la galer\u00eda Campana present\u00f3 fallas en sus vigas y una inundaci\u00f3n afect\u00f3 la <b>integridad de cientos de libros antiguos<\/b>.\u00a0<\/p>\n<p>Estos eventos, sumados a las<b> protestas de los trabajadores por la falta de personal<\/b>, mantienen al museo en una fase de<b> reformas urgentes<\/b> y aperturas parciales, mientras intenta recuperar la confianza del p\u00fablico internacional y de los ciudadanos locales que visitan sus salas diariamente.<\/p>\n<p>*Con informaci\u00f3n de EFE<\/p>\n<p><b>Andr\u00e9s Felipe Bejarano Bejarano<\/b><\/p>\n<p>REDACCI\u00d3N \u00daLTIMAS NOTICIAS\u00a0<\/p>\n","protected":false},"excerpt":{"rendered":"El Museo del Louvre, uno de los centros culturales m\u00e1s importantes del mundo, confirm\u00f3 la ejecuci\u00f3n de una&hellip;\n","protected":false},"author":2,"featured_media":398743,"comment_status":"","ping_status":"","sticky":false,"template":"","format":"standard","meta":{"footnotes":""},"categories":[173],"tags":[229,233,231,230,232,1562,234,146,25221,147,25,24,86226,317,6986,86227,9212,41530,4759,46109,585,23],"class_list":["post-398742","post","type-post","status-publish","format-standard","has-post-thumbnail","category-arte-y-diseno","tag-arte","tag-arte-y-diseno","tag-arts","tag-arts-and-design","tag-design","tag-detenidos","tag-diseno","tag-entertainment","tag-entradas-falsas","tag-entretenimiento","tag-es","tag-espana","tag-estafa-turistica","tag-francia","tag-fraude","tag-guias-ilegales","tag-louvre","tag-museo-del-louvre","tag-paris","tag-redada-policial","tag-seguridad","tag-spain"],"share_on_mastodon":{"url":"https:\/\/pubeurope.com\/@es\/116075200786020462","error":""},"_links":{"self":[{"href":"https:\/\/www.europesays.com\/es\/wp-json\/wp\/v2\/posts\/398742","targetHints":{"allow":["GET"]}}],"collection":[{"href":"https:\/\/www.europesays.com\/es\/wp-json\/wp\/v2\/posts"}],"about":[{"href":"https:\/\/www.europesays.com\/es\/wp-json\/wp\/v2\/types\/post"}],"author":[{"embeddable":true,"href":"https:\/\/www.europesays.com\/es\/wp-json\/wp\/v2\/users\/2"}],"replies":[{"embeddable":true,"href":"https:\/\/www.europesays.com\/es\/wp-json\/wp\/v2\/comments?post=398742"}],"version-history":[{"count":0,"href":"https:\/\/www.europesays.com\/es\/wp-json\/wp\/v2\/posts\/398742\/revisions"}],"wp:featuredmedia":[{"embeddable":true,"href":"https:\/\/www.europesays.com\/es\/wp-json\/wp\/v2\/media\/398743"}],"wp:attachment":[{"href":"https:\/\/www.europesays.com\/es\/wp-json\/wp\/v2\/media?parent=398742"}],"wp:term":[{"taxonomy":"category","embeddable":true,"href":"https:\/\/www.europesays.com\/es\/wp-json\/wp\/v2\/categories?post=398742"},{"taxonomy":"post_tag","embeddable":true,"href":"https:\/\/www.europesays.com\/es\/wp-json\/wp\/v2\/tags?post=398742"}],"curies":[{"name":"wp","href":"https:\/\/api.w.org\/{rel}","templated":true}]}}