{"id":398873,"date":"2026-02-15T16:31:08","date_gmt":"2026-02-15T16:31:08","guid":{"rendered":"https:\/\/www.europesays.com\/es\/398873\/"},"modified":"2026-02-15T16:31:08","modified_gmt":"2026-02-15T16:31:08","slug":"estiman-entre-90-y-100-hectareas-afectadas-por-el-incendio-de-cabo-tinoso-cartagena","status":"publish","type":"post","link":"https:\/\/www.europesays.com\/es\/398873\/","title":{"rendered":"Estiman entre 90 y 100 hect\u00e1reas afectadas por el incendio de Cabo Ti\u00f1oso (Cartagena)"},"content":{"rendered":"<p>15\/02\/2026 a las 16:42h.<\/p>\n<p class=\"voc-save-news__paragraph\">Esta funcionalidad es s\u00f3lo para suscriptores<\/p>\n<p><a href=\"https:\/\/secure.abc.es\/suscripcion#vca=suscribete&amp;vso=abc&amp;vmc=on&amp;vli=comentarios-btn-flujo\" data-voc-vtm-id=\"comienzoSuscripcionON\" data-voc-vtm-info=\"btncomentar\" class=\"voc-btn voc-btn--w voc-btn--xs voc-save-news__btn\" rel=\"nofollow noopener\" target=\"_blank\"><br \/>\nSuscribete<br \/>\n<\/a><\/p>\n<p class=\"voc-p\" style=\"\">Murcia, 15 feb (EFE).- El incendio que afecta el espacio natural de Cabo Ti\u00f1oso, en Cartagena (Murcia), que est\u00e1 estabilizado, ha quemado una superficie de entre 90 y 100 hect\u00e1reas de vegetaci\u00f3n, ha informado la alcaldesa, Noelia Arroyo. En esa superficie hay una parte de  &#8230; pinar, que habr\u00eda resultado afectado en un 40 por ciento, ha precisado Arroyo en declaraciones efectuadas en la zona del suceso, donde ha resaltado la labor del operativo de lucha contra el fuego, realizada en condiciones adversas. \u00abEl viento cambiaba\u00bb y los miembros del dispositivo \u00abten\u00edan que estar recoloc\u00e1ndose y resitu\u00e1ndose continuamente para poder atacar al fuego\u00bb, ha comentado la alcaldesa, quien tambi\u00e9n ha mostrado satisfacci\u00f3n por el hecho de que ninguna persona haya sufrido da\u00f1os. \u00abEra lo que nos preocupaba desde el primer momento\u00bb, ha asegurado. IM\u00c1GENES DEL INCENDIO EN EL ESPACIO NATURAL DE CABO TI\u00d1OSO, CARTAGENA (MURCIA). DECLARACIONES DE LA ALCALDESA, NOELIA ARROYO; Y DE MANUEL PAEZ, DIRECTOR DE EXTINCI\u00d3N DEL INCENDIO.<\/p>\n<p>\nArt\u00edculo solo para suscriptores\n<\/p>\n<p>Reportar un error<\/p>\n<p class=\"voc-save-news__paragraph\">Esta funcionalidad es s\u00f3lo para suscriptores<\/p>\n<p><a href=\"https:\/\/secure.abc.es\/suscripcion#vca=suscribete&amp;vso=abc&amp;vmc=on&amp;vli=comentarios-btn-flujo\" data-voc-vtm-id=\"comienzoSuscripcionON\" data-voc-vtm-info=\"btncomentar\" class=\"voc-btn voc-btn--w voc-btn--xs voc-save-news__btn\" rel=\"nofollow noopener\" target=\"_blank\"><br \/>\nSuscribete<br \/>\n<\/a><\/p>\n","protected":false},"excerpt":{"rendered":"15\/02\/2026 a las 16:42h. Esta funcionalidad es s\u00f3lo para suscriptores Suscribete Murcia, 15 feb (EFE).- El incendio que&hellip;\n","protected":false},"author":2,"featured_media":398874,"comment_status":"","ping_status":"","sticky":false,"template":"","format":"standard","meta":{"footnotes":""},"categories":[8],"tags":[21882,7997,17,18,5327,4995,25,24,86245,13,14,11,18442,48,19,20,9,10,15,16,23,86117,12,21,22],"class_list":["post-398873","post","type-post","status-publish","format-standard","has-post-thumbnail","category-espana","tag-21882","tag-afectadas","tag-breaking-news","tag-breakingnews","tag-cabo","tag-cartagena","tag-es","tag-espana","tag-estiman","tag-featured-news","tag-featurednews","tag-headlines","tag-hectareas","tag-incendio","tag-latest-news","tag-latestnews","tag-news","tag-noticias","tag-noticias-destacadas","tag-noticiasdestacadas","tag-spain","tag-tinoso","tag-titulares","tag-ultimas-noticias","tag-ultimasnoticias"],"share_on_mastodon":{"url":"https:\/\/pubeurope.com\/@es\/116075605828657116","error":""},"_links":{"self":[{"href":"https:\/\/www.europesays.com\/es\/wp-json\/wp\/v2\/posts\/398873","targetHints":{"allow":["GET"]}}],"collection":[{"href":"https:\/\/www.europesays.com\/es\/wp-json\/wp\/v2\/posts"}],"about":[{"href":"https:\/\/www.europesays.com\/es\/wp-json\/wp\/v2\/types\/post"}],"author":[{"embeddable":true,"href":"https:\/\/www.europesays.com\/es\/wp-json\/wp\/v2\/users\/2"}],"replies":[{"embeddable":true,"href":"https:\/\/www.europesays.com\/es\/wp-json\/wp\/v2\/comments?post=398873"}],"version-history":[{"count":0,"href":"https:\/\/www.europesays.com\/es\/wp-json\/wp\/v2\/posts\/398873\/revisions"}],"wp:featuredmedia":[{"embeddable":true,"href":"https:\/\/www.europesays.com\/es\/wp-json\/wp\/v2\/media\/398874"}],"wp:attachment":[{"href":"https:\/\/www.europesays.com\/es\/wp-json\/wp\/v2\/media?parent=398873"}],"wp:term":[{"taxonomy":"category","embeddable":true,"href":"https:\/\/www.europesays.com\/es\/wp-json\/wp\/v2\/categories?post=398873"},{"taxonomy":"post_tag","embeddable":true,"href":"https:\/\/www.europesays.com\/es\/wp-json\/wp\/v2\/tags?post=398873"}],"curies":[{"name":"wp","href":"https:\/\/api.w.org\/{rel}","templated":true}]}}