{"id":39912,"date":"2025-08-11T08:09:08","date_gmt":"2025-08-11T08:09:08","guid":{"rendered":"https:\/\/www.europesays.com\/es\/39912\/"},"modified":"2025-08-11T08:09:08","modified_gmt":"2025-08-11T08:09:08","slug":"la-corrida-de-toros-de-la-fiesta-de-la-peregrina","status":"publish","type":"post","link":"https:\/\/www.europesays.com\/es\/39912\/","title":{"rendered":"La corrida de toros de la fiesta de La Peregrina"},"content":{"rendered":"<p>                                                <img decoding=\"async\" loading=\"lazy\" src=\"https:\/\/www.europesays.com\/es\/wp-content\/uploads\/2025\/08\/dbc39f8c-8c8f-4017-b2f0-fd85557e3bd6_source-aspect-ratio_1600w_0.jpg\" alt=\"Galer\u00eda | La corrida de toros de la fiesta de La Peregrina\" title=\"Galer\u00eda | La corrida de toros de la fiesta de La Peregrina\" height=\"1066\" width=\"1600\"\/><\/p>\n<p>    Galer\u00eda | La corrida de toros de la fiesta de La Peregrina<br \/>\n            | Jorge Santom\u00e9<\/p>\n<p class=\"paragraph-atom &#10;        B-500-300-700-N B-550-300-700-N--md  \">La <a href=\"https:\/\/www.atlantico.net\/temas\/toros\/\" rel=\"nofollow noopener\" target=\"_blank\">segunda corrida de toros<\/a> de la feria taurina de<strong> La Peregrina<\/strong> comenz\u00f3 con la cogida del diestro sevillano Morante de la Puebla en su primer astado, Carrill\u00f3n, de la ganader\u00eda Garcigrande. El torero sufri\u00f3 una cornada que le impidi\u00f3 seguir la lidia y tuvo que ser trasladado a enfermer\u00eda y, posteriormente, a un centro sanitario pontevedr\u00e9s. <\/p>\n<p class=\"paragraph-atom &#10;        B-500-300-700-N B-550-300-700-N--md  \">A pesar de no empezar con muy buen pie la corrida, Daniel Luque, vestido de grana y oro, levant\u00f3 el \u00e1nimo del p\u00fablico y realiz\u00f3 una gran faena en su primer toro, Cuarent\u00f3n, con fuerza, que le permiti\u00f3 brillar con entrega y pases de muleta que levantaron a los espectadores en m\u00e1s de una ocasi\u00f3n. <\/p>\n<p class=\"title-text-atom   &#10;    &#10;    A-500-700-500-N&#10;    A-600-700-500-N--md&#10;    \">\n    Temas relacionados\n    <\/p>\n","protected":false},"excerpt":{"rendered":"Galer\u00eda | La corrida de toros de la fiesta de La Peregrina | Jorge Santom\u00e9 La segunda corrida&hellip;\n","protected":false},"author":2,"featured_media":39913,"comment_status":"","ping_status":"","sticky":false,"template":"","format":"standard","meta":{"footnotes":""},"categories":[277],"tags":[373,1569,168,25,24,2328,9192,9422,23,167,374,444],"class_list":{"0":"post-39912","1":"post","2":"type-post","3":"status-publish","4":"format-standard","5":"has-post-thumbnail","7":"category-toreo","8":"tag-bullfighting","9":"tag-corrida","10":"tag-deportes","11":"tag-es","12":"tag-espana","13":"tag-fiesta","14":"tag-galeria","15":"tag-peregrina","16":"tag-spain","17":"tag-sports","18":"tag-toreo","19":"tag-toros"},"share_on_mastodon":{"url":"","error":""},"_links":{"self":[{"href":"https:\/\/www.europesays.com\/es\/wp-json\/wp\/v2\/posts\/39912","targetHints":{"allow":["GET"]}}],"collection":[{"href":"https:\/\/www.europesays.com\/es\/wp-json\/wp\/v2\/posts"}],"about":[{"href":"https:\/\/www.europesays.com\/es\/wp-json\/wp\/v2\/types\/post"}],"author":[{"embeddable":true,"href":"https:\/\/www.europesays.com\/es\/wp-json\/wp\/v2\/users\/2"}],"replies":[{"embeddable":true,"href":"https:\/\/www.europesays.com\/es\/wp-json\/wp\/v2\/comments?post=39912"}],"version-history":[{"count":0,"href":"https:\/\/www.europesays.com\/es\/wp-json\/wp\/v2\/posts\/39912\/revisions"}],"wp:featuredmedia":[{"embeddable":true,"href":"https:\/\/www.europesays.com\/es\/wp-json\/wp\/v2\/media\/39913"}],"wp:attachment":[{"href":"https:\/\/www.europesays.com\/es\/wp-json\/wp\/v2\/media?parent=39912"}],"wp:term":[{"taxonomy":"category","embeddable":true,"href":"https:\/\/www.europesays.com\/es\/wp-json\/wp\/v2\/categories?post=39912"},{"taxonomy":"post_tag","embeddable":true,"href":"https:\/\/www.europesays.com\/es\/wp-json\/wp\/v2\/tags?post=39912"}],"curies":[{"name":"wp","href":"https:\/\/api.w.org\/{rel}","templated":true}]}}