{"id":39925,"date":"2025-08-11T08:20:14","date_gmt":"2025-08-11T08:20:14","guid":{"rendered":"https:\/\/www.europesays.com\/es\/39925\/"},"modified":"2025-08-11T08:20:14","modified_gmt":"2025-08-11T08:20:14","slug":"el-caso-de-abelito-en-la-casa-de-los-famosos-evidencia-la-falta-de-inclusion-hacia-las-personas-de-talla-baja-gente-y-estilo-de-vida","status":"publish","type":"post","link":"https:\/\/www.europesays.com\/es\/39925\/","title":{"rendered":"El caso de Abelito en \u2018La Casa de los Famosos\u2019 evidencia la falta de inclusi\u00f3n hacia las personas de talla baja | Gente y Estilo de vida"},"content":{"rendered":"<p class=\"\"><a href=\"https:\/\/elpais.com\/mexico\/2024-10-04\/un-exito-millonario-multiplataforma-la-casa-de-los-famosos-conquista-la-television-el-streaming-y-el-cine.html\" target=\"_self\" rel=\"nofollow noopener\" title=\"https:\/\/elpais.com\/mexico\/2024-10-04\/un-exito-millonario-multiplataforma-la-casa-de-los-famosos-conquista-la-television-el-streaming-y-el-cine.html\">La Casa de los Famosos<\/a> ha incluido en su nueva temporada entre sus participantes a Abel Abelito S\u00e1enz, un influencer de <a href=\"https:\/\/elpais.com\/sociedad\/2018\/10\/10\/actualidad\/1539172394_835937.html\" target=\"_self\" rel=\"nofollow noopener\" title=\"https:\/\/elpais.com\/sociedad\/2018\/10\/10\/actualidad\/1539172394_835937.html\">talla baja<\/a> que en un par de semanas ha logrado convertirse en uno de los favoritos del p\u00fablico por su divertida personalidad. Sin embargo, con el estreno del programa se ha hecho evidente que la producci\u00f3n no estaba completamente preparada para hacerlo sentir incluido. <\/p>\n<p class=\"\">El reality show de <a href=\"https:\/\/elpais.com\/mexico\/2024-10-31\/grupo-televisa-vende-el-78-de-sus-acciones-al-magnate-regiomontano-david-martinez.html\" target=\"_self\" rel=\"nofollow noopener\" title=\"https:\/\/elpais.com\/mexico\/2024-10-31\/grupo-televisa-vende-el-78-de-sus-acciones-al-magnate-regiomontano-david-martinez.html\">Televisa<\/a> re\u00fane a celebridades bajo el mismo techo y las a\u00edsla del mundo exterior para grabar su comportamiento las 24 horas del d\u00eda, los siete d\u00edas de la semana, lo que ha puesto en evidencia la poca accesibilidad que tienen sus instalaciones para alguien como \u00e9l. Si bien una de las c\u00e1maras de la sala principal se ha puesto a la altura de Abelito para que la audiencia pueda seguir sus actividades en la transmisi\u00f3n en vivo, hay momentos en los que no es visible en el resto de las habitaciones porque por su estatura \u2014de 1,14 metros\u2014 queda por debajo de ciertos muebles, lejos del rango del resto del equipo audiovisual.<\/p>\n<p class=\"\">Otra problem\u00e1tica es que \u00fanicamente se le ha proporcionado un banco para que pueda alcanzar las repisas, los lavabos, la cocina, el ba\u00f1o y la cama, por lo que lo tiene que cargar a todos lados para poder tener autonom\u00eda dentro de la casa. En un par de ocasiones, sus compa\u00f1eros lo llegaron a utilizar como asiento improvisado, y hasta se lleg\u00f3 a quebrar por darle el uso equivocado, lo que les vali\u00f3 una llamada de atenci\u00f3n por parte de \u201cla Jefa\u201d, una figura similar al Gran Hermano que puede interactuar con los participantes. Aunque la intenci\u00f3n de generar visibilidad e inclusi\u00f3n est\u00e1 presente, las fallas comienzan a evidenciarse y, hace d\u00edas, Abelito no pudo participar en una din\u00e1mica grupal porque no hab\u00eda bicicletas adecuadas para su estatura.<\/p>\n<p class=\"\">Los seguidores del influencer de 25 a\u00f1os originario de Zacatecas saben que en su hogar el panorama es completamente diferente. En su canal de YouTube, donde ha amasado una comunidad de 340.000 seguidores, el joven ha compartido c\u00f3mo era su vida cuando viv\u00eda en casa de sus padres \u2014que tambi\u00e9n son personas de talla baja\u2014 por lo que todos los muebles, acabados y electrodom\u00e9sticos est\u00e1n hechos a la medida para su comodidad. Sin embargo, desde hace tiempo radica en Ciudad de M\u00e9xico, donde <a href=\"https:\/\/elpais.com\/planeta-futuro\/seres-urbanos\/2023-05-23\/por-que-construir-ciudades-accesibles-e-inclusivas-es-esencial-para-el-futuro-de-nuestras-comunidades.html\" target=\"_self\" rel=\"nofollow noopener\" title=\"https:\/\/elpais.com\/planeta-futuro\/seres-urbanos\/2023-05-23\/por-que-construir-ciudades-accesibles-e-inclusivas-es-esencial-para-el-futuro-de-nuestras-comunidades.html\">el espacio se ha adaptado<\/a> para que tanto \u00e9l como su pareja, una chica que conoci\u00f3 mientras ambos estudiaban la universidad, est\u00e9n c\u00f3modos. <\/p>\n<p class=\"\">D\u00edas antes del inicio del concurso, el joven ya hab\u00eda anticipado en una entrevista con Marie Claire Harp, una de las conductoras del programa, que adaptarse a vivir en una casa que no era la suya ser\u00eda un reto, lo que le ha valido cr\u00edticas a Televisa porque, incluso con estas declaraciones p\u00fablicas, no se tomaron medidas concretas para garantizar su inclusi\u00f3n desde el primer d\u00eda. \u201cEl mundo est\u00e1 adaptado para lo que llaman gente \u2018promedio\u2019, para la gente \u2018normal\u2019, todo est\u00e1 adaptado a ellos. Entonces imag\u00ednense cuando una persona como yo se sube al metro, desde ah\u00ed toca adaptarse a un mundo que no est\u00e1 hecho para ti\u201d, dijo en ese momento. As\u00ed, el caso de Abelito en La Casa de los Famosos pone sobre la mesa los vac\u00edos que a\u00fan existen en materia de accesibilidad. Si bien su participaci\u00f3n en <a href=\"https:\/\/elpais.com\/mexico\/2023-07-23\/en-el-corazon-de-la-casa-de-los-famosos-el-reality-show-mas-visto-de-la-television-mexicana.html\" target=\"_self\" rel=\"nofollow noopener\" title=\"https:\/\/elpais.com\/mexico\/2023-07-23\/en-el-corazon-de-la-casa-de-los-famosos-el-reality-show-mas-visto-de-la-television-mexicana.html\">el fen\u00f3meno televisivo<\/a> representa un avance en t\u00e9rminos de visibilidad, la verdadera inclusi\u00f3n exige acciones concretas para garantizar condiciones equitativas.<\/p>\n","protected":false},"excerpt":{"rendered":"La Casa de los Famosos ha incluido en su nueva temporada entre sus participantes a Abel Abelito S\u00e1enz,&hellip;\n","protected":false},"author":2,"featured_media":39926,"comment_status":"","ping_status":"","sticky":false,"template":"","format":"standard","meta":{"footnotes":""},"categories":[171],"tags":[2379,1293,146,147,25,24,256,260,1906,18070,166,23,16750,214],"class_list":{"0":"post-39925","1":"post","2":"type-post","3":"status-publish","4":"format-standard","5":"has-post-thumbnail","7":"category-tv","8":"tag-discapacidad","9":"tag-enfermedades","10":"tag-entertainment","11":"tag-entretenimiento","12":"tag-es","13":"tag-espana","14":"tag-famosos","15":"tag-gente","16":"tag-mexico","17":"tag-reality-show","18":"tag-salud","19":"tag-spain","20":"tag-televisa","21":"tag-tv"},"share_on_mastodon":{"url":"","error":""},"_links":{"self":[{"href":"https:\/\/www.europesays.com\/es\/wp-json\/wp\/v2\/posts\/39925","targetHints":{"allow":["GET"]}}],"collection":[{"href":"https:\/\/www.europesays.com\/es\/wp-json\/wp\/v2\/posts"}],"about":[{"href":"https:\/\/www.europesays.com\/es\/wp-json\/wp\/v2\/types\/post"}],"author":[{"embeddable":true,"href":"https:\/\/www.europesays.com\/es\/wp-json\/wp\/v2\/users\/2"}],"replies":[{"embeddable":true,"href":"https:\/\/www.europesays.com\/es\/wp-json\/wp\/v2\/comments?post=39925"}],"version-history":[{"count":0,"href":"https:\/\/www.europesays.com\/es\/wp-json\/wp\/v2\/posts\/39925\/revisions"}],"wp:featuredmedia":[{"embeddable":true,"href":"https:\/\/www.europesays.com\/es\/wp-json\/wp\/v2\/media\/39926"}],"wp:attachment":[{"href":"https:\/\/www.europesays.com\/es\/wp-json\/wp\/v2\/media?parent=39925"}],"wp:term":[{"taxonomy":"category","embeddable":true,"href":"https:\/\/www.europesays.com\/es\/wp-json\/wp\/v2\/categories?post=39925"},{"taxonomy":"post_tag","embeddable":true,"href":"https:\/\/www.europesays.com\/es\/wp-json\/wp\/v2\/tags?post=39925"}],"curies":[{"name":"wp","href":"https:\/\/api.w.org\/{rel}","templated":true}]}}