{"id":39931,"date":"2025-08-11T08:23:08","date_gmt":"2025-08-11T08:23:08","guid":{"rendered":"https:\/\/www.europesays.com\/es\/39931\/"},"modified":"2025-08-11T08:23:08","modified_gmt":"2025-08-11T08:23:08","slug":"sergio-turull-pitufollow-corre-50-km-al-dia-durante-50-dias-en-las-50-provincias","status":"publish","type":"post","link":"https:\/\/www.europesays.com\/es\/39931\/","title":{"rendered":"Sergio Turull &#8216;Pitufollow&#8217; corre 50 km al d\u00eda durante 50 d\u00edas en las 50 provincias"},"content":{"rendered":"<p data-journey-content=\"true\" data-node-id=\"2\" class=\"css-i9p093 emevuu60\">Despu\u00e9s de recorrer 2.500 kil\u00f3metros en las 50 provincias de Espa\u00f1a, el ultracorredor Sergio Turull, conocido en redes sociales como Pitufollow y con m\u00e1s de 600.000 seguidores, complet\u00f3 este domingo el mayor reto de su carrera. Su <a href=\"https:\/\/www.runnersworld.com\/es\/noticias-running\/a65182412\/sergio-turull-pitufollow-correra-2500-kilometros-en-50-provincias-de-espana-por-un-reto-solidario\/\" data-vars-ga-outbound-link=\"https:\/\/www.runnersworld.com\/es\/noticias-running\/a65182412\/sergio-turull-pitufollow-correra-2500-kilometros-en-50-provincias-de-espana-por-un-reto-solidario\/\" data-vars-ga-ux-element=\"Hyperlink\" data-vars-ga-call-to-action=\"proyecto \u201c50-50-50\u201d\" data-node-id=\"2.1\" class=\"body-link css-b8iqzl emevuu60\" rel=\"nofollow noopener\" target=\"_blank\">proyecto \u201c50-50-50\u201d<\/a>, que inici\u00f3 el pasado 22 de junio, le ha llevado a correr 50 kil\u00f3metros diarios durante 50 d\u00edas consecutivos, atravesando todo el pa\u00eds con un objetivo solidario claro.<\/p>\n<p data-journey-content=\"true\" data-node-id=\"3\" class=\"css-i9p093 emevuu60\"><strong data-node-id=\"3.0\">Nacido como un gesto contra el c\u00e1ncer infantil,<\/strong> este desaf\u00edo ha logrado unir a miles de personas, demostrando c\u00f3mo el deporte puede ser un veh\u00edculo de movilizaci\u00f3n y esperanza. <strong data-node-id=\"3.2\">El cierre del reto tuvo lugar en Barcelona, donde Sergio fue recibido por familiares y amigos,<\/strong> y acompa\u00f1ado por un pasillo formado por corredores de todas las edades que quisieron arroparlo en los \u00faltimos metros de su esfuerzo. Un gesto que puso el broche final a una prueba que comenz\u00f3 en Tenerife y que, poco a poco, se ha convertido en mucho m\u00e1s que una gesta deportiva.<\/p>\n<p data-journey-content=\"true\" data-node-id=\"4\" class=\"css-i9p093 emevuu60\"> \u00ab50 d\u00edas corriendo 50 km diarios en las 50 provincias de Espa\u00f1a. <strong data-node-id=\"4.1\">Hoy completamos un sue\u00f1o que empez\u00f3 por el c\u00e1ncer infantil y que ha unido a miles de personas a trav\u00e9s del deporte.<\/strong> Zancada a zancada, sonrisa a sonrisa, y con alguna l\u00e1grima en el camino, hemos llegado hasta aqu\u00ed. Gracias\u00bb, escribi\u00f3 Pitufollow en sus redes sociales tras terminar esta intensa haza\u00f1a.<\/p>\n<p data-journey-content=\"true\" data-node-id=\"7\" class=\"css-i9p093 emevuu60\">El proyecto 50-50-50 ten\u00eda como objetivo recaudar fondos para la Fundaci\u00f3n Juegaterapia y apoyar la planta de Oncolog\u00eda Infantil del Hospital Virgen de las Nieves, en Granada. Gracias a la colaboraci\u00f3n de la marca sueca Vitamin Well, Sergio super\u00f3 ampliamente la meta inicial de 100.000 euros, alcanzando m\u00e1s de 150.000 euros para esta causa vital. Y Este nuevo \u00e9xito supera la haza\u00f1a del a\u00f1o pasado, cuando Sergio recorri\u00f3 la costa mediterr\u00e1nea desde Tarifa hasta Cap de Creus, completando 1.500 kil\u00f3metros en 23 d\u00edas y recaudando m\u00e1s de 58.000 euros. Esta vez, el reto fue a\u00fan mayor, dejando una huella imborrable en todos los que siguieron su recorrido y colaboraron con esta causa.<\/p>\n<p data-journey-content=\"true\" data-node-id=\"8\" class=\"css-i9p093 emevuu60\">La gesta de Pitufollow recuerda que, m\u00e1s all\u00e1 del esfuerzo f\u00edsico, el verdadero valor de un reto reside en su capacidad para conectar personas y causas. En un mundo acelerado, donde a menudo prima la inmediatez, iniciativas como \u201c50-50-50\u201d muestran que la constancia, el compromiso y la solidaridad pueden marcar la diferencia y dejar una huella profunda, tanto en quien corre como en quienes caminan a su lado.<\/p>\n<p>Contenidos relacionados<img src=\"https:\/\/www.europesays.com\/es\/wp-content\/uploads\/2025\/08\/cf9497a4-9b41-4e24-a825-73dd7fb0f648_1663233782.file\" alt=\"Headshot of Carlos Jim\u00e9nez\" title=\"Headshot of Carlos Jim\u00e9nez\" width=\"100%\" height=\"100%\" decoding=\"async\" loading=\"lazy\" class=\"css-o0wq4v ev8dhu53\"\/><\/p>\n<p>Carlos es experto en calzado y dem\u00e1s equipamiento deportivo. Se pasa la vida corriendo y probar zapatillas se ha convertido en parte de su trabajo desde que lleg\u00f3 a Runner\u2019s World en verano de 2019. No tiene ni idea de cu\u00e1ntos pares ha podido llegar a probar en un mismo a\u00f1o. Ah, y calza un 7,5 US (o un 40,5 en Europa). Sirve igual para un roto que para un descosido. Lo mismo testa y prueba las \u00faltimas zapatillas para correr del mercado que el reloj deportivo de moda para runners, pasando por cortavientos, ri\u00f1oneras o unos auriculares para tus carreras\u2026 Tambi\u00e9n te puede ayudar a encontrar una cinta para correr, una bicicleta est\u00e1tica o una el\u00edptica.\u00a0<\/p>\n<p>Tambi\u00e9n tiene la capacidad de crearte necesidades. Es especialista en encontrar las mejores ofertas de Nike, Adidas, Asics y el resto de las marcas deportivas m\u00e1s (y menos) populares. Pero tambi\u00e9n le gusta trastear en las redes sociales para estar al tanto de los prototipos de zapatillas o ser espectador de las maratones para saber cu\u00e1l es el modelo que llevan los atletas de \u00e9lite y contarlo en Runner\u2019s World. O entrevistar a los que m\u00e1s saben de este mundo tan loco de las zapatillas de running. Vamos, un friki de las zapatillas en toda regla (y con orgullo, porque no decirlo). Aunque tambi\u00e9n le gusta pasarse parte de su tiempo viajando, por eso un par de zapatillas de running nunca faltan en su maleta para descubrir nuevos lugares a golpe de zancada, adem\u00e1s de que se pasa corriendo carreras de 10k y medias maratones por Espa\u00f1a y parte del mundo. \u00bfSu pr\u00f3ximo objetivo? Correr un marat\u00f3n por primera vez.\u00a0<\/p>\n<p>Carlos Jim\u00e9nez se gradu\u00f3 en Periodismo en la Universidad Rey Juan Carlos de Madrid all\u00e1 por 2018 y desde entonces se ha especializado en medios de comunicaci\u00f3n digitales, trabajando en revistas de estilo de vida y webs de actualidad. Desde la redacci\u00f3n de Fuera de Serie (Unidad Editorial) cubriendo temas de moda y belleza y lujo, hasta en la web de Mediaset mientras visionaba \u2018El programa de Ana Rosa\u2019.\u00a0Con m\u00e1s de 5 a\u00f1os de experiencia, lleva desde 2019 relacionado con Runner\u2019s World, pero tambi\u00e9n con Men\u2019s Health y Women\u2019s Health donde tambi\u00e9n se explaya sobre equipaci\u00f3n deportiva.\u00a0<\/p>\n","protected":false},"excerpt":{"rendered":"Despu\u00e9s de recorrer 2.500 kil\u00f3metros en las 50 provincias de Espa\u00f1a, el ultracorredor Sergio Turull, conocido en redes&hellip;\n","protected":false},"author":2,"featured_media":39932,"comment_status":"","ping_status":"","sticky":false,"template":"","format":"standard","meta":{"footnotes":""},"categories":[93],"tags":[168,253,25,24,23,167],"class_list":{"0":"post-39931","1":"post","2":"type-post","3":"status-publish","4":"format-standard","5":"has-post-thumbnail","7":"category-deportes","8":"tag-deportes","9":"tag-discover","10":"tag-es","11":"tag-espana","12":"tag-spain","13":"tag-sports"},"share_on_mastodon":{"url":"","error":""},"_links":{"self":[{"href":"https:\/\/www.europesays.com\/es\/wp-json\/wp\/v2\/posts\/39931","targetHints":{"allow":["GET"]}}],"collection":[{"href":"https:\/\/www.europesays.com\/es\/wp-json\/wp\/v2\/posts"}],"about":[{"href":"https:\/\/www.europesays.com\/es\/wp-json\/wp\/v2\/types\/post"}],"author":[{"embeddable":true,"href":"https:\/\/www.europesays.com\/es\/wp-json\/wp\/v2\/users\/2"}],"replies":[{"embeddable":true,"href":"https:\/\/www.europesays.com\/es\/wp-json\/wp\/v2\/comments?post=39931"}],"version-history":[{"count":0,"href":"https:\/\/www.europesays.com\/es\/wp-json\/wp\/v2\/posts\/39931\/revisions"}],"wp:featuredmedia":[{"embeddable":true,"href":"https:\/\/www.europesays.com\/es\/wp-json\/wp\/v2\/media\/39932"}],"wp:attachment":[{"href":"https:\/\/www.europesays.com\/es\/wp-json\/wp\/v2\/media?parent=39931"}],"wp:term":[{"taxonomy":"category","embeddable":true,"href":"https:\/\/www.europesays.com\/es\/wp-json\/wp\/v2\/categories?post=39931"},{"taxonomy":"post_tag","embeddable":true,"href":"https:\/\/www.europesays.com\/es\/wp-json\/wp\/v2\/tags?post=39931"}],"curies":[{"name":"wp","href":"https:\/\/api.w.org\/{rel}","templated":true}]}}