{"id":399335,"date":"2026-02-15T22:32:12","date_gmt":"2026-02-15T22:32:12","guid":{"rendered":"https:\/\/www.europesays.com\/es\/399335\/"},"modified":"2026-02-15T22:32:12","modified_gmt":"2026-02-15T22:32:12","slug":"asi-van-las-audiencias-de-alla-tu-en-telecinco-un-mes-despues-de-arrancar-su-nueva-etapa-con-juanra-bonet","status":"publish","type":"post","link":"https:\/\/www.europesays.com\/es\/399335\/","title":{"rendered":"As\u00ed van las audiencias de &#8216;All\u00e1 t\u00fa&#8217; en Telecinco un mes despu\u00e9s de arrancar su nueva etapa con Juanra Bonet"},"content":{"rendered":"<p class=\"article-text\">\n        La nueva etapa de <strong>\u00a1All\u00e1 t\u00fa!<\/strong> acaba de cumplir su primer mes de vida en <strong>Telecinco<\/strong>. El concurso &#8216;de las cajas&#8217; volvi\u00f3 el pasado <strong>12 de enero<\/strong> a la parrilla con un nuevo plat\u00f3, un nuevo horario y un nuevo presentador, <strong>Juanra Bonet<\/strong>, que ese d\u00eda cogi\u00f3 el testigo de <strong>Jes\u00fas V\u00e1zquez<\/strong> al frente del programa producido por <strong>Gestmusic (Banijay Iberia)<\/strong>. A su vez, el propio formato cogi\u00f3 el relevo de <strong>Ag\u00e1rrate al sill\u00f3n<\/strong> en la lista de concursos que Telecinco ha lanzado en el \u00faltimo lustro con el mismo objetivo: hacerse un hueco relevante en la franja de <strong>Pasapalabra<\/strong>.\n    <\/p>\n<p>    <a href=\"https:\/\/www.eldiario.es\/vertele\/entrevistas\/juanra-bonet-deja-atresmedia-mediaset-alla-tu-siento-cambio-natural-no-volantazo-gestmusic-concurso-jesus-vazquez_1_12895502.html\" data-mrf-recirculation=\"saber-mas\" data-dl-event=\"saber-mas\" rel=\"nofollow noopener\" target=\"_blank\"><\/p>\n<p class=\"know-more__title\">ENTREVISTA | Juanra Bonet deja Antena 3 por Telecinco con &#8216;\u00a1All\u00e1 t\u00fa!&#8217;: \u00abSiento que es un cambio natural, no un volantazo\u00bb<\/p>\n<p>            <img decoding=\"async\" class=\"lazy\" loading=\"lazy\" data-src=\"https:\/\/static.eldiario.es\/clip\/623f0ef3-1460-40ee-8571-1457614a4484_16-9-aspect-ratio_default_0.jpg\" src=\"data:image\/svg+xml,%3Csvg xmlns=\" http:=\"\" viewbox=\"0 0 880 495\" alt=\"Juanra Bonet deja Antena 3 por Telecinco con '\u00a1All\u00e1 t\u00fa!': &quot;Siento que es un cambio natural, no un volantazo&quot;\"\/><\/p>\n<p>                        <\/a><\/p>\n<p class=\"article-text\">\n        Entre julio de 2007 y octubre de 2019, <strong>Mediaset<\/strong> tuvo en el concurso de &#8216;El Rosco&#8217; un valor seguro entre las 20:00 y las 21:00 horas. Sin embargo, tras un largo y complejo litigio, la compa\u00f1\u00eda tuvo que renunciar a \u00e9l por orden del Tribunal Supremo, propiciando as\u00ed que <strong>Antena 3<\/strong> lo recuperara para su causa y se convirtiera en el punto de inflexi\u00f3n que necesitaba su parrilla diaria, hoy por hoy la m\u00e1s competitiva de la televisi\u00f3n nacional.\n    <\/p>\n<p class=\"article-text\">\n        Mediaset, mientras tanto, ha intentado cubrir su hueco con magacines (<strong>S\u00e1lvame Banana<\/strong>, <strong>Ya son las ocho<\/strong>) y realities (<strong>GH 20<\/strong>), pero sobre todo con concursos. De hecho, \u00a1All\u00e1 t\u00fa! es el sucesor de <strong>El tir\u00f3n<\/strong>, <strong>El precio justo<\/strong>, <strong>Alta tensi\u00f3n<\/strong>, <strong>Reacci\u00f3n en cadena<\/strong> y <strong>Ag\u00e1rrate al sill\u00f3n<\/strong>, que antes que \u00e9l chocaron con el transatl\u00e1ntico conducido por <strong>Roberto Leal<\/strong>. Los tres primeros lo hicieron desde una Telecinco que ya no lideraba esa franja, pero s\u00ed la televisi\u00f3n en Espa\u00f1a. El cuarto, en una cadena ya en declive. Y el quinto, en un canal bajo m\u00ednimos y superado no solo por Antena 3, sino tambi\u00e9n por La 1.\n    <\/p>\n<p class=\"article-text\">\n        <strong>Audiencias de Telecinco desde que perdi\u00f3 &#8216;Pasapalabra&#8217;:<\/strong>\n    <\/p>\n<ul>\n<li>Temporada 2019\/2020: 15% de cuota media (septiembre-junio)<\/li>\n<li>Temporada 2020\/2021: 15.2%<\/li>\n<li>Temporada 2021\/2022: 13.2%<\/li>\n<li>Temporada 2022\/2023: 11.3%<\/li>\n<li>Temporada 2023\/2024: 10.1%<\/li>\n<li>Temporada 2024\/2025: 9.7%<\/li>\n<li>Temporada 2025\/2026: 8.9% (hasta enero)<\/li>\n<\/ul>\n<p>    Las audiencias de &#8216;\u00a1All\u00e1 t\u00fa!&#8217; en su primer mes<\/p>\n<p class=\"article-text\">\n        As\u00ed pues, \u00a1All\u00e1 t\u00fa! volvi\u00f3 hace un mes a la parrilla en un contexto nada favorable, tanto por la situaci\u00f3n de Telecinco como por la suya propia, pues hace tres a\u00f1os que hab\u00eda gastado su mejor bala: <strong>la de la nostalgia<\/strong>, que us\u00f3 con moderado \u00e9xito en el verano de 2023 (casi un 10% de media en el prime time de los domingos) para retomar sus emisiones tras 12 a\u00f1os de ausencia. De hecho, se gan\u00f3 seguir adelante con dos minietapas m\u00e1s: una en el access (diciembre 2023-abril 2024) y otra de nuevo en el prime time dominical (verano 2025), aunque ninguna cosech\u00f3 buenos datos de audiencia (7-8%).\n    <\/p>\n<p>            <img decoding=\"async\" class=\"lazy\" loading=\"lazy\" data-src=\"https:\/\/static.eldiario.es\/clip\/e6de59ea-a5c3-4a9a-bb8d-2971a89f686b_16-9-discover-aspect-ratio_default_0.jpg\" src=\"data:image\/svg+xml,%3Csvg xmlns=\" http:=\"\" viewbox=\"0 0 1200 675\" alt=\"Imagen del estreno del nuevo 'All\u00e1 t\u00fa' en Telecinco\"\/><\/p>\n<p class=\"article-text\">\n        Poco le import\u00f3 a Mediaset, que el 12 de enero le dio otra oportunidad reubic\u00e1ndolo en su horario original y recalibrando sus propias expectativas en el tramo de 20:00 a 21:00h. Evidentemente, a la cadena le encantar\u00eda liderar esa banda horaria, pero siendo realistas, su objetivo ahora mismo no est\u00e1 ni en ganar a Pasapalabra ni siquiera en plantarle cara. Su primer paso debe ser m\u00e1s modesto y realista: encontrar una oferta que, a poder ser, se instale por encima del 10% de cuota, como hizo Reacci\u00f3n en cadena durante sus mejores tiempos con los <strong>Mozos de Arousa<\/strong>.\n    <\/p>\n<p class=\"article-text\">\n        De momento, \u00a1All\u00e1 t\u00fa! est\u00e1 lejos de conseguirlo, pues apenas se ha movido entre el 6.9% y el 9.4% de cuota en su primer mes. De hecho, despu\u00e9s de 25 emisiones solo ha superado dos veces el 8% de share. La primera, el pasado 6 de febrero (8.6%), el d\u00eda despu\u00e9s de que Pasapalabra diera <a href=\"https:\/\/www.eldiario.es\/vertele\/noticias\/video-rosa-rodriguez-pasapalabra-gana-bote-historico-2-716-000-euros-307-roscos-manu-pascual-antena3_1_12965899.html\" target=\"_blank\" data-mrf-recirculation=\"links-noticia\" class=\"link\" rel=\"nofollow noopener\">el mayor bote de su historia<\/a> y dijera adi\u00f3s a la ya m\u00edtica pareja de concursantes formada por <strong>Rosa<\/strong> y <strong>Manu<\/strong>. Y la segunda, el 11 de febrero (9.4%), coincidiendo con el r\u00e9cord hist\u00f3rico de espectadores de <strong>El diario de Jorge<\/strong> (912.000) y con la reducci\u00f3n horaria de <strong>Aqu\u00ed la tierra<\/strong> (20 minutos por la Copa del Rey).\n    <\/p>\n<p class=\"article-text\">\n        <strong>Audiencias por semanas de &#8216;All\u00e1 t\u00fa&#8217;: <\/strong>\n    <\/p>\n<ul>\n<li>Primera semana (12-16 ene): 7.2% y 744.000<\/li>\n<li>Segunda semana (19-23 ene): 7.3% y 790.000<\/li>\n<li>Tercera semana (26-30 ene): 7.5% y 781.000<\/li>\n<li>Cuarta semana (2-6 feb): 7.5% y 817.000<\/li>\n<li>Quinta semana (9-12 feb): 8.1% y 850.000 (hasta el jueves 13)<\/li>\n<\/ul>\n<p>    &#8216;\u00a1All\u00e1 t\u00fa!&#8217;, por debajo de la media diaria de Telecinco<\/p>\n<p class=\"article-text\">\n        Por tanto, \u00a1All\u00e1 t\u00fa! ha subido cuando ha ocurrido algo an\u00f3malo a su alrededor, pero no \u2014o al menos no tanto\u2014 por s\u00ed solo. De hecho, entre la primera semana <strong>(7.2%) <\/strong>y la quinta ha subido nueve d\u00e9cimas <strong>(8.1%)<\/strong>, pero con el matiz de que el dato de esta \u00faltima est\u00e1 muy condicionado por el 9.4% que marc\u00f3 el formato el pasado mi\u00e9rcoles \u2014el resto de la semana hizo un 7.5%, un 7.6% y un 7.9%\u2014. Aun as\u00ed, est\u00e1 firmando <strong>una tendencia ascendente y sostenida en el tiempo<\/strong>, lo que sin duda es una buena noticia para sus intereses.\n    <\/p>\n<p>            <img decoding=\"async\" class=\"lazy\" loading=\"lazy\" data-src=\"https:\/\/static.eldiario.es\/clip\/06a3c00c-1be0-40da-b9cc-5dde7bb1550e_16-9-discover-aspect-ratio_default_0.jpg\" src=\"data:image\/svg+xml,%3Csvg xmlns=\" http:=\"\" viewbox=\"0 0 1200 675\" alt=\"Juanra Bonet, en el plat\u00f3 de '\u00a1All\u00e1 t\u00fa!'\"\/><\/p>\n<p class=\"article-text\">\n        Ahora bien, \u00a1All\u00e1 t\u00fa! necesita dar mucho m\u00e1s. Pasapalabra (18-19% desde el bote de Rosa) ya ha dejado claro que no va a bajar el ritmo pese a haber dicho adi\u00f3s a dos de sus leyendas, y <strong>Aqu\u00ed la tierra<\/strong> (12%-14%) tampoco est\u00e1 por la labor de hacerlo justo ahora, cuando por fin tiene un telonero a su altura (Malas lenguas). Por tanto, el concurso<strong> necesita crecer mucho m\u00e1s para ser una opci\u00f3n realmente competitiva<\/strong>. \u00bfPero cu\u00e1nto? Como m\u00ednimo, lo suficiente para situarse en la media de su cadena, que es lo primero que debe lograr cualquier oferta en t\u00e9rminos de audiencia.\n    <\/p>\n<p class=\"article-text\">\n        En el caso de \u00a1All\u00e1 t\u00fa!, su media semanal es de un 7.5% de share, y la de Telecinco, de un 9.1% (de lunes a viernes) desde que el programa de Juanra Bonet est\u00e1 en emisi\u00f3n. El programa <strong>ha de recuperar 1.6 puntos<\/strong> para cumplir con el m\u00ednimo exigible y empezar a ser un potencial activo para el canal.\n    <\/p>\n<p class=\"article-text\">\n        <strong>Desventaja de &#8216;All\u00e1 t\u00fa&#8217; respecto a la media de Telecinco (L-V):<\/strong>\n    <\/p>\n<ul>\n<li>Primera semana: -2.1 puntos (7.2% vs 9.3%)<\/li>\n<li>Segunda semana: -1.9 (7.3% vs 9.2%)<\/li>\n<li>Tercera semana: -1.6 (7.5% vs 9.1%)<\/li>\n<li>Cuarta semana: -1.4 (7.5% vs 8.9%)<\/li>\n<li>Quinta semana: -0.7 (8.1% vs 8.8%)<\/li>\n<\/ul>\n<p class=\"article-text\">\n        Para lograrlo tiene a su favor el tiempo \u2014solo lleva un mes en parrilla\u2014 y que a Mediaset le gusta mucho el formato, tal y como ha demostrado en los \u00faltimos tres a\u00f1os, a lo largo de los cuales ha seguido apostando por \u00e9l a pesar de sus discretas cifras. Sin ir m\u00e1s lejos, Telecinco acaba de probarlo tambi\u00e9n por primera vez en<strong> las tardes de los s\u00e1bados y los domingos<\/strong>, coincidiendo con la llegada, a su vez, de nuevas entregas de <strong>El precio justo<\/strong> en el mediod\u00eda de ambos d\u00edas.\n    <\/p>\n<p>    <a href=\"https:\/\/www.eldiario.es\/vertele\/analisis\/rafaela-y-su-loco-mundo-serie-atresmedia-imposible-describir-titular-lleva-extremo-delirio-chanante-atresplayer_1_12985389.html\" data-mrf-recirculation=\"saber-mas-abajo\" data-dl-event=\"saber-mas-abajo\" rel=\"nofollow noopener\" target=\"_blank\"><\/p>\n<p class=\"know-more__title\">&#8216;Rafaela y su loco mundo&#8217;, una serie imposible de describir en un titular que lleva al extremo el delirio chanante\n<\/p>\n<p>            <img decoding=\"async\" class=\"lazy\" loading=\"lazy\" data-src=\"https:\/\/static.eldiario.es\/clip\/1ef156aa-543f-4e50-8647-dda088d7dbd0_16-9-aspect-ratio_default_0.jpg\" src=\"data:image\/svg+xml,%3Csvg xmlns=\" http:=\"\" viewbox=\"0 0 880 495\" alt=\"'Rafaela y su loco mundo', una serie imposible de describir en un titular que lleva al extremo el delirio chanante\"\/><\/p>\n<p>                        <\/a><\/p>\n<p class=\"article-text\">\n        Por tanto, Telecinco est\u00e1 insistiendo con ambos casos, por lo que se da por hecho que tendr\u00e1 mucho aguante con ellos antes de empezar a ponerse nerviosa. Al menos, el mismo que tuvo en su d\u00eda con Ag\u00e1rrate al sill\u00f3n, que lo cancel\u00f3 despu\u00e9s de seis meses firmando unos n\u00fameros muy parecidos a los que ahora est\u00e1 marcando \u00a1All\u00e1 t\u00fa! (7-8% de cuota), que est\u00e1 obligado a superarlos para seguir abriendo cajas cada tarde.\n    <\/p>\n","protected":false},"excerpt":{"rendered":"La nueva etapa de \u00a1All\u00e1 t\u00fa! acaba de cumplir su primer mes de vida en Telecinco. El concurso&hellip;\n","protected":false},"author":2,"featured_media":399336,"comment_status":"","ping_status":"","sticky":false,"template":"","format":"standard","meta":{"footnotes":""},"categories":[171],"tags":[15059,8722,2509,21544,987,146,147,25,24,44186,314,21543,1970,795,23,692,214,6174],"class_list":["post-399335","post","type-post","status-publish","format-standard","has-post-thumbnail","category-tv","tag-alla-tu","tag-asi","tag-audiencias","tag-bonet","tag-despues","tag-entertainment","tag-entretenimiento","tag-es","tag-espana","tag-estrenar","tag-etapa","tag-juanra","tag-mes","tag-nueva","tag-spain","tag-telecinco","tag-tv","tag-van"],"share_on_mastodon":{"url":"https:\/\/pubeurope.com\/@es\/116077025222498262","error":""},"_links":{"self":[{"href":"https:\/\/www.europesays.com\/es\/wp-json\/wp\/v2\/posts\/399335","targetHints":{"allow":["GET"]}}],"collection":[{"href":"https:\/\/www.europesays.com\/es\/wp-json\/wp\/v2\/posts"}],"about":[{"href":"https:\/\/www.europesays.com\/es\/wp-json\/wp\/v2\/types\/post"}],"author":[{"embeddable":true,"href":"https:\/\/www.europesays.com\/es\/wp-json\/wp\/v2\/users\/2"}],"replies":[{"embeddable":true,"href":"https:\/\/www.europesays.com\/es\/wp-json\/wp\/v2\/comments?post=399335"}],"version-history":[{"count":0,"href":"https:\/\/www.europesays.com\/es\/wp-json\/wp\/v2\/posts\/399335\/revisions"}],"wp:featuredmedia":[{"embeddable":true,"href":"https:\/\/www.europesays.com\/es\/wp-json\/wp\/v2\/media\/399336"}],"wp:attachment":[{"href":"https:\/\/www.europesays.com\/es\/wp-json\/wp\/v2\/media?parent=399335"}],"wp:term":[{"taxonomy":"category","embeddable":true,"href":"https:\/\/www.europesays.com\/es\/wp-json\/wp\/v2\/categories?post=399335"},{"taxonomy":"post_tag","embeddable":true,"href":"https:\/\/www.europesays.com\/es\/wp-json\/wp\/v2\/tags?post=399335"}],"curies":[{"name":"wp","href":"https:\/\/api.w.org\/{rel}","templated":true}]}}