{"id":399718,"date":"2026-02-16T03:28:14","date_gmt":"2026-02-16T03:28:14","guid":{"rendered":"https:\/\/www.europesays.com\/es\/399718\/"},"modified":"2026-02-16T03:28:14","modified_gmt":"2026-02-16T03:28:14","slug":"un-giro-de-1-300-grados","status":"publish","type":"post","link":"https:\/\/www.europesays.com\/es\/399718\/","title":{"rendered":"Un giro de 1.300 grados"},"content":{"rendered":"<p>La relaci\u00f3n de <strong>Anabel Pantoja <\/strong>y<strong> David Rodr\u00edguez<\/strong>ha estado cargada de pol\u00e9mica desde el primer momento. Se conocieron gracias a un espect\u00e1culo internacional que organiz\u00f3 el equipo de <strong>Isabel Pantoja<\/strong> y desde entonces no se han separado. <strong>Tienen una hija en com\u00fan<\/strong> y, cuando pueden, viven juntos, pero todav\u00eda hay mucha gente que duda de este noviazgo, as\u00ed que la influencer ha dado un paso adelante para aclarar cu\u00e1les son sus verdaderos sentimientos.<\/p>\n<p>Haciendo honor a la naturalidad que siempre le ha caracterizado, <strong>Anabel Pantoja<\/strong> ha recurrido a sus redes para mandar un mensaje que dice: \u00abFebrero, 2023. <strong>Mi vida dio un giro, por una gira, de 1.300 grados<\/strong>. Conoc\u00ed a un joven fisio cordob\u00e9s que jam\u00e1s pens\u00e9 cruzarme mas en mi vida\u00bb. La ex colaboradora de <strong>Telecinco<\/strong> ha hecho referencia a los conciertos que su t\u00eda Isabel dio fuera de Espa\u00f1a, pues fue este proyecto el que hizo que conociese al que actualmente es el padre de su hija.<\/p>\n<p>\n<img decoding=\"async\" loading=\"lazy\" class=\"size-medium wp-image-2490606\" alt=\"anabel patoja, david rodriguez, novio anbael pantoja, \" width=\"530\" height=\"620\"  src=\"https:\/\/www.europesays.com\/es\/wp-content\/uploads\/2026\/02\/1770935350_850_placeholder.jpg\"  bad-src=\"https:\/\/www.europesays.com\/es\/wp-content\/uploads\/2026\/02\/1770935350_850_placeholder.jpg\"\/><\/p>\n<p><img decoding=\"async\" loading=\"lazy\" class=\"size-medium wp-image-2490606\" src=\"https:\/\/www.europesays.com\/es\/wp-content\/uploads\/2026\/02\/anabel-pantoja-posando-con-su-novio-530x620.jpg\" alt=\"anabel patoja, david rodriguez, novio anbael pantoja, \" width=\"530\" height=\"620\"  \/><\/p>\n<p> Anabel Pantoja posando con su novio. (Foto: Instagram)\n<\/p>\n<p><a href=\"https:\/\/okdiario.com\/look\/actualidad\/omar-sanchez-ex-marido-anabel-pantoja-que-decidido-cambiar-vida-trabajo-2152297\" rel=\"nofollow noopener\" target=\"_blank\">Anabel estuvo casada con el surfista Omar S\u00e1nchez<\/a>, pero el matrimonio no lleg\u00f3 buen puerto, se separaron y la <strong>influencer <\/strong>fich\u00f3 como concursante estrella de Supervivientes. Fue en este programa donde coincidi\u00f3 con el esgrimista <strong>Yulen Pereira<\/strong> y protagonizaron un romance que ocup\u00f3 muchas portadas. Sin embargo, el destino termin\u00f3 separ\u00e1ndoles y justo despu\u00e9s de la ruptura Anabel se enamor\u00f3 de David, por eso muchos pusieron en cuesti\u00f3n sus sentimientos.<\/p>\n<p><strong>La influencer sorprendi\u00f3 a todos al anunciar que estaba embarazada<\/strong> y fue ah\u00ed cuando algunos comprendieron que su historia con David Rodr\u00edguez iba en serio. El problema es que viven en sitios diferentes. <strong>Anabel est\u00e1 asentada en Canarias, donde tiene una casa en propiedad<\/strong>, y su novio trabaja en C\u00f3rdoba, as\u00ed que no se puede mudar a la isla de forma definitiva. Ese ir y venir ha generado comentarios de todo tipo, por eso Pantoja ha querido recalcar que est\u00e1 muy enamorada de su pareja.<\/p>\n<p>El mensaje de Anabel Pantoja<\/p>\n<p>\n<img decoding=\"async\" loading=\"lazy\" class=\"size-medium wp-image-2447610\" alt=\"Premios \u00cddolo\" width=\"349\" height=\"620\"  src=\"https:\/\/www.europesays.com\/es\/wp-content\/uploads\/2026\/02\/1770935350_850_placeholder.jpg\"  bad-src=\"https:\/\/www.europesays.com\/es\/wp-content\/uploads\/2026\/02\/1770935350_850_placeholder.jpg\"\/><\/p>\n<p><img decoding=\"async\" loading=\"lazy\" class=\"size-medium wp-image-2447610\" src=\"https:\/\/www.europesays.com\/es\/wp-content\/uploads\/2026\/02\/pant-349x620.jpg\" alt=\"Premios \u00cddolo\" width=\"349\" height=\"620\"  \/><\/p>\n<p> Anabel Pantoja en los Premios \u00cddolo. (Foto: Gtres)\n<\/p>\n<p>El mensaje de <strong>Anabel Pantoja<\/strong> va mucho m\u00e1s all\u00e1 de las palabras que le ha dedicado a su novio. Lo importante es que ha abordado <strong>la pol\u00e9mica<\/strong> sin contemplaciones y <strong>ha reivindicado sus sentimientos<\/strong>. Le da igual lo que piense u opine la gente, pero por suerte sus seguidores se han tomado bien esa iniciativa y son muchos los que se han puesto en contacto con ella para darle la enhorabuena por su valent\u00eda.<\/p>\n<blockquote class=\"instagram-media\" style=\"background: #FFF; border: 0; border-radius: 3px; box-shadow: 0 0 1px 0 rgba(0,0,0,0.5),0 1px 10px 0 rgba(0,0,0,0.15); margin: 1px; max-width: 540px; min-width: 326px; padding: 0; width: calc(100% - 2px);\" data-instgrm-captioned=\"\" data-instgrm-permalink=\"https:\/\/www.instagram.com\/p\/DUwS4bFjLJX\/?utm_source=ig_embed&amp;utm_campaign=loading\" data-instgrm-version=\"14\">\n<\/blockquote>\n<p>\u00abHermosa familia. <strong>Me encanta la pareja que hac\u00e9is. Y con la ni\u00f1a, todo perfecto<\/strong>\u00bb, le escribe una de sus fans. Y otra a\u00f1ade: \u00ab\u00a1Qu\u00e9 fotos m\u00e1s bonitas! Una pareja de guapos. Y ahora una familia, me encanta\u00bb.<\/p>\n<p>Anabel ha acompa\u00f1ado sus palabras de una colecci\u00f3n de im\u00e1genes que confirma lo que ha contado: su relaci\u00f3n con David no se basa en expectativas, sino en sentimientos reales. <strong>Han superado muchos momentos complicados<\/strong> y ahora se encuentran en una buena etapa, por eso es el momento perfecto para dejar claro que la tormenta no ha podido con ellos. Incluso se ha llegado a dudar de la relaci\u00f3n que la madre de Anabel ten\u00eda con su yerno, pero<strong> los hechos hablan por s\u00ed solos<\/strong> y, de momento, no hay pruebas que confirmen la supuesta crisis de la que muchos hablan.<\/p>\n<p>\t\t\t\t\t\t\t<script async src=\"\/\/www.instagram.com\/embed.js\"><\/script><\/p>\n","protected":false},"excerpt":{"rendered":"La relaci\u00f3n de Anabel Pantoja y David Rodr\u00edguezha estado cargada de pol\u00e9mica desde el primer momento. Se conocieron&hellip;\n","protected":false},"author":2,"featured_media":399719,"comment_status":"","ping_status":"","sticky":false,"template":"","format":"standard","meta":{"footnotes":""},"categories":[174],"tags":[4476,255,146,147,25,24,256,23],"class_list":["post-399718","post","type-post","status-publish","format-standard","has-post-thumbnail","category-famosos","tag-anabel-pantoja","tag-celebrities","tag-entertainment","tag-entretenimiento","tag-es","tag-espana","tag-famosos","tag-spain"],"share_on_mastodon":{"url":"https:\/\/pubeurope.com\/@es\/116078189202003292","error":""},"_links":{"self":[{"href":"https:\/\/www.europesays.com\/es\/wp-json\/wp\/v2\/posts\/399718","targetHints":{"allow":["GET"]}}],"collection":[{"href":"https:\/\/www.europesays.com\/es\/wp-json\/wp\/v2\/posts"}],"about":[{"href":"https:\/\/www.europesays.com\/es\/wp-json\/wp\/v2\/types\/post"}],"author":[{"embeddable":true,"href":"https:\/\/www.europesays.com\/es\/wp-json\/wp\/v2\/users\/2"}],"replies":[{"embeddable":true,"href":"https:\/\/www.europesays.com\/es\/wp-json\/wp\/v2\/comments?post=399718"}],"version-history":[{"count":0,"href":"https:\/\/www.europesays.com\/es\/wp-json\/wp\/v2\/posts\/399718\/revisions"}],"wp:featuredmedia":[{"embeddable":true,"href":"https:\/\/www.europesays.com\/es\/wp-json\/wp\/v2\/media\/399719"}],"wp:attachment":[{"href":"https:\/\/www.europesays.com\/es\/wp-json\/wp\/v2\/media?parent=399718"}],"wp:term":[{"taxonomy":"category","embeddable":true,"href":"https:\/\/www.europesays.com\/es\/wp-json\/wp\/v2\/categories?post=399718"},{"taxonomy":"post_tag","embeddable":true,"href":"https:\/\/www.europesays.com\/es\/wp-json\/wp\/v2\/tags?post=399718"}],"curies":[{"name":"wp","href":"https:\/\/api.w.org\/{rel}","templated":true}]}}