{"id":399832,"date":"2026-02-16T05:11:08","date_gmt":"2026-02-16T05:11:08","guid":{"rendered":"https:\/\/www.europesays.com\/es\/399832\/"},"modified":"2026-02-16T05:11:08","modified_gmt":"2026-02-16T05:11:08","slug":"edgars-rinkevics-presidente-de-letonia-hay-un-cambio-de-retorica-de-algunos-lideres-de-ultraderecha-no-apoyan-tan-abiertamente-a-rusia-internacional","status":"publish","type":"post","link":"https:\/\/www.europesays.com\/es\/399832\/","title":{"rendered":"Edgars Rinkevics, presidente de Letonia: \u201cHay un cambio de ret\u00f3rica de algunos l\u00edderes de ultraderecha. No apoyan tan abiertamente a Rusia\u201d | Internacional"},"content":{"rendered":"<p class=\"\">El Bayerischer Hof de M\u00fanich es un hotel de dimensiones relativamente reducidas. Durante el fin de semana en el que se celebra la Conferencia de Seguridad, sus salas y pasillos se atestan de una impresionante cantidad de l\u00edderes pol\u00edticos, militares y diplom\u00e1ticos, dando vida a una multitud de contactos y conversaciones improvisadas. Esta entrevista es una de ellas. El presidente de Letonia, el conservador Edgars Rinkevics (de 52 a\u00f1os), la concedi\u00f3 en una sala-cafeter\u00eda que es uno de los puntos de encuentro del hotel. En ella, el pol\u00edtico -que asumi\u00f3 el cargo en 2023 siendo, <a href=\"https:\/\/www.bloomberg.com\/news\/articles\/2023-05-31\/eu-s-first-openly-gay-head-of-state-elected-by-latvian-assembly\" target=\"_self\" rel=\"nofollow noopener\" title=\"https:\/\/www.bloomberg.com\/news\/articles\/2023-05-31\/eu-s-first-openly-gay-head-of-state-elected-by-latvian-assembly\">seg\u00fan inform\u00f3 la agencia Bloomberg entonces<\/a>, el primer jefe de Estado declaradamente homosexual de la UE- alert\u00f3 de que \u201cel ej\u00e9rcito ruso es muy fuerte\u201d pese a las p\u00e9rdidas sufridas, y se\u00f1al\u00f3 que detecta \u201ccambios de ret\u00f3rica\u201d en l\u00edderes de partidos de ultraderecha. \u201cNo apoyan tan abiertamente a Rusia\u201d, dijo el mandatario de un pa\u00eds fronterizo con el gigante liderado por Vlad\u00edmir Putin y en el que Espa\u00f1a mantiene desplegadas tropas de apoyo. <\/p>\n<p class=\"\"><b>Pregunta.<\/b> Muchas intervenciones en M\u00fanich han se\u00f1alado que Rusia ha fracasado en el cumplimiento de sus objetivos estrat\u00e9gicos en Ucrania y que sufre enormes p\u00e9rdidas. Pero hay una relevante reducci\u00f3n del apoyo de EE UU a Kiev. \u00bfCu\u00e1l es su evaluaci\u00f3n? \u00bfRusia est\u00e1 ganando o perdiendo en Ucrania?<\/p>\n<p class=\"\"><b>Respuesta.<\/b> Creo que Rusia definitivamente no est\u00e1 ganando, porque no debemos olvidar que su objetivo hace cuatro a\u00f1os era la ocupaci\u00f3n completa y la subordinaci\u00f3n de Ucrania a sus intereses. Ese era un objetivo estrat\u00e9gico: la recreaci\u00f3n del imperio ruso y luego avanzar m\u00e1s all\u00e1. Eso no est\u00e1 ocurriendo. Pero tampoco vemos que Rusia est\u00e9 perdiendo. Por perder entender\u00eda una retirada completa del territorio ucranio y el reconocimiento del derecho de Ucrania a existir. Como pa\u00eds fronterizo con Rusia, dir\u00eda que necesitamos tomar a Rusia muy en serio. S\u00ed, hay ciertos problemas en la econom\u00eda rusa. Pero tambi\u00e9n vemos que su ej\u00e9rcito es muy fuerte, que ha ganado experiencia, que su industria de defensa est\u00e1 funcionando bien. No est\u00e1 ganando y definitivamente no est\u00e1 perdiendo.<\/p>\n<p class=\"\"><b>P.<\/b> \u00bfCu\u00e1nto le preocupa el auge de los partidos de extrema derecha en Europa, que parecen ser m\u00e1s comprensivos con ciertas posiciones rus\u00f3filas?<\/p>\n<p class=\"\"><b>R.<\/b> Entiendo que existe una divisi\u00f3n ideol\u00f3gica en muchos pa\u00edses. Pero tenemos que ser muy prudentes. Mire la reacci\u00f3n de esos partidos respecto a Groenlandia. En realidad, est\u00e1n apoyando mucho a Dinamarca. Observe el cambio de ret\u00f3rica de algunos de esos l\u00edderes. No apoyan tan abiertamente a Rusia. S\u00ed, hablan de que necesitamos sentarnos y que necesitamos diplomacia. No quiero sonar imprudente ni excesivamente optimista, pero una cosa es cuando se est\u00e1 en campa\u00f1a o en la oposici\u00f3n. Y otra cuando se est\u00e1 en el gobierno. Tambi\u00e9n hemos visto cierta transformaci\u00f3n en la postura en algunos pa\u00edses, donde esos partidos de derecha son parte de la coalici\u00f3n o lideran la coalici\u00f3n. Ser\u00eda cuidadoso al afirmar que va a haber un cambio completo y radical. Pero hemos visto que en algunos pa\u00edses, como la Rep\u00fablica Checa o Eslovaquia, donde ha habido una visi\u00f3n diferente, el apoyo a Ucrania no se ha abandonado por completo. <\/p>\n<p class=\"\"><b>P.<\/b> \u00bfEst\u00e1 Europa haciendo lo suficiente para apoyar a Ucrania y presionar a Rusia?<\/p>\n<p class=\"\"><b>R.<\/b> No. En cuanto al apoyo a Ucrania, definitivamente ahora estamos proporcionando m\u00e1s ayuda que Estados Unidos. En lo que respecta al apoyo financiero a Ucrania, s\u00ed. En cuanto a las sanciones contra Rusia, no. Y en cuanto a la presi\u00f3n hacia Rusia, tampoco. Podemos hacer m\u00e1s.<\/p>\n<p class=\"\"><b>P.<\/b> \u00bfDeber\u00edan los europeos impulsar con fuerza la construcci\u00f3n de una nueva cooperaci\u00f3n en defensa, ya que ya no podemos confiar en Estados Unidos como lo hicimos durante d\u00e9cadas?<\/p>\n<p class=\"\"><b>R.<\/b> Iba a responder que s\u00ed si no hubiera terminado su pregunta con la parte sobre Estados Unidos. Mire, no comparto la opini\u00f3n que muchos sostienen en esta conferencia. No veo que el papel de Estados Unidos se est\u00e9 transformando en los t\u00e9rminos que algunos de mis colegas, amigos y ponentes sugieren. A diferencia de muchos, dir\u00eda que me gust\u00f3 el discurso del secretario Rubio desde dos perspectivas. Primero, afirm\u00f3 que existe el entendimiento de que el v\u00ednculo transatl\u00e1ntico es importante para Estados Unidos. Segundo, dijo claramente qu\u00e9 espera Estados Unidos de ese v\u00ednculo. \u00bfPor qu\u00e9 esto es positivo? Porque ahora las cosas est\u00e1n claramente expuestas y podemos debatirlas.<\/p>\n<p class=\"\"><b>P.<\/b> \u00bfCu\u00e1l deber\u00eda ser la perspectiva europea?<\/p>\n<p class=\"\"><b>R.<\/b> Desde la perspectiva europea, hemos estado aprovech\u00e1ndonos durante muchas d\u00e9cadas. De hecho, cuando termin\u00f3 la Guerra Fr\u00eda, los presupuestos de defensa se redujeron en la mayor\u00eda de las naciones europeas. Algunos pa\u00edses ni siquiera alcanzan el 2% del PIB. Ahora estamos hablando de llegar al 5%. La defensa europea est\u00e1 en inter\u00e9s de Europa. No deber\u00edamos quejarnos del papel decreciente de Estados Unidos. Necesitamos fortalecer mucho m\u00e1s la defensa europea: inversi\u00f3n nacional e inversi\u00f3n europea com\u00fan. Esas son dos cosas fundamentales. Entonces no estaremos teniendo este debate sobre lo que diga tal o cual funcionario estadounidense, chino, indio o ruso sobre Europa. Entonces seremos socios iguales. Hoy no lo somos. Y no lo seremos durante algunos a\u00f1os m\u00e1s. Solo seremos socios iguales si finalmente nos tomamos esto en serio.<\/p>\n","protected":false},"excerpt":{"rendered":"El Bayerischer Hof de M\u00fanich es un hotel de dimensiones relativamente reducidas. Durante el fin de semana en&hellip;\n","protected":false},"author":2,"featured_media":399833,"comment_status":"","ping_status":"","sticky":false,"template":"","format":"standard","meta":{"footnotes":""},"categories":[42],"tags":[17,18,85909,700,13,14,11,61,62,63,64,19,20,7861,9,10,15,16,1614,12,7081,21,22,65,66,67],"class_list":["post-399832","post","type-post","status-publish","format-standard","has-post-thumbnail","category-internacional","tag-breaking-news","tag-breakingnews","tag-conferencia-seguridad-munich","tag-europa","tag-featured-news","tag-featurednews","tag-headlines","tag-internacional","tag-international","tag-international-news","tag-internationalnews","tag-latest-news","tag-latestnews","tag-letonia","tag-news","tag-noticias","tag-noticias-destacadas","tag-noticiasdestacadas","tag-rusia","tag-titulares","tag-ucrania","tag-ultimas-noticias","tag-ultimasnoticias","tag-world","tag-world-news","tag-worldnews"],"share_on_mastodon":{"url":"","error":"Validation failed: Text character limit of 500 exceeded"},"_links":{"self":[{"href":"https:\/\/www.europesays.com\/es\/wp-json\/wp\/v2\/posts\/399832","targetHints":{"allow":["GET"]}}],"collection":[{"href":"https:\/\/www.europesays.com\/es\/wp-json\/wp\/v2\/posts"}],"about":[{"href":"https:\/\/www.europesays.com\/es\/wp-json\/wp\/v2\/types\/post"}],"author":[{"embeddable":true,"href":"https:\/\/www.europesays.com\/es\/wp-json\/wp\/v2\/users\/2"}],"replies":[{"embeddable":true,"href":"https:\/\/www.europesays.com\/es\/wp-json\/wp\/v2\/comments?post=399832"}],"version-history":[{"count":0,"href":"https:\/\/www.europesays.com\/es\/wp-json\/wp\/v2\/posts\/399832\/revisions"}],"wp:featuredmedia":[{"embeddable":true,"href":"https:\/\/www.europesays.com\/es\/wp-json\/wp\/v2\/media\/399833"}],"wp:attachment":[{"href":"https:\/\/www.europesays.com\/es\/wp-json\/wp\/v2\/media?parent=399832"}],"wp:term":[{"taxonomy":"category","embeddable":true,"href":"https:\/\/www.europesays.com\/es\/wp-json\/wp\/v2\/categories?post=399832"},{"taxonomy":"post_tag","embeddable":true,"href":"https:\/\/www.europesays.com\/es\/wp-json\/wp\/v2\/tags?post=399832"}],"curies":[{"name":"wp","href":"https:\/\/api.w.org\/{rel}","templated":true}]}}