{"id":39988,"date":"2025-08-11T08:57:07","date_gmt":"2025-08-11T08:57:07","guid":{"rendered":"https:\/\/www.europesays.com\/es\/39988\/"},"modified":"2025-08-11T08:57:07","modified_gmt":"2025-08-11T08:57:07","slug":"rahm-y-josele-rozan-el-triunfo-pero-sucumben-ante-burmester","status":"publish","type":"post","link":"https:\/\/www.europesays.com\/es\/39988\/","title":{"rendered":"Rahm y Josele rozan el triunfo, pero sucumben ante Burmester"},"content":{"rendered":"<p style=\"\">Chicago es una ciudad que se le da bien a John Ram. All\u00ed gan\u00f3 un \u2018Playoff\u2019 del PGA Tour en 2020 (el BMW Championship) y el torneo del LIV Golf del a\u00f1o pasado que, a la postre, le otorg\u00f3 tambi\u00e9n la clasificaci\u00f3n general de la  &#8230; temporada. Por eso, su retorno a Illinois era esperado con gran inter\u00e9s tanto por \u00e9l mismo como por sus seguidores; en todos ellos bull\u00eda el deseo de ver c\u00f3mo el de Barrica era capaz de reverdecer los \u00e9xitos de la pasada campa\u00f1a.<\/p>\n<p class=\"voc-p\" style=\"\">El planteamiento era casi id\u00e9ntico al anterior, ya que llegaba a Bollingbrook con la necesidad imperiosa de vencer para superar a Joaqu\u00edn Niemman en la tabla. Y, una vez m\u00e1s, no defraud\u00f3 en cuanto a ganas y a capacidad de lucha. Estuvo en la pelea hasta el final y si no se llev\u00f3 de nuevo el trofeo fue porque <strong>Dean Burmester<\/strong> estuvo m\u00e1s acertado en el hoyo de desempate que le disput\u00f3 junto a Josele Ballester. En este 18 bis el sudafricano firm\u00f3 un \u2018birdie\u2019 mientras que los ib\u00e9ricos se conformaron con el par y la segunda posici\u00f3n. Poco premio para una jornada en la que dieron todo lo que llevaban dentro.<\/p>\n<p class=\"voc-p\" style=\"\">El d\u00eda, marcado por un intenso aguacero inicial, comenz\u00f3 con el zimbabuo de nacimiento contemplando a sus rivales desde los dos golpes de ventaja que obtuvo el s\u00e1bado. Sin embargo, pronto se le nublar\u00eda la vista. Encaden\u00f3 tres \u2018bogeys\u2019 en el tr\u00edo inicial de banderas y eso le llev\u00f3 a ceder la iniciativa y a compartir el protagonismo con otros actores, como los espa\u00f1oles, Harold Varner, Carlos Ortiz o Branden Grace. Y fue entre tanto aspirante donde sobresali\u00f3 de manera inesperada el joven Ballester. El castellonense no hab\u00eda tenido a\u00fan una semana al nivel que su t\u00edtulo del ganador del US Amateur promet\u00eda y necesitaba un \u2018clic\u2019 que le devolviera la confianza en s\u00ed mismo para poder mostrar la calidad y el juego que atesora. Y lo escuch\u00f3 en el momento m\u00e1s oportuno.<\/p>\n<p class=\"voc-p\" style=\"\">Una gran actuaci\u00f3n sabatina le llev\u00f3 a disfrutar del \u00faltimo partido ayer y, al verse en esa situaci\u00f3n privilegiada, rodeado por Jon y Burmester, se vino arriba. No rehuy\u00f3 la presi\u00f3n y, gracias a una conjunci\u00f3n magn\u00edfica con su \u2018caddie\u2019 Javier Erviti, fue estableciendo la estrategia correcta en cada momento. De manera que a falta de cuatro hoyos se puso como l\u00edder en solitario y con toda una historia por escribir. Con apenas dos meses de profesional y el apoyo de su mentor Sergio Garc\u00eda, que le hizo olvidar el sue\u00f1o del PGA Tour para integrarse en el equipo de los Fireballs, estaba en disposici\u00f3n de tapar muchas bocas. Ya se le empezaba a recriminar este paso a la liga \u00e1rabe y la b\u00fasqueda del dinero f\u00e1cil en lugar de la gloria del campeonato estadounidense. Y \u00e9l se ten\u00eda que reivindicar.<\/p>\n<p>\nA un paso de la gloria\n<\/p>\n<p class=\"voc-p\" style=\"\">Todo iba de maravilla para el del Club Mediterr\u00e1neo hasta que se cruz\u00f3 en su camino el hoyo 15. Tras superar el lago frontal con una maderita no pudo controlar su segundo tiro y la bola se aloj\u00f3 al fondo del tapete, muy lejos del agujero. Pero no fue eso lo peor, sino el pobre \u2018putt\u2019 posterior que se qued\u00f3 cinco metros corto y le llev\u00f3 a firmar un \u2018bogey\u2019 inesperado que dio al traste con sus aspiraciones. Sobre todo porque el africano, en ese mismo momento, firmaba un \u2018birdie\u2019 para tomar la cabeza con uno de renta.<\/p>\n<p class=\"voc-p\" style=\"\">Cualquier otro se hubiera venido abajo, pero le sali\u00f3 el esp\u00edritu luchador que lleva dentro y acab\u00f3 rebajando un punto en el \u00faltimo que forz\u00f3 el desempate. Lo mismo que har\u00eda el vizca\u00edno, que con tres \u2018birdies\u00b4 en el tramo final estaba dispuesto a hacer temblar a quienes se le pusieran por delante. Pero no fue el caso.<\/p>\n<p class=\"voc-p\" style=\"\">Dean ya fue el verdugo el a\u00f1o pasado de Sergio en Miami y se sab\u00eda capaz de vencer en un \u2018playoff\u2019 ante quien fuera. Y jug\u00f3 un hoyo extra de libro, dej\u00e1ndose un \u2018putt\u2019 que emboc\u00f3 con fiereza, mientras que sus rivales necesitaron dos toques para acabar. La tarde se torn\u00f3 agridulce, pero la imagen que dejaron fue magn\u00edfica. Josele, porque demostr\u00f3 que se merece un puesto con los mejores. Y Jon, porque a\u00fan puede ganar el ranking este fin de semana en Indian\u00e1polis si queda por delante del chileno.<\/p>\n","protected":false},"excerpt":{"rendered":"Chicago es una ciudad que se le da bien a John Ram. All\u00ed gan\u00f3 un \u2018Playoff\u2019 del PGA&hellip;\n","protected":false},"author":2,"featured_media":39989,"comment_status":"","ping_status":"","sticky":false,"template":"","format":"standard","meta":{"footnotes":""},"categories":[275],"tags":[1575,19413,168,25,24,329,19410,330,19411,23,167,19412,2886],"class_list":{"0":"post-39988","1":"post","2":"type-post","3":"status-publish","4":"format-standard","5":"has-post-thumbnail","7":"category-golf","8":"tag-ante","9":"tag-burmester","10":"tag-deportes","11":"tag-es","12":"tag-espana","13":"tag-golf","14":"tag-josele","15":"tag-rahm","16":"tag-rozan","17":"tag-spain","18":"tag-sports","19":"tag-sucumben","20":"tag-triunfo"},"share_on_mastodon":{"url":"","error":""},"_links":{"self":[{"href":"https:\/\/www.europesays.com\/es\/wp-json\/wp\/v2\/posts\/39988","targetHints":{"allow":["GET"]}}],"collection":[{"href":"https:\/\/www.europesays.com\/es\/wp-json\/wp\/v2\/posts"}],"about":[{"href":"https:\/\/www.europesays.com\/es\/wp-json\/wp\/v2\/types\/post"}],"author":[{"embeddable":true,"href":"https:\/\/www.europesays.com\/es\/wp-json\/wp\/v2\/users\/2"}],"replies":[{"embeddable":true,"href":"https:\/\/www.europesays.com\/es\/wp-json\/wp\/v2\/comments?post=39988"}],"version-history":[{"count":0,"href":"https:\/\/www.europesays.com\/es\/wp-json\/wp\/v2\/posts\/39988\/revisions"}],"wp:featuredmedia":[{"embeddable":true,"href":"https:\/\/www.europesays.com\/es\/wp-json\/wp\/v2\/media\/39989"}],"wp:attachment":[{"href":"https:\/\/www.europesays.com\/es\/wp-json\/wp\/v2\/media?parent=39988"}],"wp:term":[{"taxonomy":"category","embeddable":true,"href":"https:\/\/www.europesays.com\/es\/wp-json\/wp\/v2\/categories?post=39988"},{"taxonomy":"post_tag","embeddable":true,"href":"https:\/\/www.europesays.com\/es\/wp-json\/wp\/v2\/tags?post=39988"}],"curies":[{"name":"wp","href":"https:\/\/api.w.org\/{rel}","templated":true}]}}