{"id":39994,"date":"2025-08-11T09:01:07","date_gmt":"2025-08-11T09:01:07","guid":{"rendered":"https:\/\/www.europesays.com\/es\/39994\/"},"modified":"2025-08-11T09:01:07","modified_gmt":"2025-08-11T09:01:07","slug":"espana-aplasta-a-lituania-y-recupera-el-trono-en-el-eurobasket-sub-20-femenino","status":"publish","type":"post","link":"https:\/\/www.europesays.com\/es\/39994\/","title":{"rendered":"Espa\u00f1a aplasta a Lituania y recupera el trono en el Eurobasket sub-20 femenino"},"content":{"rendered":"<p>La <strong>selecci\u00f3n espa\u00f1ola Sub-20 femenina<\/strong> venci\u00f3 con autoridad (50-102) este domingo a la de Lituania para conquistar el <strong>Eurobasket de la categor\u00eda<\/strong> celebrado en Matosinhos (Portugal).<\/p>\n<p>Espa\u00f1a, dominadora del palmar\u00e9s del torneo con diez t\u00edtulos, recuper\u00f3 el trono que no ostentaba desde 2022 con una paliza hist\u00f3rica. Las de<strong> Isaac Fern\u00e1ndez<\/strong> firmaron la tercera medalla de oro para el baloncesto espa\u00f1ol este verano, junto a la Sub-18 masculina y la Sub-18 femenina, y la quinta medalla tras la plata de la absoluta femenina y el bronce de la Sub-17 femenina en el Mundial.<\/p>\n<p>Despu\u00e9s de un segundo cuarto definitivo (12-37), Espa\u00f1a lleg\u00f3 a rondar los 50 de ventaja al final del tercer parcial. Con Gina Garc\u00eda en la direcci\u00f3n de juego y Carla Viegas (17 puntos), Judit Rodr\u00edguez (16) y Somtochukwu-Blessed Okafor (16) como m\u00e1ximas anotadoras, la selecci\u00f3n pudo disfrutar la reconquista europea ante una Lituania que disputaba su primera final.<\/p>\n","protected":false},"excerpt":{"rendered":"La selecci\u00f3n espa\u00f1ola Sub-20 femenina venci\u00f3 con autoridad (50-102) este domingo a la de Lituania para conquistar el&hellip;\n","protected":false},"author":2,"featured_media":39995,"comment_status":"","ping_status":"","sticky":false,"template":"","format":"standard","meta":{"footnotes":""},"categories":[269],"tags":[299,298,168,25,24,14551,19414,23,167],"class_list":{"0":"post-39994","1":"post","2":"type-post","3":"status-publish","4":"format-standard","5":"has-post-thumbnail","7":"category-baloncesto","8":"tag-baloncesto","9":"tag-basketball","10":"tag-deportes","11":"tag-es","12":"tag-espana","13":"tag-lituania","14":"tag-seleccion-de-baloncesto","15":"tag-spain","16":"tag-sports"},"share_on_mastodon":{"url":"","error":""},"_links":{"self":[{"href":"https:\/\/www.europesays.com\/es\/wp-json\/wp\/v2\/posts\/39994","targetHints":{"allow":["GET"]}}],"collection":[{"href":"https:\/\/www.europesays.com\/es\/wp-json\/wp\/v2\/posts"}],"about":[{"href":"https:\/\/www.europesays.com\/es\/wp-json\/wp\/v2\/types\/post"}],"author":[{"embeddable":true,"href":"https:\/\/www.europesays.com\/es\/wp-json\/wp\/v2\/users\/2"}],"replies":[{"embeddable":true,"href":"https:\/\/www.europesays.com\/es\/wp-json\/wp\/v2\/comments?post=39994"}],"version-history":[{"count":0,"href":"https:\/\/www.europesays.com\/es\/wp-json\/wp\/v2\/posts\/39994\/revisions"}],"wp:featuredmedia":[{"embeddable":true,"href":"https:\/\/www.europesays.com\/es\/wp-json\/wp\/v2\/media\/39995"}],"wp:attachment":[{"href":"https:\/\/www.europesays.com\/es\/wp-json\/wp\/v2\/media?parent=39994"}],"wp:term":[{"taxonomy":"category","embeddable":true,"href":"https:\/\/www.europesays.com\/es\/wp-json\/wp\/v2\/categories?post=39994"},{"taxonomy":"post_tag","embeddable":true,"href":"https:\/\/www.europesays.com\/es\/wp-json\/wp\/v2\/tags?post=39994"}],"curies":[{"name":"wp","href":"https:\/\/api.w.org\/{rel}","templated":true}]}}