{"id":400003,"date":"2026-02-16T07:44:09","date_gmt":"2026-02-16T07:44:09","guid":{"rendered":"https:\/\/www.europesays.com\/es\/400003\/"},"modified":"2026-02-16T07:44:09","modified_gmt":"2026-02-16T07:44:09","slug":"ion-aramendi-estalla-contra-los-concursantes-de-gh-duo-dais-una-imagen-lamentable","status":"publish","type":"post","link":"https:\/\/www.europesays.com\/es\/400003\/","title":{"rendered":"Ion Aramendi estalla contra los concursantes de &#8216;GH D\u00daO&#8217;: \u00abDais una imagen lamentable\u00bb"},"content":{"rendered":"<p>Domingo cargado de emociones en la casa de &#8216;Gran Hermano&#8217;. Telecinco modific\u00f3 ayer la escaleta de &#8216;Fiesta&#8217; para anunciar que esa misma noche se producir\u00edan  &#8230; sanciones in\u00e9ditas a los concursantes del reality. El motivo, \u00abun hartazgo\u00bb en la organizaci\u00f3n por el comportamiento de los concursantes con el que los altos mandos del programa ya no pueden m\u00e1s.<\/p>\n<p class=\"v-p\">\u00abLes hemos dado toques de atenci\u00f3n por activa y por pasiva. Tambi\u00e9n tarjetas amarillas, sanci\u00f3n disciplinaria, nominaci\u00f3n directa el jueves pasado, y aun as\u00ed nada les ha servido. El tema es serio\u00bb, anunciaba Ion Aramendi en &#8216;Fiesta&#8217;.<\/p>\n<p class=\"v-p\">La resoluci\u00f3n de la amenaza fue anular las nominaciones del pasado jueves y poner a todos los concursantes al borde del precipicio. Es decir, todos pasaron a estar nominados y al final de la noche, uno de ellos ser\u00eda expulsado. La decisi\u00f3n la tom\u00f3 la audiencia, que opt\u00f3 por echar al bailaor Antonio Canales. Despu\u00e9s, los concursantes volvieron a pasar por el confesionario para nominar y Gloria, Sandra, Anita, Juanpi y Carlos fueron los se\u00f1alados por sus compa\u00f1eros.<\/p>\n<p class=\"v-p\">Pero, \u00bftan grave fue lo ocurrido en la casa m\u00e1s famosa de la televisi\u00f3n? La organizaci\u00f3n emiti\u00f3 los v\u00eddeos del origen de la bronca. Una disputa por un refresco desaparecido; dos concursantes que se\u00f1alan a una tercera; m\u00e1s broncas; m\u00e1s gritos&#8230; Nada que no se haya visto y emitido en la historia de &#8216;Gran Hermano&#8217;. Pero ahora es diferente. Esta vez \u00abla bronca m\u00e1s grande de la edici\u00f3n\u00bb llev\u00f3 a la direcci\u00f3n a un \u00abhartazgo absoluto\u00bb que se sald\u00f3 con nominaciones disciplinarias y una posterior expulsi\u00f3n.<\/p>\n<p class=\"v-p\">\u00abVuestra actitud es inaguantable, me produce desasosiego, \u00bfno os da verg\u00fcenza? Es inaudito. Es intolerable. No podemos m\u00e1s\u00bb, afirm\u00f3 muy enfadado Aramendi. A algunos se les cambi\u00f3 el rostro, arrepentidos. A otros, no tanto. \u00abSe os dan toques de atenci\u00f3n, se os penaliza, se os advierte infinitas veces y segu\u00eds igual. Pisote\u00e1is cualquier norma de convivencia. Est\u00e1is trabajando para entretener a la gente no para que sufr\u00e1is y sufrir nosotros al veros. Se me acelera el coraz\u00f3n de verlo\u00bb, zanjaba Aramendi.<\/p>\n","protected":false},"excerpt":{"rendered":"Domingo cargado de emociones en la casa de &#8216;Gran Hermano&#8217;. Telecinco modific\u00f3 ayer la escaleta de &#8216;Fiesta&#8217; para&hellip;\n","protected":false},"author":2,"featured_media":400004,"comment_status":"","ping_status":"","sticky":false,"template":"","format":"standard","meta":{"footnotes":""},"categories":[171],"tags":[4187,14699,62817,16738,146,147,25,24,3193,45360,14035,6540,23,214,10157],"class_list":["post-400003","post","type-post","status-publish","format-standard","has-post-thumbnail","category-tv","tag-anuncia","tag-comunicado","tag-disciplinaria","tag-duo","tag-entertainment","tag-entretenimiento","tag-es","tag-espana","tag-expulsion","tag-ineditas","tag-organizacion","tag-sanciones","tag-spain","tag-tv","tag-urgente"],"share_on_mastodon":{"url":"https:\/\/pubeurope.com\/@es\/116079196101497154","error":""},"_links":{"self":[{"href":"https:\/\/www.europesays.com\/es\/wp-json\/wp\/v2\/posts\/400003","targetHints":{"allow":["GET"]}}],"collection":[{"href":"https:\/\/www.europesays.com\/es\/wp-json\/wp\/v2\/posts"}],"about":[{"href":"https:\/\/www.europesays.com\/es\/wp-json\/wp\/v2\/types\/post"}],"author":[{"embeddable":true,"href":"https:\/\/www.europesays.com\/es\/wp-json\/wp\/v2\/users\/2"}],"replies":[{"embeddable":true,"href":"https:\/\/www.europesays.com\/es\/wp-json\/wp\/v2\/comments?post=400003"}],"version-history":[{"count":0,"href":"https:\/\/www.europesays.com\/es\/wp-json\/wp\/v2\/posts\/400003\/revisions"}],"wp:featuredmedia":[{"embeddable":true,"href":"https:\/\/www.europesays.com\/es\/wp-json\/wp\/v2\/media\/400004"}],"wp:attachment":[{"href":"https:\/\/www.europesays.com\/es\/wp-json\/wp\/v2\/media?parent=400003"}],"wp:term":[{"taxonomy":"category","embeddable":true,"href":"https:\/\/www.europesays.com\/es\/wp-json\/wp\/v2\/categories?post=400003"},{"taxonomy":"post_tag","embeddable":true,"href":"https:\/\/www.europesays.com\/es\/wp-json\/wp\/v2\/tags?post=400003"}],"curies":[{"name":"wp","href":"https:\/\/api.w.org\/{rel}","templated":true}]}}