{"id":40042,"date":"2025-08-11T09:34:15","date_gmt":"2025-08-11T09:34:15","guid":{"rendered":"https:\/\/www.europesays.com\/es\/40042\/"},"modified":"2025-08-11T09:34:15","modified_gmt":"2025-08-11T09:34:15","slug":"los-jovenes-disfrutaron-del-dia-de-la-juventud-con-un-gran-concierto","status":"publish","type":"post","link":"https:\/\/www.europesays.com\/es\/40042\/","title":{"rendered":"Los j\u00f3venes disfrutaron del D\u00eda de la Juventud con un gran concierto"},"content":{"rendered":"<p>\u201cSan Roque es m\u00fasica\u201d continu\u00f3 este s\u00e1bado en la Plaza de las Constituciones, donde actuaron varios Djs y el sanroque\u00f1o Jorge del Hierro. Los asistentes a la fiesta con motivo del D\u00eda Internacional de la Juventud disfrutaron de una noche llena de ocio y diversi\u00f3n. Los tenientes de alcalde David Ramos y Mar\u00eda del Mar Collado, responsables de los departamentos organizadores, Juventud y Fiestas, asistieron como p\u00fablico a la cita.<\/p>\n<p>Ramos record\u00f3 que se trataba del \u00faltimo evento musical organizado por el Ayuntamiento en dicho escenario antes de la Coronaci\u00f3n de la Feria Real, que se llevar\u00e1 a cabo el pr\u00f3ximo martes. Esa noche actuar\u00e1 Pastora Soler, as\u00ed como Daniela Niebla y el grupo de baile Soul Fusion.<\/p>\n<p>En el concierto de este s\u00e1bado se pudo disfrutar de la voz de Jorge del Hierro, artista en ascenso en la m\u00fasica espa\u00f1ola, con una s\u00f3lida base formativa y una creciente presencia en el escenario. Particip\u00f3 en la semifinal de Una Voce per San Marino 2025 en la que alcanz\u00f3 el noveno puesto entre los 34 cantantes participantes. En su actuaci\u00f3n, dej\u00f3 lugar para que la joven Nerea Montserrat, quien particip\u00f3 en el programa \u2018Tierra de Talento\u2019, tambi\u00e9n luciera su voz en el escenario. El sanroque\u00f1o hizo un emotivo agradecimiento a sus mentores, en especial a Francisco del Valle, fundador de la Asociaci\u00f3n Cultural de Canci\u00f3n Ligera \u201cCiudad de San Roque\u201d.<\/p>\n<p>La noche entr\u00f3 de lleno con la llegada de Bloomz, dos sevillanas en el mundo del disc jockey que han conquistado ciudades por toda Espa\u00f1a con una combinaci\u00f3n de estilos de urban, dance techno y house. Los j\u00f3venes bailaron al ritmo del reguet\u00f3n antiguo.<\/p>\n<p>Tambi\u00e9n actu\u00f3 DJ Ballesteros, madrile\u00f1o de m\u00e1s de una d\u00e9cada de trayectoria que transmite sonido urbano latino y ha colaborado con artistas internacionales como Chimbala, L\u00edrico en la casa, Atomic o Kiko el Crazy.<\/p>\n<p>Y la noche dio un giro con Sofi Mlow, Dj internacional especializada en reguet\u00f3n y amapiano, un g\u00e9nero musical sudafricano que combina elementos de deep house, jazz, kwaito y afrobeat. Ha sido telonera de reconocidos artistas internacionales como Major League DJz, DJ Melzi o Mellow &amp; Sleazy.<\/p>\n<p>El 12 de agosto se celebra internacionalmente el D\u00eda de la Juventud, dedicado a reconocer y ampliar la importancia de la participaci\u00f3n de las y los j\u00f3venes. San Roque decide as\u00ed celebrarlo con anterioridad en una noche con sesiones de DJ y la actuaci\u00f3n de j\u00f3venes promesas de la m\u00fasica.<\/p>\n","protected":false},"excerpt":{"rendered":"\u201cSan Roque es m\u00fasica\u201d continu\u00f3 este s\u00e1bado en la Plaza de las Constituciones, donde actuaron varios Djs y&hellip;\n","protected":false},"author":2,"featured_media":40043,"comment_status":"","ping_status":"","sticky":false,"template":"","format":"standard","meta":{"footnotes":""},"categories":[91],"tags":[1250,2193,2191,146,147,25,24,2190,2186,2189,2185,2187,23,2192,2188],"class_list":{"0":"post-40042","1":"post","2":"type-post","3":"status-publish","4":"format-standard","5":"has-post-thumbnail","7":"category-entretenimiento","8":"tag-ayuntamiento","9":"tag-cadiz","10":"tag-campamento","11":"tag-entertainment","12":"tag-entretenimiento","13":"tag-es","14":"tag-espana","15":"tag-guadiaro","16":"tag-roque","17":"tag-san-enrique","18":"tag-san-roque","19":"tag-soto-grande","20":"tag-spain","21":"tag-taraguilla","22":"tag-torreguadiaro"},"share_on_mastodon":{"url":"","error":""},"_links":{"self":[{"href":"https:\/\/www.europesays.com\/es\/wp-json\/wp\/v2\/posts\/40042","targetHints":{"allow":["GET"]}}],"collection":[{"href":"https:\/\/www.europesays.com\/es\/wp-json\/wp\/v2\/posts"}],"about":[{"href":"https:\/\/www.europesays.com\/es\/wp-json\/wp\/v2\/types\/post"}],"author":[{"embeddable":true,"href":"https:\/\/www.europesays.com\/es\/wp-json\/wp\/v2\/users\/2"}],"replies":[{"embeddable":true,"href":"https:\/\/www.europesays.com\/es\/wp-json\/wp\/v2\/comments?post=40042"}],"version-history":[{"count":0,"href":"https:\/\/www.europesays.com\/es\/wp-json\/wp\/v2\/posts\/40042\/revisions"}],"wp:featuredmedia":[{"embeddable":true,"href":"https:\/\/www.europesays.com\/es\/wp-json\/wp\/v2\/media\/40043"}],"wp:attachment":[{"href":"https:\/\/www.europesays.com\/es\/wp-json\/wp\/v2\/media?parent=40042"}],"wp:term":[{"taxonomy":"category","embeddable":true,"href":"https:\/\/www.europesays.com\/es\/wp-json\/wp\/v2\/categories?post=40042"},{"taxonomy":"post_tag","embeddable":true,"href":"https:\/\/www.europesays.com\/es\/wp-json\/wp\/v2\/tags?post=40042"}],"curies":[{"name":"wp","href":"https:\/\/api.w.org\/{rel}","templated":true}]}}