{"id":400950,"date":"2026-02-16T19:47:22","date_gmt":"2026-02-16T19:47:22","guid":{"rendered":"https:\/\/www.europesays.com\/es\/400950\/"},"modified":"2026-02-16T19:47:22","modified_gmt":"2026-02-16T19:47:22","slug":"moralzarzal-impulsa-el-tejido-empresarial-con-formacion-gratuita-para-comercios-y-emprendedores","status":"publish","type":"post","link":"https:\/\/www.europesays.com\/es\/400950\/","title":{"rendered":"Moralzarzal impulsa el tejido empresarial con formaci\u00f3n gratuita para comercios y emprendedores"},"content":{"rendered":"<p data-start=\"822\" data-end=\"1126\" style=\"text-align: justify;\">El programa busca dotar a los participantes de herramientas pr\u00e1cticas y conocimientos actualizados que favorezcan la rentabilidad y consolidaci\u00f3n de sus negocios, especialmente en un contexto donde la<strong> transformaci\u00f3n digital<\/strong> y la <strong>competitividad <\/strong>del <strong>comercio local<\/strong> son claves para el crecimiento econ\u00f3mico.<\/p>\n<p><strong>Estructura y contenidos de la formaci\u00f3n<\/strong><\/p>\n<p data-start=\"1173\" data-end=\"1608\" style=\"text-align: justify;\">Los <a target=\"_blank\" href=\"https:\/\/rhtalent.es\/campus\/moral_formacion_empresarial\/\" rel=\"nofollow noopener\">cursos<\/a> se imparten en formato online, <strong>sin limitaciones de tiempo<\/strong>, para que los participantes puedan ajustarlos a su disponibilidad. Entre los contenidos se incluyen <strong>gesti\u00f3n empresarial<\/strong>, <strong>acceso a ayudas y subvenciones<\/strong> disponibles para pymes y aut\u00f3nomos, y otros aspectos esenciales para la administraci\u00f3n de un negocio.<\/p>\n<p data-start=\"1610\" data-end=\"1973\" style=\"text-align: justify;\">Una de las \u00e1reas formativas se centra en la <strong>factura electr\u00f3nica<\/strong>, con formaci\u00f3n pr\u00e1ctica para familiarizar a los participantes con este sistema y la plataforma Verifactu, facilitando as\u00ed la adaptaci\u00f3n de quienes trabajan con la Administraci\u00f3n P\u00fablica.\u00a0<\/p>\n<p data-start=\"1975\" data-end=\"2367\" style=\"text-align: justify;\">Otro bloque del programa, previsto para abrir el 1 de marzo de 2026, es el curso de <strong>plan de empresa<\/strong>. Este curso guiar\u00e1 a los participantes en la estructuraci\u00f3n de sus proyectos, desde la definici\u00f3n de la idea de negocio hasta la evaluaci\u00f3n de su viabilidad econ\u00f3mica y operativa.\u00a0<\/p>\n<p data-start=\"2369\" data-end=\"2756\" style=\"text-align: justify;\">El programa tambi\u00e9n incluye m\u00f3dulos sobre <a target=\"_blank\" href=\"https:\/\/rhtalent.es\/PDF\/Enlaces_a_subvenciones.pdf\" rel=\"nofollow noopener\">ayudas y subvenciones<\/a>, detallando las<strong> opciones de financiaci\u00f3n <\/strong>disponibles para comercios, empresarios y emprendedores, incluyendo recursos de car\u00e1cter estatal, auton\u00f3mico y de otras administraciones o entidades p\u00fablicas y privadas.\u00a0<\/p>\n<p><strong>Modalidad, acceso y participaci\u00f3n<\/strong><\/p>\n<p data-start=\"2797\" data-end=\"3236\" style=\"text-align: justify;\">El formato online permite que los interesados accedan a todos los materiales y actividades desde cualquier ubicaci\u00f3n y a su propio ritmo, sin coste alguno. Esta flexibilidad facilita la participaci\u00f3n tanto de quienes ya gestionan un negocio como de quienes est\u00e1n en proceso de creaci\u00f3n de su actividad comercial o empresarial.<\/p>\n<p data-start=\"3238\" data-end=\"3645\" style=\"text-align: justify;\">Las inscripciones se realizan a trav\u00e9s del campus formativo habilitado por el Ayuntamiento, disponible en la <a target=\"_blank\" href=\"https:\/\/rhtalent.es\/campus\/moral_formacion_empresarial\/\" rel=\"nofollow noopener\">web oficial<\/a>, mediante la lectura de un c\u00f3digo QR incluido en el cartel promocional\u00a0o a trav\u00e9s de este correo electr\u00f3nico:\u00a0<strong>moralemplea@moralzarzal.es<\/strong><\/p>\n","protected":false},"excerpt":{"rendered":"El programa busca dotar a los participantes de herramientas pr\u00e1cticas y conocimientos actualizados que favorezcan la rentabilidad y&hellip;\n","protected":false},"author":2,"featured_media":400951,"comment_status":"","ping_status":"","sticky":false,"template":"","format":"standard","meta":{"footnotes":""},"categories":[80],"tags":[82,14151,37259,95,94,18276,26359,25,24,7214,34361,86526,6010,2733,86525,23],"class_list":["post-400950","post","type-post","status-publish","format-standard","has-post-thumbnail","category-economia","tag-business","tag-cursos","tag-digitalizacion","tag-economia","tag-economy","tag-emprendedores","tag-emprendimiento","tag-es","tag-espana","tag-formacion","tag-moralzarzal","tag-mundo-rural","tag-municipios","tag-negocios","tag-sierra-de-madrid","tag-spain"],"share_on_mastodon":{"url":"https:\/\/pubeurope.com\/@es\/116082039053112015","error":""},"_links":{"self":[{"href":"https:\/\/www.europesays.com\/es\/wp-json\/wp\/v2\/posts\/400950","targetHints":{"allow":["GET"]}}],"collection":[{"href":"https:\/\/www.europesays.com\/es\/wp-json\/wp\/v2\/posts"}],"about":[{"href":"https:\/\/www.europesays.com\/es\/wp-json\/wp\/v2\/types\/post"}],"author":[{"embeddable":true,"href":"https:\/\/www.europesays.com\/es\/wp-json\/wp\/v2\/users\/2"}],"replies":[{"embeddable":true,"href":"https:\/\/www.europesays.com\/es\/wp-json\/wp\/v2\/comments?post=400950"}],"version-history":[{"count":0,"href":"https:\/\/www.europesays.com\/es\/wp-json\/wp\/v2\/posts\/400950\/revisions"}],"wp:featuredmedia":[{"embeddable":true,"href":"https:\/\/www.europesays.com\/es\/wp-json\/wp\/v2\/media\/400951"}],"wp:attachment":[{"href":"https:\/\/www.europesays.com\/es\/wp-json\/wp\/v2\/media?parent=400950"}],"wp:term":[{"taxonomy":"category","embeddable":true,"href":"https:\/\/www.europesays.com\/es\/wp-json\/wp\/v2\/categories?post=400950"},{"taxonomy":"post_tag","embeddable":true,"href":"https:\/\/www.europesays.com\/es\/wp-json\/wp\/v2\/tags?post=400950"}],"curies":[{"name":"wp","href":"https:\/\/api.w.org\/{rel}","templated":true}]}}