{"id":401177,"date":"2026-02-16T22:45:16","date_gmt":"2026-02-16T22:45:16","guid":{"rendered":"https:\/\/www.europesays.com\/es\/401177\/"},"modified":"2026-02-16T22:45:16","modified_gmt":"2026-02-16T22:45:16","slug":"nuevas-fechas-de-mago-de-oz-ars-amandi-en-sevilla-sexitanian-fest","status":"publish","type":"post","link":"https:\/\/www.europesays.com\/es\/401177\/","title":{"rendered":"Nuevas fechas de MAGO DE OZ. ARS AMANDI en Sevilla. Sexitanian Fest."},"content":{"rendered":"<p>\u00a0<\/p>\n<p style=\"text-align: center;\"><strong><a href=\"#MAGO\">Nuevas fechas de MAGO DE OZ<\/a> \u2013 <a href=\"https:\/\/www.rafabasa.com\/2026\/02\/16\/mago-de-oz-ars-amandi-sexitanian-fest\/@ARS_AMANDI\" rel=\"nofollow noopener\" target=\"_blank\">ARS AMANDI en Sevilla<\/a> \u2013 <a href=\"#Sexitanian\">Sexitanian Fest<\/a>.<\/strong><\/p>\n<p><a href=\"https:\/\/magodeozoficial.com\/\" target=\"_blank\" rel=\"noopener nofollow\"><strong>MAGO DE OZ<\/strong><\/a> \u00a0 han anunciado nuevas fechas. Son las siguientes:<\/p>\n<blockquote class=\"instagram-media\" style=\"background: #FFF; border: 0; border-radius: 3px; box-shadow: 0 0 1px 0 rgba(0,0,0,0.5),0 1px 10px 0 rgba(0,0,0,0.15); margin: 1px; max-width: 540px; min-width: 326px; padding: 0; width: calc(100% - 2px);\" data-instgrm-captioned=\"\" data-instgrm-permalink=\"https:\/\/www.instagram.com\/p\/DU028VvDMQp\/?utm_source=ig_embed&amp;utm_campaign=loading\" data-instgrm-version=\"14\">\n<p>\u00a0<\/p>\n<p>Ver esta publicaci\u00f3n en Instagram<\/p>\n<p>\u00a0<\/p>\n<p style=\"color: #c9c8cd; font-family: Arial,sans-serif; font-size: 14px; line-height: 17px; margin-bottom: 0; margin-top: 8px; overflow: hidden; padding: 8px 0 7px; text-align: center; text-overflow: ellipsis; white-space: nowrap;\"><a style=\"color: #c9c8cd; font-family: Arial,sans-serif; font-size: 14px; font-style: normal; font-weight: normal; line-height: 17px; text-decoration: none;\" href=\"https:\/\/www.instagram.com\/p\/DU028VvDMQp\/?utm_source=ig_embed&amp;utm_campaign=loading\" target=\"_blank\" rel=\"noopener nofollow\">Una publicaci\u00f3n compartida de MA\u0308GO DE OZ OFICIAL (@magodeozoficial)<\/a><\/p>\n<\/blockquote>\n<p>La banda anuncia fechas en M\u00e9xico para 2026. El 7 de Noviembre en Guadalajara, el 13 de Noviembre en Monterrey y el 15 de Noviembre en Ciudad de M\u00e9xico.<\/p>\n<p>Tambi\u00e9n estar\u00e1n en <a href=\"https:\/\/www.rafabasa.com\/2026\/02\/12\/rrs-promo-y-eclipse-group-presentan-mago-de-oz-en-madrid-y-barcelona-2\/\" rel=\"nofollow noopener\" target=\"_blank\">Madrid y Barcelona<\/a>.<\/p>\n<p><img fetchpriority=\"high\" decoding=\"async\" src=\"https:\/\/www.europesays.com\/es\/wp-content\/uploads\/2026\/02\/barcelona21mar26_ultimas.jpg\" alt=\"RAMMSTEIN\" width=\"500\" height=\"668\"\/><\/p>\n<p>\u00a0<\/p>\n<p><img loading=\"lazy\" decoding=\"async\" src=\"https:\/\/www.europesays.com\/es\/wp-content\/uploads\/2026\/01\/madrid7marzo26.jpg\" alt=\"RAMMSTEIN\" width=\"500\" height=\"729\"\/><\/p>\n<p><a href=\"https:\/\/www.rafabasa.com\/2025\/11\/03\/critica-del-cd-de-mago-de-oz-malicia-la-noche-de-las-brujas\/\" target=\"_blank\" rel=\"noopener nofollow\"><strong>La cr\u00edtica de su \u00e1lbum escrita por Jon Rivas aqu\u00ed. <\/strong><\/a><\/p>\n<p>\u00a0<\/p>\n<p>\u00a0<\/p>\n<p>Recordamos que <a href=\"https:\/\/arsamandifolkrock.com\/\" rel=\"nofollow noopener\" target=\"_blank\"><strong>ARS AMANDI<\/strong><\/a> tocar\u00e1n el 28 de febrero en la sala Supra Music Hall de Sevilla acompa\u00f1ados por LANDEVIR.<\/p>\n<p><img loading=\"lazy\" decoding=\"async\" src=\"https:\/\/www.europesays.com\/es\/wp-content\/uploads\/2026\/02\/ars_amandi2025_2_500x267.jpg\" alt=\"ARS AMANDI\" width=\"500\" height=\"267\"\/><\/p>\n<p>Las pr\u00f3ximas fechas del grupo en esta <a href=\"https:\/\/www.rafabasa.com\/2025\/11\/27\/ars-amandi-katatonia-death-keepers\/#ARS_AMANDI\" target=\"_blank\" rel=\"noopener nofollow\">noticia<\/a>.<\/p>\n<p><a href=\"https:\/\/arsamandifolkrock.com\/\" rel=\"nofollow noopener\" target=\"_blank\"><strong>ARS AMANDI<\/strong><\/a> estrenaron a primeros de mes su <a href=\"https:\/\/www.rafabasa.com\/2025\/11\/05\/ars-amandi-estreno-de-su-lyric-video-de-el-aventurero-el-7-de-noviembre-se-presentan-en-madrid\/\" target=\"_blank\" rel=\"noopener nofollow\">\u00faltimo v\u00eddeo<\/a>.<\/p>\n<p>Nuestra cr\u00f3nica de su actuaci\u00f3n en Madrid en este <a href=\"https:\/\/www.rafabasa.com\/2025\/11\/10\/cronica-y-fotos-de-ars-amandi-finnway-en-madrid\/\" target=\"_blank\" rel=\"noopener nofollow\">enlace<\/a>.<\/p>\n<p>Su <a href=\"https:\/\/www.rafabasa.com\/2025\/09\/04\/ars-amandi-recordamos-su-nuevo-album-y-su-presentacion\/\" target=\"_blank\" rel=\"noopener nofollow\">\u00faltimo trabajo<\/a> \u201cRumbo norte\u201d sali\u00f3 el pasado mes de septiembre.<\/p>\n<p>\u00a0<\/p>\n<p>El pr\u00f3ximo 28 de mayo se celebrar\u00e1 en el parque El Majuelo de Almu\u00f1\u00e9car el <strong>Sexitanian Fest<\/strong>.<\/p>\n<p>Estas son las bandas participantes:<\/p>\n<ul>\n<li>OB\u00daS<\/li>\n<li>MURO<\/li>\n<li>INJECTOR<\/li>\n<li>MUGRE<\/li>\n<li>ASTTER<\/li>\n<\/ul>\n<p>El evento comienza a las 17 horas.<\/p>\n<p>M\u00e1s detalles en este <a href=\"https:\/\/www.facebook.com\/events\/2103533940419473?post_id=2103557847083749&amp;acontext=%7B%22event_action_history%22%3A%5b%7B%22mechanism%22%3A%22attachment_media%22%2C%22surface%22%3A%22newsfeed%22%7D%5d%2C%22ref_notif_type%22%3Anull%7D\" rel=\"nofollow noopener\" target=\"_blank\">enlace<\/a>.<\/p>\n<p>\u00a0<\/p>\n<p align=\"center\"><strong>Sigue el\u00a0<a href=\"https:\/\/whatsapp.com\/channel\/0029VaCprxVBA1f555USvT2O\" target=\"_blank\" rel=\"nofollow noopener\">Canal de RAFABASA.COM en WhatsApp<\/a>, donde encontrar\u00e1s todas nuestras novedades al instante<\/strong><\/p>\n<p>\u00a0<\/p>\n<p>\u00a0<\/p>\n<p>&#13;<\/p>\n<tr>&#13;<\/p>\n<td width=\"50%\"><a href=\"https:\/\/www.eltridente.es\/97-deklibe\" target=\"_blank\" rel=\"noopener nofollow\"><img loading=\"lazy\" decoding=\"async\" src=\"https:\/\/www.europesays.com\/es\/wp-content\/uploads\/2026\/02\/banner_delalma16_02_26.jpg\" alt=\"DELALMA\" width=\"216\" height=\"259\"\/><\/a><\/td>\n<p>&#13;<\/p>\n<td width=\"50%\"><a href=\"https:\/\/www.nurcrytheband.com\/\" target=\"_blank\" rel=\"noopener nofollow\"><img loading=\"lazy\" decoding=\"async\" src=\"https:\/\/www.europesays.com\/es\/wp-content\/uploads\/2026\/02\/banner_nurcry_gira11_02_26.jpg\" alt=\"NURCRY - Gira 2026\" width=\"216\" height=\"318\"\/><\/a><\/td>\n<p>&#13;<br \/>\n  <\/tr>\n<p>&#13;<\/p>\n<p>&#13;<\/p>\n<tr>&#13;<\/p>\n<td width=\"50%\"><a href=\"https:\/\/mutick.com\/e\/entradas-sobredosis-madrid\" target=\"_blank\" rel=\"noopener nofollow\"><img loading=\"lazy\" decoding=\"async\" src=\"https:\/\/www.europesays.com\/es\/wp-content\/uploads\/2026\/02\/banner_sobredosis_madrid11_02_26.jpg\" alt=\"SOBREDOSIS Madrid 2026\" width=\"216\" height=\"270\"\/><\/a><\/td>\n<p>&#13;<\/p>\n<td width=\"50%\"><a href=\"https:\/\/bipbipticket.com\/home\/lostwingman\" target=\"_blank\" rel=\"noopener nofollow\"><img loading=\"lazy\" decoding=\"async\" src=\"https:\/\/www.europesays.com\/es\/wp-content\/uploads\/2026\/02\/lost_wingman_madrid_marzo29_01_26.jpg\" alt=\"LOST WIGMAN + G\u00dcRU 6 Marzo Madrid 2026\" width=\"216\" height=\"321\"\/><\/a><\/td>\n<p>&#13;<br \/>\n  <\/tr>\n<p>&#13;<\/p>\n<p>&#13;<\/p>\n<tr>&#13;<\/p>\n<td width=\"50%\"><a href=\" https:\/\/entradium.com\/es\" target=\"_blank\" rel=\"noopener\"><img loading=\"lazy\" decoding=\"async\" src=\"https:\/\/www.europesays.com\/es\/wp-content\/uploads\/2026\/02\/banner_zenobia_gira18_01_26.jpg\" alt=\"ZENOBIA - Gira 2026\" width=\"216\" height=\"270\"\/><\/a><\/td>\n<p>&#13;<\/p>\n<td width=\"50%\"><a href=\"https:\/\/www.leyendasdelrockfestival.com\/tickets\/\" rel=\"nofollow noopener\" target=\"_blank\"><img loading=\"lazy\" decoding=\"async\" src=\"https:\/\/www.europesays.com\/es\/wp-content\/uploads\/2026\/01\/banner_leyendas08_12_25.jpg\" alt=\"LEYENDAS DEL ROCK 2026\" width=\"216\" height=\"270\"\/><\/a><\/td>\n<p>&#13;<br \/>\n  <\/tr>\n<p>&#13;<\/p>\n<p>        <script async src=\"\/\/www.instagram.com\/embed.js\"><\/script><\/p>\n","protected":false},"excerpt":{"rendered":"\u00a0 Nuevas fechas de MAGO DE OZ \u2013 ARS AMANDI en Sevilla \u2013 Sexitanian Fest. MAGO DE OZ&hellip;\n","protected":false},"author":2,"featured_media":401178,"comment_status":"","ping_status":"","sticky":false,"template":"","format":"standard","meta":{"footnotes":""},"categories":[170],"tags":[45460,146,147,25,24,4333,184,185,86571,23],"class_list":["post-401177","post","type-post","status-publish","format-standard","has-post-thumbnail","category-musica","tag-ars-amandi","tag-entertainment","tag-entretenimiento","tag-es","tag-espana","tag-mago-de-oz","tag-music","tag-musica","tag-sexitanian-fes","tag-spain"],"share_on_mastodon":{"url":"https:\/\/pubeurope.com\/@es\/116082738915313539","error":""},"_links":{"self":[{"href":"https:\/\/www.europesays.com\/es\/wp-json\/wp\/v2\/posts\/401177","targetHints":{"allow":["GET"]}}],"collection":[{"href":"https:\/\/www.europesays.com\/es\/wp-json\/wp\/v2\/posts"}],"about":[{"href":"https:\/\/www.europesays.com\/es\/wp-json\/wp\/v2\/types\/post"}],"author":[{"embeddable":true,"href":"https:\/\/www.europesays.com\/es\/wp-json\/wp\/v2\/users\/2"}],"replies":[{"embeddable":true,"href":"https:\/\/www.europesays.com\/es\/wp-json\/wp\/v2\/comments?post=401177"}],"version-history":[{"count":0,"href":"https:\/\/www.europesays.com\/es\/wp-json\/wp\/v2\/posts\/401177\/revisions"}],"wp:featuredmedia":[{"embeddable":true,"href":"https:\/\/www.europesays.com\/es\/wp-json\/wp\/v2\/media\/401178"}],"wp:attachment":[{"href":"https:\/\/www.europesays.com\/es\/wp-json\/wp\/v2\/media?parent=401177"}],"wp:term":[{"taxonomy":"category","embeddable":true,"href":"https:\/\/www.europesays.com\/es\/wp-json\/wp\/v2\/categories?post=401177"},{"taxonomy":"post_tag","embeddable":true,"href":"https:\/\/www.europesays.com\/es\/wp-json\/wp\/v2\/tags?post=401177"}],"curies":[{"name":"wp","href":"https:\/\/api.w.org\/{rel}","templated":true}]}}