{"id":401669,"date":"2026-02-17T06:07:12","date_gmt":"2026-02-17T06:07:12","guid":{"rendered":"https:\/\/www.europesays.com\/es\/401669\/"},"modified":"2026-02-17T06:07:12","modified_gmt":"2026-02-17T06:07:12","slug":"mas-estadounidenses-consideran-que-bad-bunny-encarna-mejor-los-valores-de-estados-unidos-que-donald-trump","status":"publish","type":"post","link":"https:\/\/www.europesays.com\/es\/401669\/","title":{"rendered":"M\u00e1s estadounidenses consideran que Bad Bunny encarna mejor los valores de Estados Unidos que Donald Trump"},"content":{"rendered":"<p class=\"\">Donald Trump es el presidente de Estados Unidos, pero la poblaci\u00f3n piensa que Bad Bunny encarna mejor los valores estadounidenses. De acuerdo con una encuesta publicada por Yahoo y YouGov, empresa especializada en estudios de mercado, el artista refleja mejor al pa\u00eds norteamericano, con un 42% de respuestas positivas, frente al <a href=\"https:\/\/elpais.com\/america\/2026-02-15\/las-alianzas-de-cuba-se-resquebrajan-en-el-mundo-de-trump.html\" target=\"_self\" rel=\"nofollow noopener\" title=\"https:\/\/elpais.com\/america\/2026-02-15\/las-alianzas-de-cuba-se-resquebrajan-en-el-mundo-de-trump.html\">mandatario republicano<\/a>, que tuvo un 39%. El estudio se realiz\u00f3 d\u00edas despu\u00e9s de la presentaci\u00f3n del puertorrique\u00f1o en el medio tiempo del Super Bowl LX, que se celebr\u00f3 el domingo 8 de febrero. <\/p>\n<p class=\"\">Trump dijo en sus redes sociales que el show hab\u00eda sido uno de los peores de la historia. \u201cEs un agravio a la grandeza de Estados Unidos, y no representa nuestros valores de \u00e9xito, creatividad y excelencia. Nadie entiende una palabra de lo que dice este tipo y los bailes son desagradables, especialmente para los ni\u00f1os\u201d. Pero los n\u00fameros dicen lo contrario. <\/p>\n<p class=\"\">La diferencia partidista es marcada. El 78% de quienes se identifican como dem\u00f3cratas ven con buenos ojos al Conejo Malo y solo el 7% lo rechaza. Por otro lado, entre quienes <a href=\"https:\/\/elpais.com\/internacional\/2026-02-12\/golpe-del-congreso-a-trump-rechaza-los-aranceles-a-canada-con-el-apoyo-de-varios-republicanos.html\" target=\"_self\" rel=\"nofollow noopener\" title=\"https:\/\/elpais.com\/internacional\/2026-02-12\/golpe-del-congreso-a-trump-rechaza-los-aranceles-a-canada-con-el-apoyo-de-varios-republicanos.html\">se identifican como republicanos<\/a>, solo un 12% aprueba al boricua, frente a un 70% que lo rechaza. Entre los votantes independientes, el 46% vot\u00f3 a favor del artista, mientras que un 27% lo hizo por el presidente. <\/p>\n<p class=\"\"><a href=\"https:\/\/elpais.com\/expres\/2026-02-16\/super-bowl-bad-bunny-y-un-bar-de-brooklyn-por-que-13-minutos-desataron-un-terremoto-politico-y-cultural.html\" target=\"_self\" rel=\"nofollow noopener\" title=\"https:\/\/elpais.com\/expres\/2026-02-16\/super-bowl-bad-bunny-y-un-bar-de-brooklyn-por-que-13-minutos-desataron-un-terremoto-politico-y-cultural.html\">La actuaci\u00f3n de Bad Bunny en uno de los eventos m\u00e1s vistos en el mundo <\/a>tambi\u00e9n ha generado el incremento en el inter\u00e9s por aprender espa\u00f1ol y por viajar a la isla caribe\u00f1a. <a href=\"https:\/\/elpais.com\/us\/2026-02-10\/duolingo-registra-un-incremento-del-35-de-alumnos-de-espanol-tras-el-espectaculo-de-medio-tiempo-de-bad-bunny-en-el-super-bowl.html\" target=\"_self\" rel=\"nofollow noopener\" title=\"https:\/\/elpais.com\/us\/2026-02-10\/duolingo-registra-un-incremento-del-35-de-alumnos-de-espanol-tras-el-espectaculo-de-medio-tiempo-de-bad-bunny-en-el-super-bowl.html\">Duolingo<\/a>, una de las aplicaciones m\u00e1s populares en aprendizaje de idiomas, comparti\u00f3 en sus redes sociales una gr\u00e1fica que mostraba un incremento del 35% en alumnos de espa\u00f1ol minutos despu\u00e9s de que finaliz\u00f3 la presentaci\u00f3n del artista. <\/p>\n<p class=\"\">Por otro lado, Billboard, una revista semanal especializada en la industria musical, report\u00f3 que la b\u00fasqueda de informaci\u00f3n <a href=\"https:\/\/elpais.com\/us\/2026-01-29\/puerto-rico-en-estado-de-emergencia-ante-una-epidemia-de-influenza.html\" target=\"_self\" rel=\"nofollow noopener\" title=\"https:\/\/elpais.com\/us\/2026-01-29\/puerto-rico-en-estado-de-emergencia-ante-una-epidemia-de-influenza.html\">para viajar a Puerto Rico<\/a> se ha disparado un 245% despu\u00e9s del domingo 8 de febrero. Entre el lunes 9 y el mi\u00e9rcoles 11, el inter\u00e9s por visitar San Juan, la capital de la isla, fue de 240%, y por Vega Baja, la ciudad en la que naci\u00f3 \u201cBenito\u201d, fue de 1.450%.<\/p>\n<p class=\"\">El disgusto del presidente republicano, vociferado sin filtros como lo suele hacer, podr\u00eda jugarle en contra durante las elecciones al Congreso que se celebran en noviembre de este a\u00f1o. Donald Trump sac\u00f3 m\u00fasculo con el apoyo del voto latino en 2024. Trump super\u00f3 a su rival, la dem\u00f3crata Kamala Harris \u2014quien sustituy\u00f3 a un cansado Joe Biden en la contienda presidencial\u2014, en todos los condados con el 70% o m\u00e1s de poblaci\u00f3n de origen latino y aument\u00f3 su apoyo entre los hispanos de los siete Estados clave. Ahora, sin embargo, la ofensiva migratoria sumada a la ret\u00f3rica abiertamente xen\u00f3foba del presidente podr\u00eda pasarle factura. <\/p>\n<p class=\"\">Seg\u00fan ha reportado Forbes, \u201calgunos de los <a href=\"https:\/\/elpais.com\/america-colombia\/2026-02-16\/una-congresista-colombiana-afin-a-trump-denuncia-el-arresto-de-su-hijo-por-el-ice-lleva-20-dias-encadenado.html\" target=\"_self\" rel=\"nofollow noopener\" title=\"https:\/\/elpais.com\/america-colombia\/2026-02-16\/una-congresista-colombiana-afin-a-trump-denuncia-el-arresto-de-su-hijo-por-el-ice-lleva-20-dias-encadenado.html\">aliados latinos m\u00e1s ac\u00e9rrimos de Trump <\/a>calificaron los ataques contra la estrella musical como un paso en falso pol\u00edtico mientras el partido lucha por mantener su exigua mayor\u00eda en la C\u00e1mara de Representantes de Estados Unidos\u201d. La exfuncionaria de la administraci\u00f3n Trump, Vianca Rodr\u00edguez, de origen puertorrique\u00f1o, dijo para el mismo medio que estos ataques son da\u00f1inos para el Partido Republicano. <\/p>\n<p class=\"\">Bad Bunny lleva a\u00f1os siendo uno de los artistas m\u00e1s relevantes de la industria, pero sus primeros meses de 2026 pasar\u00e1n a los libros de historia: primer cantante en espa\u00f1ol nominado a mejor disco, mejor grabaci\u00f3n y mejor del a\u00f1o <a href=\"https:\/\/elpais.com\/cultura\/2026-02-02\/bad-bunny-rey-de-unos-grammy-2026-de-intenso-alegato-contra-trump-y-sus-politicas-migratorias.html\" target=\"_self\" rel=\"nofollow noopener\" title=\"https:\/\/elpais.com\/cultura\/2026-02-02\/bad-bunny-rey-de-unos-grammy-2026-de-intenso-alegato-contra-trump-y-sus-politicas-migratorias.html\">en la misma edici\u00f3n de los Grammy<\/a>; primer artista en hacer el espect\u00e1culo completo del medio tiempo de Super Bowl en espa\u00f1ol y el primero en llegar a este escenario cantando exclusivamente en espa\u00f1ol.<\/p>\n","protected":false},"excerpt":{"rendered":"Donald Trump es el presidente de Estados Unidos, pero la poblaci\u00f3n piensa que Bad Bunny encarna mejor los&hellip;\n","protected":false},"author":2,"featured_media":401670,"comment_status":"","ping_status":"","sticky":false,"template":"","format":"standard","meta":{"footnotes":""},"categories":[91],"tags":[889,505,1282,3061,208,352,146,147,25,24,2793,629,256,30471,17918,2247,23,46110],"class_list":["post-401669","post","type-post","status-publish","format-standard","has-post-thumbnail","category-entretenimiento","tag-america","tag-artistas","tag-bad-bunny","tag-cantantes","tag-conciertos","tag-donald-trump","tag-entertainment","tag-entretenimiento","tag-es","tag-espana","tag-espectaculos","tag-estados-unidos","tag-famosos","tag-partido-democrata-ee-uu","tag-partido-republicano-ee-uu","tag-puerto-rico","tag-spain","tag-super-bowl"],"share_on_mastodon":{"url":"https:\/\/pubeurope.com\/@es\/116084476641497563","error":""},"_links":{"self":[{"href":"https:\/\/www.europesays.com\/es\/wp-json\/wp\/v2\/posts\/401669","targetHints":{"allow":["GET"]}}],"collection":[{"href":"https:\/\/www.europesays.com\/es\/wp-json\/wp\/v2\/posts"}],"about":[{"href":"https:\/\/www.europesays.com\/es\/wp-json\/wp\/v2\/types\/post"}],"author":[{"embeddable":true,"href":"https:\/\/www.europesays.com\/es\/wp-json\/wp\/v2\/users\/2"}],"replies":[{"embeddable":true,"href":"https:\/\/www.europesays.com\/es\/wp-json\/wp\/v2\/comments?post=401669"}],"version-history":[{"count":0,"href":"https:\/\/www.europesays.com\/es\/wp-json\/wp\/v2\/posts\/401669\/revisions"}],"wp:featuredmedia":[{"embeddable":true,"href":"https:\/\/www.europesays.com\/es\/wp-json\/wp\/v2\/media\/401670"}],"wp:attachment":[{"href":"https:\/\/www.europesays.com\/es\/wp-json\/wp\/v2\/media?parent=401669"}],"wp:term":[{"taxonomy":"category","embeddable":true,"href":"https:\/\/www.europesays.com\/es\/wp-json\/wp\/v2\/categories?post=401669"},{"taxonomy":"post_tag","embeddable":true,"href":"https:\/\/www.europesays.com\/es\/wp-json\/wp\/v2\/tags?post=401669"}],"curies":[{"name":"wp","href":"https:\/\/api.w.org\/{rel}","templated":true}]}}