{"id":401675,"date":"2026-02-17T06:11:07","date_gmt":"2026-02-17T06:11:07","guid":{"rendered":"https:\/\/www.europesays.com\/es\/401675\/"},"modified":"2026-02-17T06:11:07","modified_gmt":"2026-02-17T06:11:07","slug":"la-exedil-de-mostoles-se-querella-contra-el-alcalde-y-contra-el-pp-por-acoso-sexual-y-laboral-y-otros-cuatro-delitos-mas-espana","status":"publish","type":"post","link":"https:\/\/www.europesays.com\/es\/401675\/","title":{"rendered":"La exedil de M\u00f3stoles se querella contra el alcalde y contra el PP por acoso sexual y laboral y otros cuatro delitos m\u00e1s | Espa\u00f1a"},"content":{"rendered":"<p class=\"\"><a href=\"https:\/\/elpais.com\/espana\/2026-02-04\/el-pp-de-madrid-presiono-a-una-edil-para-tapar-una-acusacion-de-acoso-contra-el-alcalde-de-mostoles-el-amparo-pasa-por-que-te-quites-de-la-cabeza-cualquier-denuncia.html\" target=\"_self\" rel=\"nofollow noopener\" title=\"https:\/\/elpais.com\/espana\/2026-02-04\/el-pp-de-madrid-presiono-a-una-edil-para-tapar-una-acusacion-de-acoso-contra-el-alcalde-de-mostoles-el-amparo-pasa-por-que-te-quites-de-la-cabeza-cualquier-denuncia.html\">La exedil de M\u00f3stoles<\/a> que pidi\u00f3 durante meses a los \u00f3rganos internos del Partido Popular que actuaran ante la situaci\u00f3n de acoso de la que aseguraba ser v\u00edctima por parte del alcalde, Manuel Bautista \u2014cuyo caso desvel\u00f3 EL PA\u00cdS\u2014, ha decidido finalmente acudir a los tribunales. Su letrado, <a href=\"https:\/\/suarezvaldes.es\/\" target=\"_self\" rel=\"nofollow noopener\" title=\"https:\/\/suarezvaldes.es\/\">Antonio Su\u00e1rez-Vald\u00e9s<\/a>, present\u00f3 este lunes en la Secci\u00f3n de lo Penal del Tribunal de Instancia de M\u00f3stoles (Madrid) una querella de 93 folios por presuntos delitos de acoso sexual y laboral, delito contra la integridad moral, lesiones, coacciones y revelaci\u00f3n de secretos. Los hechos se atribuyen tanto a Bautista como al propio Partido Popular como persona jur\u00eddica, en aplicaci\u00f3n del art\u00edculo 184.5 y 31 bis del C\u00f3digo Penal.<\/p>\n<p class=\"\">El caso, seg\u00fan el relato que ofreci\u00f3 la mujer ante el PP, comenz\u00f3 con proposiciones sexuales expl\u00edcitas y no deseadas por parte del alcalde y continu\u00f3 con la difusi\u00f3n de rumores falsos sobre una supuesta relaci\u00f3n afectivo-sexual entre ambos. Ese escenario habr\u00eda derivado en un clima de hostigamiento laboral que le impidi\u00f3 desempe\u00f1ar con normalidad sus funciones como concejala. La presi\u00f3n le afect\u00f3 tanto que acab\u00f3 entregando el acta y solicitando la baja como afiliada del partido, en el que militaba desde 2010. En este contexto, el escrito argumenta que concurrir\u00edan no solo conductas encuadrables en el delito de acoso sexual, sino tambi\u00e9n en el \u00e1mbito del acoso laboral y en el delito contra la integridad moral.<\/p>\n<p class=\"\">El escrito pide que declaren como testigos once personas, entre ellas la presidenta de la Comunidad de Madrid, Isabel D\u00edaz Ayuso; el secretario general del PP madrile\u00f1o, Alfonso Serrano; y la dirigente popular Ana Mill\u00e1n. La inclusi\u00f3n de estos nombres responde, seg\u00fan la defensa, al papel que desempe\u00f1aron en la gesti\u00f3n interna del caso una vez que la concejala puso en conocimiento del partido lo que estaba ocurriendo.<\/p>\n<p class=\"\">Durante meses, la entonces edil pidi\u00f3 al PP de Madrid que investigara los hechos y que se activaran los protocolos internos previstos para situaciones de acoso. Tras dirigirse al gabinete de la presidenta D\u00edaz Ayuso, fue remitida a su n\u00famero dos, Alfonso Serrano, quien a su vez design\u00f3 a Ana Mill\u00e1n como interlocutora con la concejala. En una reuni\u00f3n celebrada el 11 de marzo de 2024, a la que se incorpor\u00f3 m\u00e1s tarde Serrano, Mill\u00e1n trat\u00f3 de forma insistente de disuadir a la edil de acudir a los tribunales empleando expresiones como \u201cprotegerte es no hacer nada\u201d, \u201cuna denuncia p\u00fablica no te beneficiar\u00eda\u201d, \u201cayuda no es hacerlo p\u00fablico, eso te va a hundir\u201d, \u201cllegados a este punto en el que no puedes m\u00e1s y vas a denunciar, \u00bfde verdad que te merece la pena por tus hijos, por ti, por tu padre?\u201c, o \u201cen seis meses te han destruido psicol\u00f3gicamente\u201d. <\/p>\n<p class=\"\">La mujer no hizo p\u00fablica su denuncia en ese momento y continu\u00f3 solicitando al partido que actuara por la v\u00eda interna. Pero el PP madrile\u00f1o no adopt\u00f3 ninguna medida efectiva, seg\u00fan su relato. Finalmente acudi\u00f3 al Comit\u00e9 Nacional de Derechos y Garant\u00edas, \u00f3rgano encargado de velar por el cumplimiento de los estatutos del partido. Seg\u00fan la documentaci\u00f3n a la que ha tenido acceso EL PA\u00cdS, <a href=\"https:\/\/elpais.com\/espana\/2026-02-06\/el-pp-nacional-archivo-el-expediente-por-acoso-de-la-exedil-de-mostoles-sin-citar-a-la-victima.html\" target=\"_self\" rel=\"nofollow noopener\" title=\"https:\/\/elpais.com\/espana\/2026-02-06\/el-pp-nacional-archivo-el-expediente-por-acoso-de-la-exedil-de-mostoles-sin-citar-a-la-victima.html\">el expediente fue archivado sin escucharla<\/a>, sin citar a los testigos propuestos y sin que se le notificara el cierre del procedimiento. El asunto qued\u00f3 as\u00ed zanjado en el \u00e1mbito interno.<\/p>\n<p class=\"\">Cuando el caso trascendi\u00f3 p\u00fablicamente hace dos semanas, el PP de Madrid <a href=\"https:\/\/elpais.com\/espana\/2026-02-08\/historia-en-tres-actos-del-acoso-y-derribo-de-una-concejala-popular-de-mostoles.html\" target=\"_self\" rel=\"nofollow noopener\" title=\"https:\/\/elpais.com\/espana\/2026-02-08\/historia-en-tres-actos-del-acoso-y-derribo-de-una-concejala-popular-de-mostoles.html\">emprendi\u00f3 una estrategia de descr\u00e9dito contra la exedil<\/a>. En concreto, desde la Comunidad de Madrid <a href=\"https:\/\/elpais.com\/espana\/madrid\/2026-02-06\/el-equipo-de-ayuso-lanza-un-bulo-para-difamar-a-la-mujer-que-ha-denunciado-por-acoso-sexual-a-un-alcalde-del-pp.html\" target=\"_self\" rel=\"nofollow noopener\" title=\"https:\/\/elpais.com\/espana\/madrid\/2026-02-06\/el-equipo-de-ayuso-lanza-un-bulo-para-difamar-a-la-mujer-que-ha-denunciado-por-acoso-sexual-a-un-alcalde-del-pp.html\">se difundi\u00f3 informaci\u00f3n tergiversada<\/a> y fueron enviados a los medios los correos electr\u00f3nicos que se hab\u00eda intercambiado con la Comunidad de Madrid. En uno de ellos aparec\u00eda su identidad. Desde el gabinete de presidencia se dijo que hab\u00eda sido un \u201cerror\u201d. Estas actuaciones, seg\u00fan el letrado Su\u00e1rez Vald\u00e9s, podr\u00edan encuadrarse en un delito de revelaci\u00f3n de secretos.<\/p>\n<p class=\"\">\u201cLa querella se sustenta en un nutrido soporte probatorio con el que se pretender\u00e1 acreditar la existencia, primero, de la presunta solicitud de favores de tipo sexual a la v\u00edctima por parte del querellado\u201d, se\u00f1ala el abogado en un comunicado, \u201cy, segundo, ante el rechazo de esta, del desarrollo de un presunto patr\u00f3n sistem\u00e1tico de hostigamiento y abuso de superioridad jer\u00e1rquica con el presunto objetivo de aislar e invisibilizar profesionalmente a nuestra defendida\u201d.<\/p>\n<p class=\"\">El letrado denuncia tambi\u00e9n el \u201csilencio institucional. \u201dLa omisi\u00f3n primero y el fracaso despu\u00e9s de los mecanismos internos de protecci\u00f3n de la v\u00edctima y la ausencia de respuesta institucional por parte del PP han obligado a nuestra representada a buscar amparo directo en la v\u00eda penal\u00bb, se\u00f1ala en su comunicado. \u201cEl silencio ante el abuso de poder constituye, en s\u00ed mismo, una forma de revictimizaci\u00f3n y la ausencia de adecuada implantaci\u00f3n de los protocolos de protecci\u00f3n frente al acoso por parte de las personas jur\u00eddicas puede generar su responsabilidad penal directa por los hechos acaecidos en el seno de sus organizaciones\u201d.<\/p>\n<p class=\"\">Su\u00e1rez-Vald\u00e9s est\u00e1 especializado en casos de acoso en entornos institucionales y jer\u00e1rquicos de la funci\u00f3n p\u00fablica. Llev\u00f3 el caso de la exmilitar Zaida Cantera, que denunci\u00f3 por acoso sexual a un coronel, superior jer\u00e1rquico, cuando ambos estaban destinados en el Ej\u00e9rcito de Tierra, un procedimiento que concluy\u00f3 con condena en la jurisdicci\u00f3n militar en 2012. El abogado asegura que su despacho recibe con frecuencia denuncias de este tipo, pero que solo asume los casos en los que aprecia una credibilidad plena del relato, circunstancia que, afirma, concurre en este asunto.<\/p>\n<p class=\"\">Hasta ahora, las denuncias de la exconcejal se hab\u00edan limitado a los cauces internos del partido, tal como adelant\u00f3 este peri\u00f3dico. Solo hab\u00eda denunciado <a href=\"https:\/\/elpais.com\/espana\/2026-02-07\/la-exedil-de-mostoles-denuncio-el-borrado-de-su-email-oficial-por-el-entorno-del-partido-popular-de-madrid.html\" target=\"_self\" rel=\"nofollow noopener\" title=\"https:\/\/elpais.com\/espana\/2026-02-07\/la-exedil-de-mostoles-denuncio-el-borrado-de-su-email-oficial-por-el-entorno-del-partido-popular-de-madrid.html\">el borrado de los mensajes almacenados en su correo electr\u00f3nico<\/a> oficial \u2014con dominio @madrid.org\u2014 en noviembre de 2024. El Juzgado de Instrucci\u00f3n n\u00famero 1 de M\u00f3stoles archiv\u00f3 esa causa en febrero de 2025. La exedil recurri\u00f3 ante la Audiencia Provincial, que a\u00fan no se ha pronunciado. <\/p>\n<p>M\u00e1s informaci\u00f3n<\/p>\n","protected":false},"excerpt":{"rendered":"La exedil de M\u00f3stoles que pidi\u00f3 durante meses a los \u00f3rganos internos del Partido Popular que actuaran ante&hellip;\n","protected":false},"author":2,"featured_media":401676,"comment_status":"","ping_status":"","sticky":false,"template":"","format":"standard","meta":{"footnotes":""},"categories":[8],"tags":[46039,10239,17,18,1467,25,24,13,14,11,19,20,83673,28616,9,10,15,16,956,18514,23,12,493,21,22],"class_list":["post-401675","post","type-post","status-publish","format-standard","has-post-thumbnail","category-espana","tag-acoso-laboral","tag-acoso-sexual","tag-breaking-news","tag-breakingnews","tag-comunidad-de-madrid","tag-es","tag-espana","tag-featured-news","tag-featurednews","tag-headlines","tag-latest-news","tag-latestnews","tag-manuel-bautista","tag-mostoles","tag-news","tag-noticias","tag-noticias-destacadas","tag-noticiasdestacadas","tag-pp","tag-pp-madrid","tag-spain","tag-titulares","tag-tribunales","tag-ultimas-noticias","tag-ultimasnoticias"],"share_on_mastodon":{"url":"https:\/\/pubeurope.com\/@es\/116084492441924193","error":""},"_links":{"self":[{"href":"https:\/\/www.europesays.com\/es\/wp-json\/wp\/v2\/posts\/401675","targetHints":{"allow":["GET"]}}],"collection":[{"href":"https:\/\/www.europesays.com\/es\/wp-json\/wp\/v2\/posts"}],"about":[{"href":"https:\/\/www.europesays.com\/es\/wp-json\/wp\/v2\/types\/post"}],"author":[{"embeddable":true,"href":"https:\/\/www.europesays.com\/es\/wp-json\/wp\/v2\/users\/2"}],"replies":[{"embeddable":true,"href":"https:\/\/www.europesays.com\/es\/wp-json\/wp\/v2\/comments?post=401675"}],"version-history":[{"count":0,"href":"https:\/\/www.europesays.com\/es\/wp-json\/wp\/v2\/posts\/401675\/revisions"}],"wp:featuredmedia":[{"embeddable":true,"href":"https:\/\/www.europesays.com\/es\/wp-json\/wp\/v2\/media\/401676"}],"wp:attachment":[{"href":"https:\/\/www.europesays.com\/es\/wp-json\/wp\/v2\/media?parent=401675"}],"wp:term":[{"taxonomy":"category","embeddable":true,"href":"https:\/\/www.europesays.com\/es\/wp-json\/wp\/v2\/categories?post=401675"},{"taxonomy":"post_tag","embeddable":true,"href":"https:\/\/www.europesays.com\/es\/wp-json\/wp\/v2\/tags?post=401675"}],"curies":[{"name":"wp","href":"https:\/\/api.w.org\/{rel}","templated":true}]}}