{"id":402595,"date":"2026-02-17T18:46:10","date_gmt":"2026-02-17T18:46:10","guid":{"rendered":"https:\/\/www.europesays.com\/es\/402595\/"},"modified":"2026-02-17T18:46:10","modified_gmt":"2026-02-17T18:46:10","slug":"al-pacino-francis-ford-coppola-robert-de-niro-y-otras-estrellas-despiden-a-robert-duvall-uno-de-los-mejores","status":"publish","type":"post","link":"https:\/\/www.europesays.com\/es\/402595\/","title":{"rendered":"Al Pacino, Francis Ford Coppola, Robert De Niro y otras estrellas despiden a Robert Duvall: \u201cUno de los mejores\u201d"},"content":{"rendered":"<p class=\"mb-4 text-lg md:leading-8 break-words\"><b>Hollywood despide con dolor a Robert Duvall<\/b>, leyenda del cine, quien <b>falleci\u00f3 este domingo a los 95 a\u00f1os<\/b>. La noticia de su partida provoc\u00f3 una catarata de mensajes de colegas y amigos que celebraron su talento y legado.<\/p>\n<p class=\"mb-4 text-lg md:leading-8 break-words\">La confirmaci\u00f3n de su muerte lleg\u00f3 a trav\u00e9s de su esposa, la actriz argentina Luciana Pedraza, quien inform\u00f3 a trav\u00e9s de las redes sociales del actor: \u201c<b>Ayer despedimos a mi amado esposo, querido amigo y uno de los mejores actores de nuestro tiempo. Bob falleci\u00f3 pac\u00edficamente en casa, rodeado de amor y comodidad<\/b>\u201d, expres\u00f3.<\/p>\n<p><img alt=\"El actor y director estadounidense Robert Duvall junto a su esposa, la actriz Luciana Pedraza, en 2003\" loading=\"lazy\" width=\"768\" height=\"504\" decoding=\"async\" data-nimg=\"1\" class=\"rounded-lg\" style=\"color:transparent\" src=\"https:\/\/www.europesays.com\/es\/wp-content\/uploads\/2026\/02\/f6d2b90a800f8314cff6e1be6d59542f.jpeg\"\/><\/p>\n<p>El actor y director estadounidense Robert Duvall junto a su esposa, la actriz Luciana Pedraza, en 2003 &#8211; Cr\u00e9ditos: @Mariana Araujo<\/p>\n<p class=\"mb-4 text-lg md:leading-8 break-words\">Ganador del Oscar y nominado en siete ocasiones, Duvall marc\u00f3 un hito en la industria del cine por su desempe\u00f1o en distintos papeles para la pantalla grande. Fue candidato al premio de la Academia por su rol del abogado Tom Hagen en El Padrino, al tiempo que brill\u00f3 como protagonista, director y guionista en otros t\u00edtulos como El ap\u00f3stol.<\/p>\n<p class=\"mb-4 text-lg md:leading-8 break-words\">Reconocidas figuras que trabajaron a su lado le rindieron tributo con emotivos mensajes. <b>Francis Ford Coppola<\/b>, uno de los directores clave en su carrera, expres\u00f3: \u201cQu\u00e9 duro enterarse de la p\u00e9rdida de Robert Duvall. <b>Un actor extraordinario y una parte esencial de American Zoetrope [la productora fundada por Coppola] desde sus inicios<\/b>: Llueve sobre mi coraz\u00f3n, La conversaci\u00f3n, El padrino, El padrino II, Apocalypse Now, THX 1138, Asesinato a ritmo de tango\u201d.<\/p>\n<p class=\"mb-4 text-lg md:leading-8 break-words\"><b>Al Pacino<\/b>, quien comparti\u00f3 con el int\u00e9rprete en la saga de los Corleone en El Padrino, declar\u00f3 a la revista <a href=\"https:\/\/variety.com\/2026\/film\/news\/al-pacino-robert-de-niro-tribute-robert-duvall-1236664953\/\" rel=\"nofollow noopener\" target=\"_blank\" data-ylk=\"slk:Variety;elm:context_link;itc:0;sec:content-canvas\" class=\"link \">Variety<\/a>: \u201c<b>Fue un honor haber trabajado con \u00e9l. Era un actor nato, su conexi\u00f3n con el cine, su comprensi\u00f3n y su fenomenal talento siempre ser\u00e1n recordados. Lo extra\u00f1ar\u00e9<\/b>\u201d.<\/p>\n<p class=\"mb-4 text-lg md:leading-8 break-words\"><b>Robert De Niro<\/b> tambi\u00e9n se pronunci\u00f3 a trav\u00e9s de un c\u00e1lido mensaje: \u201c<b>Que Dios bendiga a Bobby. Ojal\u00e1 yo pueda vivir hasta los 95. Que descanse en paz<\/b>\u201c, manifest\u00f3. La actriz <b>Viola Davis<\/b>, quien trabaj\u00f3 con \u00e9l, se sum\u00f3 a las dedicatorias con palabras dirigidas al actor: \u201cTuve el honor de trabajar con vos en Viudas. Me qued\u00e9 maravillada. Siempre me impresionaron tus imponentes representaciones de hombres que eran a la vez tranquilos y poderosamente humanos. <b>Eras un gigante. Un \u00edcono. La grandeza nunca muere. Permanece como un regalo<\/b>. Descanse bien, se\u00f1or. Su nombre ser\u00e1 pronunciado. Que coros de \u00e1ngeles alegren tu descanso\u201d, escribi\u00f3.<\/p>\n<p class=\"mb-4 text-lg md:leading-8 break-words\">El actor <b>Walton Goggins<\/b>, quien particip\u00f3 en El Ap\u00f3stol, difundi\u00f3 un extenso mensaje sobre quien consideraba un gu\u00eda profesional. \u201c<b>Bobby Duvall, el mejor narrador de todos los tiempos, nos acaba de dejar. Fue mi amigo. Mi mentor<\/b>\u201d, expres\u00f3. Y sum\u00f3: \u201cLa luz celestial acaba de perder su brillo. Al menos para m\u00ed\u2026 He conservado estas fotos durante 30 a\u00f1os. Las tom\u00f3 el fot\u00f3grafo de rodaje en el set de El ap\u00f3stol, la pel\u00edcula que \u00e9l mismo escribi\u00f3 y dirigi\u00f3. Yo ten\u00eda 24 a\u00f1os. El privilegio de haber podido trabajar con este hombre, de haberlo conocido, sigue siendo la experiencia m\u00e1s importante de mi vida. Era mi estrella polar, mi h\u00e9roe\u201d.<\/p>\n<p class=\"mb-4 text-lg md:leading-8 break-words\"><b>Adam Sandler<\/b>, quien trabaj\u00f3 con \u00e9l en Garra, tambi\u00e9n lo despidi\u00f3 con palabras de afecto. \u201c<b>Muy divertido. Muy fuerte. Uno de los mejores actores que hemos tenido. Era un gran hombre con quien hablar y re\u00edr. Lo quer\u00eda much\u00edsimo.<\/b> Todos lo quer\u00edamos. Tiene tantas pel\u00edculas legendarias para elegir. V\u00e9anlas cuando puedan. Enviamos nuestras condolencias a su esposa Luciana y a toda su familia y amigos\u201d, destac\u00f3.<\/p>\n<p class=\"mb-4 text-lg md:leading-8 break-words\"><b>Michael Keaton<\/b>, su compa\u00f1ero en El diario, comparti\u00f3 una an\u00e9cdota \u00edntima: \u201cOtro amigo que se va. Actu\u00e9 con \u00e9l y nos hicimos amigos. Compartimos una gran tarde en mi porche hablando de caballos. <b>Era la grandeza personificada como actor<\/b>. QEPD, RD\u201d.<\/p>\n<p class=\"mb-4 text-lg md:leading-8 break-words\">El actor <b>Josh Gad <\/b>tambi\u00e9n expres\u00f3 su pesar: \u201cOtro d\u00eda. Otra p\u00e9rdida ic\u00f3nica e irremplazable. Duvall fue simplemente uno de los m\u00e1s grandes. Desde las pel\u00edculas de El Padrino hasta Apocalypse now, desde El Ap\u00f3stol hasta Matar a un ruise\u00f1or, no solo estuvo en el cine, sino que lo define a trav\u00e9s de las \u00e9pocas. QEPD\u201d.<\/p>\n<p class=\"mb-4 text-lg md:leading-8 break-words\"><b>Alec Baldwin<\/b>, por su parte, destac\u00f3 su impacto en la pantalla con un recuerdo concreto y se expres\u00f3 a trav\u00e9s de un video: \u201cDuvall, por supuesto, ocupa un lugar muy inusual en mi vida. Cuando hizo Matar a un ruise\u00f1or, simplemente fue demoledor. <b>En su interpretaci\u00f3n no usa ni una sola palabra y te deja at\u00f3nito. Esas escenas con Duvall son simplemente impactantes<\/b>\u201d, opin\u00f3.<\/p>\n<p class=\"mb-4 text-lg md:leading-8 break-words\">El escritor <b>Stephen King<\/b> eligi\u00f3 una de sus frases m\u00e1s emblem\u00e1ticas en Apocalypse now ahora para despedirlo: \u201cMe encanta el olor del napalm en la ma\u00f1ana. Descansa en paz, Robert Duvall\u201d.<\/p>\n<p class=\"mb-4 text-lg md:leading-8 break-words\">El director <b>Scott Cooper<\/b>, quien lo dirigi\u00f3 en Loco Coraz\u00f3n y Los cr\u00edmenes de la academia, lo defini\u00f3 como \u201csu mentor art\u00edstico m\u00e1s importante\u201d y se\u00f1al\u00f3: \u201cProdujo y actu\u00f3 en mi primera pel\u00edcula y, desde ese momento, ley\u00f3 casi todos los guiones que escrib\u00ed, ofreci\u00e9ndome su sabidur\u00eda y su creencia inquebrantable en m\u00ed. <b>Fue mi defensor m\u00e1s feroz, no con grandes gestos, sino con honestidad, rigor y amor por el trabajo en s\u00ed mismo<\/b>\u201d.<\/p>\n<p class=\"mb-4 text-lg md:leading-8 break-words\"><b>Ted Sarandos<\/b>, director de Netflix, afirm\u00f3: \u201cSer un actor capaz de robarse todas las escenas en algunas de las mejores pel\u00edculas jam\u00e1s realizadas y seguir siendo un protagonista capaz de llevar adelante pel\u00edculas grandes y peque\u00f1as no es poca cosa en Hollywood. Robert Duvall era ese tipo de actor y ese tipo de estrella. <b>Hoy hemos perdido a uno de los grandes, pero, por suerte, siempre nos quedar\u00e1n Tom Hagen, el teniente coronel Bill Kilgore, Bull Meechum, Mac Sledge y todos los grandes personajes que inmortaliz\u00f3 para nosotros<\/b>\u201d.<\/p>\n<p class=\"mb-4 text-lg md:leading-8 break-words\"><b>Jane Seymour<\/b> tambi\u00e9n se expres\u00f3 en las redes sociales: \u201cHay actores que act\u00faan y hay actores que encarnan un papel por completo. Robert Duvall hizo esto \u00faltimo. <b>Su presencia en pantalla transmit\u00eda honestidad, peso y gracia<\/b>\u201d.<\/p>\n<p class=\"mb-4 text-lg md:leading-8 break-words\">Entre otras celebridades, <b>Jamie Lee Curtis<\/b> expres\u00f3 asimismo su dolor por la partida del actor: \u201c<b>El mejor consigliere que la pantalla haya visto jam\u00e1s. Bravo, Robert Duvall<\/b>\u201c, escribi\u00f3 junto a una imagen del actor.<\/p>\n","protected":false},"excerpt":{"rendered":"Hollywood despide con dolor a Robert Duvall, leyenda del cine, quien falleci\u00f3 este domingo a los 95 a\u00f1os.&hellip;\n","protected":false},"author":2,"featured_media":402596,"comment_status":"","ping_status":"","sticky":false,"template":"","format":"standard","meta":{"footnotes":""},"categories":[91],"tags":[1339,1278,71427,86809,146,147,25,24,15204,86808,23281,86807,23],"class_list":["post-402595","post","type-post","status-publish","format-standard","has-post-thumbnail","category-entretenimiento","tag-actor","tag-adam-sandler","tag-al-pacino","tag-el-padrino","tag-entertainment","tag-entretenimiento","tag-es","tag-espana","tag-francis-ford-coppola","tag-luciana-pedraza","tag-robert-de-niro","tag-robert-duvall","tag-spain"],"share_on_mastodon":{"url":"https:\/\/pubeurope.com\/@es\/116087461480731580","error":""},"_links":{"self":[{"href":"https:\/\/www.europesays.com\/es\/wp-json\/wp\/v2\/posts\/402595","targetHints":{"allow":["GET"]}}],"collection":[{"href":"https:\/\/www.europesays.com\/es\/wp-json\/wp\/v2\/posts"}],"about":[{"href":"https:\/\/www.europesays.com\/es\/wp-json\/wp\/v2\/types\/post"}],"author":[{"embeddable":true,"href":"https:\/\/www.europesays.com\/es\/wp-json\/wp\/v2\/users\/2"}],"replies":[{"embeddable":true,"href":"https:\/\/www.europesays.com\/es\/wp-json\/wp\/v2\/comments?post=402595"}],"version-history":[{"count":0,"href":"https:\/\/www.europesays.com\/es\/wp-json\/wp\/v2\/posts\/402595\/revisions"}],"wp:featuredmedia":[{"embeddable":true,"href":"https:\/\/www.europesays.com\/es\/wp-json\/wp\/v2\/media\/402596"}],"wp:attachment":[{"href":"https:\/\/www.europesays.com\/es\/wp-json\/wp\/v2\/media?parent=402595"}],"wp:term":[{"taxonomy":"category","embeddable":true,"href":"https:\/\/www.europesays.com\/es\/wp-json\/wp\/v2\/categories?post=402595"},{"taxonomy":"post_tag","embeddable":true,"href":"https:\/\/www.europesays.com\/es\/wp-json\/wp\/v2\/tags?post=402595"}],"curies":[{"name":"wp","href":"https:\/\/api.w.org\/{rel}","templated":true}]}}