{"id":402784,"date":"2026-02-17T21:17:15","date_gmt":"2026-02-17T21:17:15","guid":{"rendered":"https:\/\/www.europesays.com\/es\/402784\/"},"modified":"2026-02-17T21:17:15","modified_gmt":"2026-02-17T21:17:15","slug":"me-dijeron-de-hacer-las-campanadas","status":"publish","type":"post","link":"https:\/\/www.europesays.com\/es\/402784\/","title":{"rendered":"Me dijeron de hacer las campanadas"},"content":{"rendered":"<p class=\"ft-text\">La Federaci\u00f3n Espa\u00f1ola de Baloncesto ha publicado este mi\u00e9rcoles, un d\u00eda antes del comienzo del Play In de la Euroliga, un v\u00eddeo en sus redes sociales en el <strong>que siguen a Mariona Ortiz, jugadora del Casademon<\/strong>t durante un d\u00eda cualquiera de la capitana del equipo aragon\u00e9s.<\/p>\n<p class=\"ft-text\">En \u00e9l, se puede ver a la catalana desde primera hora de la ma\u00f1ana. \u00ab<strong>No como nada para desayunar, me tomo un cafe\u00bb<\/strong>, dice Mariona, antes de reconocer que \u00abantes era m\u00e1s cuadriculada\u00bb con la alimentaci\u00f3n, pero que ahora <strong>\u00abtrato de llevar una dieta equilibrada sin obsesionarme\u00bb.<\/strong><\/p>\n<p class=\"ft-text\">En el Pr\u00edncipe Felipe, la capitana asegura que este a\u00f1o el Casademont \u00abha dado un paso m\u00e1s\u00bb y que ahora tienen una plantilla con 12 jugadoras de \u00abmucha calidad\u00bb. <strong>\u00abSiempre digo que tenemos muchas armas y eso nos hace m\u00e1s peligrosas. Tenemos un gen competitivo muy importante<\/strong>\u00ab, apunta una Mariona que asegura que su labor es transmitir a las nuevas \u00abla filosof\u00eda y la identidad\u00bb del equipo, as\u00ed como que \u00abse sientan como en casa\u00bb.<\/p>\n<p class=\"ft-text\">En el reportaje, Mariona tambi\u00e9n habla de \u00abla conexi\u00f3n especial\u00bb con la afici\u00f3n y el \u00abcrecimiento, la visibilidad y el impacto\u00bb que ha ganado el Casademont femenino gracias al seguimiento de los medios, en especial el de Arag\u00f3n TV que ofrece todos sus partidos. \u00abEs<strong> ejemplar, es una manera de conectar con gente a la que de otra manera no hubi\u00e9ramos llegado\u00bb, subraya.<\/strong> De hecho, la catalana reconoce que la televisi\u00f3n auton\u00f3mica<strong> \u00abme dijo de hacer las campanadas\u00bb<\/strong> hace dos a\u00f1os.<\/p>\n<p class=\"ft-text\">Como curiosidades, la capitan<strong>a explica que su perro se llama Benito por Bad Bunny<\/strong> y que ese nombre lo decidieron entre las jugadoras del Casademont, que adem\u00e1s suelen gastar bromas a Mariona con la posibilidad de ser madre. Adem\u00e1s, la jugadora reconoce que siempre intentan realizar una actividad fuera de la pista toda la plantilla antes de un partido importante y as\u00ed lo hicieron antes de viajar a Praga<\/p>\n","protected":false},"excerpt":{"rendered":"La Federaci\u00f3n Espa\u00f1ola de Baloncesto ha publicado este mi\u00e9rcoles, un d\u00eda antes del comienzo del Play In de&hellip;\n","protected":false},"author":2,"featured_media":402785,"comment_status":"","ping_status":"","sticky":false,"template":"","format":"standard","meta":{"footnotes":""},"categories":[269],"tags":[299,298,2511,5369,168,978,25,24,833,3923,1713,36732,5971,1922,23,167],"class_list":["post-402784","post","type-post","status-publish","format-standard","has-post-thumbnail","category-baloncesto","tag-baloncesto","tag-basketball","tag-casademont","tag-casademont-zaragoza","tag-deportes","tag-dia","tag-es","tag-espana","tag-euroliga","tag-federacion-espanola-de-baloncesto","tag-jugadora","tag-mariona","tag-ortiz","tag-redes-sociales","tag-spain","tag-sports"],"share_on_mastodon":{"url":"https:\/\/pubeurope.com\/@es\/116088054983172511","error":""},"_links":{"self":[{"href":"https:\/\/www.europesays.com\/es\/wp-json\/wp\/v2\/posts\/402784","targetHints":{"allow":["GET"]}}],"collection":[{"href":"https:\/\/www.europesays.com\/es\/wp-json\/wp\/v2\/posts"}],"about":[{"href":"https:\/\/www.europesays.com\/es\/wp-json\/wp\/v2\/types\/post"}],"author":[{"embeddable":true,"href":"https:\/\/www.europesays.com\/es\/wp-json\/wp\/v2\/users\/2"}],"replies":[{"embeddable":true,"href":"https:\/\/www.europesays.com\/es\/wp-json\/wp\/v2\/comments?post=402784"}],"version-history":[{"count":0,"href":"https:\/\/www.europesays.com\/es\/wp-json\/wp\/v2\/posts\/402784\/revisions"}],"wp:featuredmedia":[{"embeddable":true,"href":"https:\/\/www.europesays.com\/es\/wp-json\/wp\/v2\/media\/402785"}],"wp:attachment":[{"href":"https:\/\/www.europesays.com\/es\/wp-json\/wp\/v2\/media?parent=402784"}],"wp:term":[{"taxonomy":"category","embeddable":true,"href":"https:\/\/www.europesays.com\/es\/wp-json\/wp\/v2\/categories?post=402784"},{"taxonomy":"post_tag","embeddable":true,"href":"https:\/\/www.europesays.com\/es\/wp-json\/wp\/v2\/tags?post=402784"}],"curies":[{"name":"wp","href":"https:\/\/api.w.org\/{rel}","templated":true}]}}