{"id":402852,"date":"2026-02-17T22:16:05","date_gmt":"2026-02-17T22:16:05","guid":{"rendered":"https:\/\/www.europesays.com\/es\/402852\/"},"modified":"2026-02-17T22:16:05","modified_gmt":"2026-02-17T22:16:05","slug":"rusia-ucrania-y-ee-uu-cierran-en-ginebra-su-primera-jornada-de-dialogo","status":"publish","type":"post","link":"https:\/\/www.europesays.com\/es\/402852\/","title":{"rendered":"Rusia, Ucrania y EE.UU. cierran en Ginebra su primera jornada de di\u00e1logo"},"content":{"rendered":"<p>17\/02\/2026 a las 21:15h.<\/p>\n<p class=\"voc-save-news__paragraph\">Esta funcionalidad es s\u00f3lo para suscriptores<\/p>\n<p><a href=\"https:\/\/secure.abc.es\/suscripcion#vca=suscribete&amp;vso=abc&amp;vmc=on&amp;vli=comentarios-btn-flujo\" data-voc-vtm-id=\"comienzoSuscripcionON\" data-voc-vtm-info=\"btncomentar\" class=\"voc-btn voc-btn--w voc-btn--xs voc-save-news__btn\" rel=\"nofollow noopener\" target=\"_blank\"><br \/>\nSuscribete<br \/>\n<\/a><\/p>\n<p class=\"voc-p\" style=\"\">Ginebra, 17 feb (EFE).- Las delegaciones de Rusia, Ucrania y Estados Unidos concluyeron este martes la primera jornada de sus negociaciones trilaterales en Ginebra para intentar acercarse a un acuerdo de paz entre Mosc\u00fa y Kiev.  Las delegaciones empezaron a retirarse del hotel donde se  &#8230; reunieron durante toda la tarde, que dedicaron a tratar aspectos pol\u00edticos y militares, bloques sobre los cuales ma\u00f1ana se continuar\u00e1 debatiendo, seg\u00fan indic\u00f3 el negociador ucraniano, Rumtem Um\u00e9rov, a trav\u00e9s de la red social X. IM\u00c1GENES: ANTONIO BROTO. INCLUYE RECURSOS DE LAS INMEDIACIONES DEL HOTEL INTERCONTINENTAL Y DE LA SALIDA DE LA COMITIVA DE EEUU AL T\u00c9RMINO DE LA PRIMERA JORNADA DE SUS NEGOCIACIONES TRILATERALES EN GINEBRA, SUIZA.<\/p>\n<p>\nArt\u00edculo solo para suscriptores\n<\/p>\n<p>Reportar un error<\/p>\n<p class=\"voc-save-news__paragraph\">Esta funcionalidad es s\u00f3lo para suscriptores<\/p>\n<p><a href=\"https:\/\/secure.abc.es\/suscripcion#vca=suscribete&amp;vso=abc&amp;vmc=on&amp;vli=comentarios-btn-flujo\" data-voc-vtm-id=\"comienzoSuscripcionON\" data-voc-vtm-info=\"btncomentar\" class=\"voc-btn voc-btn--w voc-btn--xs voc-save-news__btn\" rel=\"nofollow noopener\" target=\"_blank\"><br \/>\nSuscribete<br \/>\n<\/a><\/p>\n","protected":false},"excerpt":{"rendered":"17\/02\/2026 a las 21:15h. Esta funcionalidad es s\u00f3lo para suscriptores Suscribete Ginebra, 17 feb (EFE).- Las delegaciones de&hellip;\n","protected":false},"author":2,"featured_media":402853,"comment_status":"","ping_status":"","sticky":false,"template":"","format":"standard","meta":{"footnotes":""},"categories":[42],"tags":[17,18,25663,24983,115,13,14,14798,11,61,62,63,64,293,19,20,9,10,15,16,1078,1614,12,7081,21,22,65,66,67],"class_list":["post-402852","post","type-post","status-publish","format-standard","has-post-thumbnail","category-internacional","tag-breaking-news","tag-breakingnews","tag-cierran","tag-dialogo","tag-eeuu","tag-featured-news","tag-featurednews","tag-ginebra","tag-headlines","tag-internacional","tag-international","tag-international-news","tag-internationalnews","tag-jornada","tag-latest-news","tag-latestnews","tag-news","tag-noticias","tag-noticias-destacadas","tag-noticiasdestacadas","tag-primera","tag-rusia","tag-titulares","tag-ucrania","tag-ultimas-noticias","tag-ultimasnoticias","tag-world","tag-world-news","tag-worldnews"],"share_on_mastodon":{"url":"https:\/\/pubeurope.com\/@es\/116088287082074621","error":""},"_links":{"self":[{"href":"https:\/\/www.europesays.com\/es\/wp-json\/wp\/v2\/posts\/402852","targetHints":{"allow":["GET"]}}],"collection":[{"href":"https:\/\/www.europesays.com\/es\/wp-json\/wp\/v2\/posts"}],"about":[{"href":"https:\/\/www.europesays.com\/es\/wp-json\/wp\/v2\/types\/post"}],"author":[{"embeddable":true,"href":"https:\/\/www.europesays.com\/es\/wp-json\/wp\/v2\/users\/2"}],"replies":[{"embeddable":true,"href":"https:\/\/www.europesays.com\/es\/wp-json\/wp\/v2\/comments?post=402852"}],"version-history":[{"count":0,"href":"https:\/\/www.europesays.com\/es\/wp-json\/wp\/v2\/posts\/402852\/revisions"}],"wp:featuredmedia":[{"embeddable":true,"href":"https:\/\/www.europesays.com\/es\/wp-json\/wp\/v2\/media\/402853"}],"wp:attachment":[{"href":"https:\/\/www.europesays.com\/es\/wp-json\/wp\/v2\/media?parent=402852"}],"wp:term":[{"taxonomy":"category","embeddable":true,"href":"https:\/\/www.europesays.com\/es\/wp-json\/wp\/v2\/categories?post=402852"},{"taxonomy":"post_tag","embeddable":true,"href":"https:\/\/www.europesays.com\/es\/wp-json\/wp\/v2\/tags?post=402852"}],"curies":[{"name":"wp","href":"https:\/\/api.w.org\/{rel}","templated":true}]}}