{"id":403048,"date":"2026-02-18T00:57:08","date_gmt":"2026-02-18T00:57:08","guid":{"rendered":"https:\/\/www.europesays.com\/es\/403048\/"},"modified":"2026-02-18T00:57:08","modified_gmt":"2026-02-18T00:57:08","slug":"el-congreso-de-peru-destituye-al-presidente-jose-jeri-por-mantener-reuniones-clandestinas-con-empresarios-chinos","status":"publish","type":"post","link":"https:\/\/www.europesays.com\/es\/403048\/","title":{"rendered":"El Congreso de Per\u00fa destituye al presidente Jose Jer\u00ed por mantener reuniones clandestinas con empresarios chinos"},"content":{"rendered":"<p><img decoding=\"async\" class=\"v-ath__i\" loading=\"lazy\" src=\"https:\/\/www.europesays.com\/es\/wp-content\/uploads\/2026\/02\/autor-3992-foto-1.jpeg\" alt=\"Paola Ugaz\"\/><\/p>\n<p>17\/02\/2026<\/p>\n<p>Actualizado 18\/02\/2026 &#8211; 01:45h.<\/p>\n<p class=\"v-d-p\" style=\"\"><a href=\"https:\/\/www.abc.es\/internacional\/jose-jeri-octavo-presidente-peru-2016-salpicado-20251010215108-nt.html\" target=\"_self\" data-voc-vtm-id=\"in-text-traffic\" title=\"Jos\u00e9 Jer\u00ed\" data-mrf-link=\"www.abc.es\" rel=\"nofollow noopener\">Jos\u00e9 Jer\u00ed<\/a>, el popular presidente de Per\u00fa, de 38 a\u00f1os, que imitaba al salvadore\u00f1o <strong>Nayib Bukele<\/strong> y promet\u00eda acabar con la inseguridad en el pa\u00eds fue destituido este martes por el Congreso por 75 votos a favor, 24 votos en contra y tres abstenciones.<\/p>\n<p class=\"v-d-p\" style=\"\">\u00abAl haberse aprobado las mociones contra el presidente, la mesa directiva declara la vacancia de cargo del presidente de la rep\u00fablica de Jose Jer\u00ed, en consecuencia se declara vacante el cargo\u00bb, dijo el presidente del Congreso, <strong>Fernando Rospigliosi<\/strong>, del partido Fuerza Popular.<\/p>\n<p class=\"v-d-p\" style=\"\">La elecci\u00f3n del nuevo presidente se realizar\u00e1 en la sesi\u00f3n del Congreso de este mi\u00e9rcoles. Se espera que no haya m\u00e1s sobresaltos pol\u00edticos porque el pr\u00f3ximo 12 de abril se celebrar\u00e1n nuevas elecciones, donde se elegir\u00e1 al pr\u00f3ximo mandatario y las C\u00e1maras de Senadores y Diputados.<\/p>\n<p class=\"v-d-p\" style=\"\">Los partidos pol\u00edticos que sostuvieron a Jer\u00ed hasta el final fueron el de <strong>Keiko Sof\u00eda Fujimori<\/strong>, que lidera Fuerza Popular, y Somos Per\u00fa, partido del que forma parte Jer\u00ed.<\/p>\n<p class=\"v-d-p\" style=\"\">En la sesi\u00f3n extraordinaria de este martes, el presidente, ausente en la sala, se enfrentaba a siete mociones de censura que le acusaban, principalmente, de sostener reuniones clandestinas con empresarios chinos que tienen contratos con el Estado, tambi\u00e9n le se\u00f1alaban por una presunta violaci\u00f3n a una joven en diciembre del 2024, as\u00ed como por contratar j\u00f3venes sin m\u00e9rito acad\u00e9mico, que trabajan para \u00e9l solo por sus relaciones personales.<\/p>\n<p class=\"v-d-p\" style=\"\">\u00abTenemos un presidente con una conducta vergonzosa, un presidente lobista que no merece el cargo\u00bb, dijo la congresista de la oposici\u00f3n Flor Pablo. Por su parte, Ed M\u00e1laga, tambi\u00e9n de la oposici\u00f3n, denunci\u00f3 que \u00abel presidente Jer\u00ed no ha entendido que la banda presidencial no es un artefacto para su satisfacci\u00f3n personal\u00bb.<\/p>\n<p class=\"v-d-p\" style=\"\">El \u00faltimo presidente que complet\u00f3 su mandato fue <strong>Ollanta Humala<\/strong> en 2016.<\/p>\n","protected":false},"excerpt":{"rendered":"17\/02\/2026 Actualizado 18\/02\/2026 &#8211; 01:45h. Jos\u00e9 Jer\u00ed, el popular presidente de Per\u00fa, de 38 a\u00f1os, que imitaba al&hellip;\n","protected":false},"author":2,"featured_media":403049,"comment_status":"","ping_status":"","sticky":false,"template":"","format":"standard","meta":{"footnotes":""},"categories":[42],"tags":[17,18,3374,11866,48978,13,14,11,61,62,63,64,86887,2467,19,20,86888,9,10,15,16,705,1461,5294,12,575,21,22,65,66,67],"class_list":["post-403048","post","type-post","status-publish","format-standard","has-post-thumbnail","category-internacional","tag-breaking-news","tag-breakingnews","tag-censura","tag-congreso","tag-destituye","tag-featured-news","tag-featurednews","tag-headlines","tag-internacional","tag-international","tag-international-news","tag-internationalnews","tag-jeri","tag-jose","tag-latest-news","tag-latestnews","tag-mociones","tag-news","tag-noticias","tag-noticias-destacadas","tag-noticiasdestacadas","tag-peru","tag-presidente","tag-siete","tag-titulares","tag-tras","tag-ultimas-noticias","tag-ultimasnoticias","tag-world","tag-world-news","tag-worldnews"],"share_on_mastodon":{"url":"","error":"Validation failed: Text character limit of 500 exceeded"},"_links":{"self":[{"href":"https:\/\/www.europesays.com\/es\/wp-json\/wp\/v2\/posts\/403048","targetHints":{"allow":["GET"]}}],"collection":[{"href":"https:\/\/www.europesays.com\/es\/wp-json\/wp\/v2\/posts"}],"about":[{"href":"https:\/\/www.europesays.com\/es\/wp-json\/wp\/v2\/types\/post"}],"author":[{"embeddable":true,"href":"https:\/\/www.europesays.com\/es\/wp-json\/wp\/v2\/users\/2"}],"replies":[{"embeddable":true,"href":"https:\/\/www.europesays.com\/es\/wp-json\/wp\/v2\/comments?post=403048"}],"version-history":[{"count":0,"href":"https:\/\/www.europesays.com\/es\/wp-json\/wp\/v2\/posts\/403048\/revisions"}],"wp:featuredmedia":[{"embeddable":true,"href":"https:\/\/www.europesays.com\/es\/wp-json\/wp\/v2\/media\/403049"}],"wp:attachment":[{"href":"https:\/\/www.europesays.com\/es\/wp-json\/wp\/v2\/media?parent=403048"}],"wp:term":[{"taxonomy":"category","embeddable":true,"href":"https:\/\/www.europesays.com\/es\/wp-json\/wp\/v2\/categories?post=403048"},{"taxonomy":"post_tag","embeddable":true,"href":"https:\/\/www.europesays.com\/es\/wp-json\/wp\/v2\/tags?post=403048"}],"curies":[{"name":"wp","href":"https:\/\/api.w.org\/{rel}","templated":true}]}}