{"id":403069,"date":"2026-02-18T01:16:11","date_gmt":"2026-02-18T01:16:11","guid":{"rendered":"https:\/\/www.europesays.com\/es\/403069\/"},"modified":"2026-02-18T01:16:11","modified_gmt":"2026-02-18T01:16:11","slug":"la-epidemia-de-miopia-en-menores-se-estudiara-en-burgos","status":"publish","type":"post","link":"https:\/\/www.europesays.com\/es\/403069\/","title":{"rendered":"La \u00abepidemia de miop\u00eda\u00bb en menores se estudiar\u00e1 en Burgos"},"content":{"rendered":"<p><a class=\"v-mdl-ath__fig-a\" href=\"https:\/\/www.burgosconecta.es\/autor\/burgosconecta-2120.html\" title=\"BURGOSconecta\" rel=\"nofollow noopener\" target=\"_blank\"><br \/>\n<img decoding=\"async\" class=\"v-mdl-ath__img\" src=\"https:\/\/www.europesays.com\/es\/wp-content\/uploads\/2026\/02\/autor-2120-foto-2.jpeg\" alt=\"BURGOSconecta\"\/><br \/>\n<\/a><\/p>\n<p class=\"v-mdl-ath__p v-mdl-ath__p--6\">\nMartes, 17 de febrero 2026, 11:25<\/p>\n<p class=\"v-p\">Burgos acoger\u00e1 los pr\u00f3ximos 19 y 20 de febrero las XIII Jornadas Nacionales de Oftalmolog\u00eda Pedi\u00e1trica, una cita cient\u00edfica de referencia que reunir\u00e1 a m\u00e1s de un centenar de especialistas con el objetivo de compartir conocimiento, analizar los \u00faltimos avances cl\u00ednicos y debatir los retos actuales en la salud visual infantil.<\/p>\n<p class=\"v-p\">El encuentro, que se celebrar\u00e1 en la Casa del Cord\u00f3n, cuenta con el respaldo de la Fundaci\u00f3n Cient\u00edfica del Colegio de M\u00e9dicos de Burgos, cuyo apoyo refuerza el compromiso institucional con la formaci\u00f3n continuada, la excelencia cient\u00edfica y la mejora de la pr\u00e1ctica m\u00e9dica basada en la evidencia.<\/p>\n<p>Un foro de m\u00e1xima calidad<\/p>\n<p class=\"v-p\">Las jornadas se han consolidado como uno de los principales espacios nacionales de actualizaci\u00f3n en oftalmolog\u00eda pedi\u00e1trica, destacando por el rigor cient\u00edfico de su programa y la participaci\u00f3n de profesionales l\u00edderes en investigaci\u00f3n y pr\u00e1ctica cl\u00ednica.<\/p>\n<p class=\"v-p\">Durante dos d\u00edas, los asistentes abordar\u00e1n la evoluci\u00f3n de la especialidad hacia un modelo basado en la medicina de precisi\u00f3n, la innovaci\u00f3n tecnol\u00f3gica y la prevenci\u00f3n temprana, pilares fundamentales para mejorar el diagn\u00f3stico y tratamiento de patolog\u00edas visuales en la infancia.<\/p>\n<p class=\"v-p\">Para la Fundaci\u00f3n Cient\u00edfica del Colegio de M\u00e9dicos de Burgos este tipo de encuentros contribuyen de forma directa a la la transferencia de conocimiento m\u00e9dico y posicionan a Burgos como un punto de referencia para la divulgaci\u00f3n cient\u00edfica sanitaria a nivel nacional.<\/p>\n<p>Innovaci\u00f3n terap\u00e9utica<\/p>\n<p class=\"v-p\">Uno de los ejes centrales del programa ser\u00e1 el control de la progresi\u00f3n de la miop\u00eda infantil, considerada actualmente un importante problema de salud p\u00fablica. Los expertos analizar\u00e1n las estrategias terap\u00e9uticas m\u00e1s avanzadas, entre ellas el uso de atropina en bajas concentraciones y las terapias combinadas que integran tratamiento farmacol\u00f3gico y lentes de dise\u00f1o \u00f3ptico especializado.<\/p>\n<p class=\"v-p\">Estas nuevas aproximaciones permiten intervenir de forma precoz sobre el crecimiento ocular, reduciendo el riesgo de complicaciones visuales futuras y mejorando el pron\u00f3stico a largo plazo de los pacientes pedi\u00e1tricos.<\/p>\n<p>Nuevas herramientas cl\u00ednicas<\/p>\n<p class=\"v-p\">El programa cient\u00edfico tambi\u00e9n abordar\u00e1 tecnolog\u00edas que est\u00e1n transformando la pr\u00e1ctica cl\u00ednica. Entre ellas, la Inteligencia Artificial, aplicada al cribado precoz de patolog\u00edas como la retinopat\u00eda del prematuro mediante sistemas automatizados de alta precisi\u00f3n diagn\u00f3stica.<\/p>\n<p class=\"v-p\">Asimismo, se hablar\u00e1 de terapias g\u00e9nicas, que abren nuevas posibilidades para enfermedades hereditarias previamente sin tratamiento efectivo; adem\u00e1s de nuevas terapias digitales, incluyendo realidad virtual y estrategias de dicopticidad para el tratamiento de la ambliop\u00eda, sustituyendo progresivamente m\u00e9todos tradicionales.<\/p>\n<p class=\"v-p\">Bajo la direcci\u00f3n cient\u00edfica del doctor Javier Jim\u00e9nez y la doctora Marta Gald\u00f3s, las jornadas contar\u00e1n con la participaci\u00f3n de reconocidos especialistas nacionales, consolidando un programa orientado a la excelencia acad\u00e9mica y la actualizaci\u00f3n cl\u00ednica multidisciplinar.<\/p>\n<p>Reporta un error<\/p>\n","protected":false},"excerpt":{"rendered":"Martes, 17 de febrero 2026, 11:25 Burgos acoger\u00e1 los pr\u00f3ximos 19 y 20 de febrero las XIII Jornadas&hellip;\n","protected":false},"author":2,"featured_media":403070,"comment_status":"","ping_status":"","sticky":false,"template":"","format":"standard","meta":{"footnotes":""},"categories":[92],"tags":[623,21303,25,24,24398,165,1567,29546,166,23],"class_list":["post-403069","post","type-post","status-publish","format-standard","has-post-thumbnail","category-salud","tag-burgos","tag-epidemia","tag-es","tag-espana","tag-estudiara","tag-health","tag-menores","tag-miopia","tag-salud","tag-spain"],"share_on_mastodon":{"url":"https:\/\/pubeurope.com\/@es\/116088994965044071","error":""},"_links":{"self":[{"href":"https:\/\/www.europesays.com\/es\/wp-json\/wp\/v2\/posts\/403069","targetHints":{"allow":["GET"]}}],"collection":[{"href":"https:\/\/www.europesays.com\/es\/wp-json\/wp\/v2\/posts"}],"about":[{"href":"https:\/\/www.europesays.com\/es\/wp-json\/wp\/v2\/types\/post"}],"author":[{"embeddable":true,"href":"https:\/\/www.europesays.com\/es\/wp-json\/wp\/v2\/users\/2"}],"replies":[{"embeddable":true,"href":"https:\/\/www.europesays.com\/es\/wp-json\/wp\/v2\/comments?post=403069"}],"version-history":[{"count":0,"href":"https:\/\/www.europesays.com\/es\/wp-json\/wp\/v2\/posts\/403069\/revisions"}],"wp:featuredmedia":[{"embeddable":true,"href":"https:\/\/www.europesays.com\/es\/wp-json\/wp\/v2\/media\/403070"}],"wp:attachment":[{"href":"https:\/\/www.europesays.com\/es\/wp-json\/wp\/v2\/media?parent=403069"}],"wp:term":[{"taxonomy":"category","embeddable":true,"href":"https:\/\/www.europesays.com\/es\/wp-json\/wp\/v2\/categories?post=403069"},{"taxonomy":"post_tag","embeddable":true,"href":"https:\/\/www.europesays.com\/es\/wp-json\/wp\/v2\/tags?post=403069"}],"curies":[{"name":"wp","href":"https:\/\/api.w.org\/{rel}","templated":true}]}}