{"id":403128,"date":"2026-02-18T02:03:08","date_gmt":"2026-02-18T02:03:08","guid":{"rendered":"https:\/\/www.europesays.com\/es\/403128\/"},"modified":"2026-02-18T02:03:08","modified_gmt":"2026-02-18T02:03:08","slug":"has-batido-los-records-del-programa","status":"publish","type":"post","link":"https:\/\/www.europesays.com\/es\/403128\/","title":{"rendered":"Has batido los r\u00e9cords del programa"},"content":{"rendered":"<p class=\"article-text\">\n        Este martes, 17 de febrero, <strong>Clara Galle y Paula Usero<\/strong> visitaron <strong>La Revuelta <\/strong>para promocionar <strong>Esa noche<\/strong>, la <a href=\"https:\/\/www.eldiario.es\/vertele\/videos\/trailers-y-avances\/netflix-lanza-trailer-completa-reparto-esa-noche-serie-clara-galle-claudia-salas-paula-usero_7_12986725.html\" target=\"_blank\" data-mrf-recirculation=\"links-noticia\" class=\"link\" rel=\"nofollow noopener\">nueva serie de Netflix<\/a> que protagonizan junto a <strong>Claudia Salas <\/strong>y que se estrenar\u00e1 el 13 de marzo.\n    <\/p>\n<p>    <a href=\"https:\/\/www.eldiario.es\/vertele\/noticias\/pablo-alboran-defendio-sanidad-publica-revuelta-habra-votar-les-ayudan_1_12996073.html\" data-mrf-recirculation=\"saber-mas\" data-dl-event=\"saber-mas\" rel=\"nofollow noopener\" target=\"_blank\"><\/p>\n<p class=\"know-more__title\">Pablo Albor\u00e1n defendi\u00f3 la sanidad p\u00fablica en &#8216;La Revuelta&#8217;: \u00abHabr\u00e1 que votar a aquellos que les ayudan\u00bb<\/p>\n<p>            <img decoding=\"async\" class=\"lazy\" loading=\"lazy\" data-src=\"https:\/\/static.eldiario.es\/clip\/5e959c8e-61bf-4869-b415-dc2d44f11845_16-9-aspect-ratio_default_0.jpg\" src=\"data:image\/svg+xml,%3Csvg xmlns=\" http:=\"\" viewbox=\"0 0 880 495\" alt=\"Pablo Albor\u00e1n defendi\u00f3 la sanidad p\u00fablica en 'La Revuelta': &quot;Habr\u00e1 que votar a aquellos que les ayudan&quot;\"\/><\/p>\n<p>                        <\/a><\/p>\n<p class=\"article-text\">\n        Las dos actrices explicaron que se trata de un <strong>thriller psicol\u00f3gico<\/strong>, compuesto por<strong>\u00a0seis episodios<\/strong>, que cuenta la historia de una madre soltera, joven e ingenua, que termina envuelta en un asesinato durante unas vacaciones.\n    <\/p>\n<p class=\"article-text\">\n        Con las int\u00e9rpretes en el teatro, el programa de <strong>RTVE<\/strong> vivi\u00f3 todo tipo de sensaciones: desde regalos frutales, hasta el mareo de la joven que ocupaba el bid\u00e9, las preguntas de campamento y las cl\u00e1sicas.\n    <\/p>\n<p class=\"article-text\">\n        Fueron estas \u00faltimas las que dejaron at\u00f3nito a<strong> David Broncano<\/strong> al escuchar las respuestas de sus invitadas. En cuanto al dinero, Usero asegur\u00f3 que Galle ten\u00eda \u201cmuch\u00edsimo m\u00e1s\u201d que ella: <strong>\u201cHa trabajado mucho, yo tambi\u00e9n, pero me han pagado peor\u201d<\/strong>. Algo que su compa\u00f1era acab\u00f3 confirmando: \u201cPuede ser, vale s\u00ed\u201d.\n    <\/p>\n<p class=\"article-text\">\n        Y al preguntar por el sexo, Usero dej\u00f3 boquiabierto al presentador al responder que en los <strong>\u00faltimos 30 d\u00edas sumaba 30 puntos<\/strong>. \u201cCada d\u00eda, hay d\u00edas que casi no duermo\u201d, confes\u00f3. Y aunque Broncano se lo tom\u00f3 a broma al principio, tambi\u00e9n Galle reforz\u00f3 la respuesta: \u201cEs que est\u00e1 in love ahora\u201d.\n    <\/p>\n<p class=\"article-text\">\n        Usero no se qued\u00f3 ah\u00ed, al recordar que la pregunta no solo sumaba puntos por el coito, si no por masturbaci\u00f3n, petting&#8230; ella interrumpi\u00f3: <strong>\u201cSumo m\u00e1s puntos, porque el sexo entre mujeres es diferente. Es mejor<\/strong>\u201d, dijo con una sonrisa.\n    <\/p>\n<blockquote class=\"twitter-tweet\" data-lang=\"es\"><p><a href=\"https:\/\/twitter.com\/X\/status\/2023882649962500227?ref_src=twsrc%5Etfw\" rel=\"nofollow noopener\" target=\"_blank\"><\/p><\/blockquote>\n<p class=\"article-text\">\n        A continuaci\u00f3n se explic\u00f3: <strong>\u201cEs m\u00e1s diverso\u201d, <\/strong>asegur\u00f3 refiri\u00e9ndose a m\u00e1s posturas y acciones. \u201cImag\u00ednate todo un d\u00eda. <strong>Pueden ser 45 puntos.<\/strong> Es que ni gym, ni pilates\u201d, brome\u00f3 con Galle.\n    <\/p>\n<p>    <a href=\"https:\/\/www.eldiario.es\/vertele\/noticias\/decomasters-sorprendio-expulsion-protagonistas-habeis-hecho-reir-llorar_1_12996070.html\" data-mrf-recirculation=\"saber-mas-abajo\" data-dl-event=\"saber-mas-abajo\" rel=\"nofollow noopener\" target=\"_blank\"><\/p>\n<p class=\"know-more__title\">&#8216;DecoMasters&#8217; sorprendi\u00f3 con la expulsi\u00f3n de dos de sus protagonistas: \u201cNos hab\u00e9is hecho re\u00edr y llorar\u201d<\/p>\n<p>            <img decoding=\"async\" class=\"lazy\" loading=\"lazy\" data-src=\"https:\/\/static.eldiario.es\/clip\/ed2849e1-2e9f-4534-a3d5-9720c5f68f77_16-9-aspect-ratio_default_0.jpg\" src=\"data:image\/svg+xml,%3Csvg xmlns=\" http:=\"\" viewbox=\"0 0 880 495\" alt=\"'DecoMasters' sorprendi\u00f3 con la expulsi\u00f3n de dos de sus protagonistas: &quot;Nos hab\u00e9is hecho re\u00edr y llorar&quot;\"\/><\/p>\n<p>                        <\/a><\/p>\n<p class=\"article-text\">\n        Finalmente, Broncano reaccion\u00f3 llegando a la siguiente conclusi\u00f3n: \u201cCreo que podemos estar ante la campeona. \u00a145, virgen santa, enhorabuena! <strong>Has batido los r\u00e9cords hist\u00f3ricos del programa en cuanto a relaciones sexuales\u201d<\/strong>, zanj\u00f3.\n    <\/p>\n<p>                                        <script async src=\"https:\/\/platform.twitter.com\/widgets.js\" charset=\"utf-8\"><\/script><\/p>\n","protected":false},"excerpt":{"rendered":"Este martes, 17 de febrero, Clara Galle y Paula Usero visitaron La Revuelta para promocionar Esa noche, la&hellip;\n","protected":false},"author":2,"featured_media":403129,"comment_status":"","ping_status":"","sticky":false,"template":"","format":"standard","meta":{"footnotes":""},"categories":[91],"tags":[50405,86909,13289,146,147,25,24,13331,5985,4044,8464,2145,5590,528,1601,23,86881],"class_list":["post-403128","post","type-post","status-publish","format-standard","has-post-thumbnail","category-entretenimiento","tag-asombro","tag-batido","tag-broncano","tag-entertainment","tag-entretenimiento","tag-es","tag-espana","tag-hablo","tag-has","tag-mujeres","tag-paula","tag-programa","tag-records","tag-revuelta","tag-sexo","tag-spain","tag-usero"],"share_on_mastodon":{"url":"https:\/\/pubeurope.com\/@es\/116089179553347425","error":""},"_links":{"self":[{"href":"https:\/\/www.europesays.com\/es\/wp-json\/wp\/v2\/posts\/403128","targetHints":{"allow":["GET"]}}],"collection":[{"href":"https:\/\/www.europesays.com\/es\/wp-json\/wp\/v2\/posts"}],"about":[{"href":"https:\/\/www.europesays.com\/es\/wp-json\/wp\/v2\/types\/post"}],"author":[{"embeddable":true,"href":"https:\/\/www.europesays.com\/es\/wp-json\/wp\/v2\/users\/2"}],"replies":[{"embeddable":true,"href":"https:\/\/www.europesays.com\/es\/wp-json\/wp\/v2\/comments?post=403128"}],"version-history":[{"count":0,"href":"https:\/\/www.europesays.com\/es\/wp-json\/wp\/v2\/posts\/403128\/revisions"}],"wp:featuredmedia":[{"embeddable":true,"href":"https:\/\/www.europesays.com\/es\/wp-json\/wp\/v2\/media\/403129"}],"wp:attachment":[{"href":"https:\/\/www.europesays.com\/es\/wp-json\/wp\/v2\/media?parent=403128"}],"wp:term":[{"taxonomy":"category","embeddable":true,"href":"https:\/\/www.europesays.com\/es\/wp-json\/wp\/v2\/categories?post=403128"},{"taxonomy":"post_tag","embeddable":true,"href":"https:\/\/www.europesays.com\/es\/wp-json\/wp\/v2\/tags?post=403128"}],"curies":[{"name":"wp","href":"https:\/\/api.w.org\/{rel}","templated":true}]}}