{"id":403280,"date":"2026-02-18T04:18:09","date_gmt":"2026-02-18T04:18:09","guid":{"rendered":"https:\/\/www.europesays.com\/es\/403280\/"},"modified":"2026-02-18T04:18:09","modified_gmt":"2026-02-18T04:18:09","slug":"la-celda-de-los-milagros-es-remake-donde-se-grabo-reparto-y-final-explicado","status":"publish","type":"post","link":"https:\/\/www.europesays.com\/es\/403280\/","title":{"rendered":"\u00bf\u2018La celda de los milagros\u2019 es remake? D\u00f3nde se grab\u00f3, reparto y final explicado"},"content":{"rendered":"<p class=\"font--secondary\"><b>\u201cLa celda de los milagros\u201d<\/b> es una pel\u00edcula dram\u00e1tica contempor\u00e1nea que ha logrado captar la atenci\u00f3n de las audiencias de habla hispana desde que lleg\u00f3 a los cines y plataformas de streaming. La pel\u00edcula narra la historia de H\u00e9ctor, un hombre con una discapacidad neurol\u00f3gica, interpretado por <b>Omar Chaparro.<\/b> Su vida gira en torno a su \u00fanica hija, Alma. Sin embargo, todo cambia de manera tr\u00e1gica cuando H\u00e9ctor es acusado injustamente del asesinato de una ni\u00f1a, en un caso que el sistema judicial manipula para encontrar un culpable f\u00e1cil. <\/p>\n<p class=\"font--secondary\">A pesar de las dificultades y su situaci\u00f3n, su inocencia, amor y bondad dejan una huella profunda en quienes lo rodean en la prisi\u00f3n, incluso transformando a sus compa\u00f1eros de celda. <\/p>\n<p><b>\u00bfRemake o historia original?<\/b> <\/p>\n<p class=\"font--secondary\">Esta pel\u00edcula que ha sido tendencia en los \u00faltimos d\u00edas es la versi\u00f3n mexicana de la cinta surcoreana Miracle in Cell No. 7 <b>(Milagro en la celda 7),<\/b> una historia que toc\u00f3 los corazones de personas en todo el mundo gracias a su mezcla de drama, humor y una carga emocional profunda. La adaptaci\u00f3n mexicana conserva la esencia de la historia original: un hombre con discapacidad intelectual es injustamente encarcelado y separado de su hija, y la trama se centra en el amor incondicional que se tienen y en la lucha por la justicia. <\/p>\n<p class=\"font--secondary\">Antes de que llegara la versi\u00f3n mexicana, la historia de <b>Milagro en la celda 7<\/b> ya hab\u00eda sido adaptada en varios pa\u00edses y estaba incluso disponible en Netflix. La versi\u00f3n original coreana mezclaba drama y comedia, la adaptaci\u00f3n turca tom\u00f3 un enfoque m\u00e1s dram\u00e1tico y cambi\u00f3 el final; la filipina se mantuvo m\u00e1s fiel a la historia coreana; y la indonesia ajust\u00f3 la trama al contexto legal y cultural de su pa\u00eds. <\/p>\n<p><img alt=\"Video Thumbnail\" width=\"100%\" height=\"auto\"\/><b>\u00bfD\u00f3nde se grab\u00f3 \u2018La celda de los milagros\u2019?<\/b> <\/p>\n<p class=\"font--secondary\">A diferencia de lo que muchos podr\u00edan imaginar, la pel\u00edcula mexicana no se film\u00f3 solo en el pa\u00eds azteca. La producci\u00f3n llev\u00f3 a cabo parte de su rodaje en Colombia, donde se recrearon tanto ambientes urbanos como rurales que reflejan el mundo de los personajes principales, como prisiones y las calles de un pueblo mexicano con realismo. <\/p>\n<p><b>Elenco de \u2018La celda de los milagros\u2019<\/b> <\/p>\n<ul class=\"\">\n<li>Omar Chaparro como H\u00e9ctor\u00a0<\/li>\n<li>Mariana Calder\u00f3n como Alma\u00a0<\/li>\n<li>Natalia Reyes como Ingrid\u00a0<\/li>\n<li>Sof\u00eda \u00c1lvarez como Yadira\u00a0<\/li>\n<li>Felipe Camargo Vargas como Sombrilla\u00a0<\/li>\n<li>Jorge A.\u00a0Jimenez\u00a0como Capit\u00e1n Avil\u00e9s\u00a0<\/li>\n<li>Arturo R\u00edos como Iv\u00e1n\u00a0<\/li>\n<li>Solkin\u00a0Ruz como el Guardia Garc\u00eda\u00a0<\/li>\n<li>Gustavo S\u00e1nchez Parra como El Tigre\u00a0<\/li>\n<li>Biassini\u00a0Segura como Pedro\u00a0<\/li>\n<li>Marco Trevi\u00f1o como el\u00a0Director\u00a0Navarro\u00a0\u00a0<\/li>\n<\/ul>\n<p class=\"font--secondary\"><a href=\"https:\/\/www.elespectador.com\/revista-vea\/\" rel=\"nofollow noopener\" title=\"https:\/\/www.elespectador.com\/revista-vea\/\" target=\"_blank\"><b>Descubre las principales noticias del entretenimiento en Colombia y el mundo dando clic aqu\u00ed<\/b><\/a><\/p>\n<p class=\"font--secondary\">El desenlace de La celda de los milagros revela que H\u00e9ctor, quien fue acusado injustamente y encarcelado, encuentra su final en prisi\u00f3n. Sin embargo, su amor y bondad logran trascender su sufrimiento. Su hija Alma contin\u00faa creciendo, y aquellos que compartieron su vida en la celda se ven transformados por su inocencia y humanidad. As\u00ed, ese espacio de encierro se convierte en un lugar donde la esperanza y el impacto de su coraz\u00f3n se sienten como un verdadero milagro. <\/p>\n<p class=\"font--secondary\">Queremos tener una comunicaci\u00f3n m\u00e1s directa con ustedes, por eso pensamos en crear un bolet\u00edn que puedan recibir en sus correos electr\u00f3nicos con contenido exclusivo, entrevistas, rese\u00f1as y toda la informaci\u00f3n actualizada sobre cine, far\u00e1ndula, m\u00fasica y m\u00e1s. Pronto estaremos al aire. <a href=\"https:\/\/docs.google.com\/forms\/d\/e\/1FAIpQLScvAsS6H2t8mW3Quiv4VPUVwrmUG1klSF0Tj1UEnr8Z6sEJ9g\/viewform?usp=header\" rel=\"nofollow noopener\" target=\"_blank\"><b>Si desean inscribirse, pueden registrarse en este enlace<\/b><\/a><b>.<\/b><\/p>\n","protected":false},"excerpt":{"rendered":"\u201cLa celda de los milagros\u201d es una pel\u00edcula dram\u00e1tica contempor\u00e1nea que ha logrado captar la atenci\u00f3n de las&hellip;\n","protected":false},"author":2,"featured_media":403281,"comment_status":"","ping_status":"","sticky":false,"template":"","format":"standard","meta":{"footnotes":""},"categories":[169],"tags":[177,146,147,25,24,176,86937,175,86938,23,13788],"class_list":["post-403280","post","type-post","status-publish","format-standard","has-post-thumbnail","category-cine","tag-cine","tag-entertainment","tag-entretenimiento","tag-es","tag-espana","tag-film","tag-la-celda-de-los-milagros","tag-movies","tag-omar-chaparro","tag-spain","tag-vea"],"share_on_mastodon":{"url":"https:\/\/pubeurope.com\/@es\/116089710374693082","error":""},"_links":{"self":[{"href":"https:\/\/www.europesays.com\/es\/wp-json\/wp\/v2\/posts\/403280","targetHints":{"allow":["GET"]}}],"collection":[{"href":"https:\/\/www.europesays.com\/es\/wp-json\/wp\/v2\/posts"}],"about":[{"href":"https:\/\/www.europesays.com\/es\/wp-json\/wp\/v2\/types\/post"}],"author":[{"embeddable":true,"href":"https:\/\/www.europesays.com\/es\/wp-json\/wp\/v2\/users\/2"}],"replies":[{"embeddable":true,"href":"https:\/\/www.europesays.com\/es\/wp-json\/wp\/v2\/comments?post=403280"}],"version-history":[{"count":0,"href":"https:\/\/www.europesays.com\/es\/wp-json\/wp\/v2\/posts\/403280\/revisions"}],"wp:featuredmedia":[{"embeddable":true,"href":"https:\/\/www.europesays.com\/es\/wp-json\/wp\/v2\/media\/403281"}],"wp:attachment":[{"href":"https:\/\/www.europesays.com\/es\/wp-json\/wp\/v2\/media?parent=403280"}],"wp:term":[{"taxonomy":"category","embeddable":true,"href":"https:\/\/www.europesays.com\/es\/wp-json\/wp\/v2\/categories?post=403280"},{"taxonomy":"post_tag","embeddable":true,"href":"https:\/\/www.europesays.com\/es\/wp-json\/wp\/v2\/tags?post=403280"}],"curies":[{"name":"wp","href":"https:\/\/api.w.org\/{rel}","templated":true}]}}